{"id":557420,"date":"2025-11-25T10:35:12","date_gmt":"2025-11-25T10:35:12","guid":{"rendered":"https:\/\/www.europesays.com\/fr\/557420\/"},"modified":"2025-11-25T10:35:12","modified_gmt":"2025-11-25T10:35:12","slug":"hugues-aufray-en-concert-a-marseille-02-12-2025-marseille","status":"publish","type":"post","link":"https:\/\/www.europesays.com\/fr\/557420\/","title":{"rendered":"Hugues Aufray en concert \u00e0 Marseille &#8211; 02\/12\/2025 &#8211; Marseille"},"content":{"rendered":"<p>\u00c0 95 ans, Hugues Aufray repart \u00ab en ballade \u00bb !<\/p>\n<p>&#13;<\/p>\n<p>\u00ab Moi, ma vie, c\u2019est de faire de la musique \u00bb, confie avec simplicit\u00e9 celui qui incarne le folk \u00e0 la fran\u00e7aise depuis plus de 60 ans, guitare en bandouli\u00e8re et chansons tendres en h\u00e9ritage.<\/p>\n<p>&#13;<\/p>\n<p>Avec sa nouvelle tourn\u00e9e, Hugues Aufray reprend la route, emportant dans ses bagages une collection de classiques ind\u00e9modables : \u00ab Santiano \u00bb, \u00ab C\u00e9line \u00bb, \u00ab Adieu monsieur le professeur \u00bb, \u00ab Le petit \u00e2ne gris \u00bb, \u00ab Hasta luego \u00bb ou encore \u00ab Stewball \u00bb\u2026 Des chansons qui continuent d\u2019\u00e9clairer les chorales scolaires et d\u2019accompagner les veill\u00e9es au coin du feu.<\/p>\n<p>&#13;<\/p>\n<p>L\u2019artiste \u00e0 la crini\u00e8re blanche reste infatigable. Pendant deux heures qui passent \u00e0 toute allure, le public, conquis, chante avec lui et c\u00e9l\u00e8bre une l\u00e9gende vivante de la chanson fran\u00e7aise.<\/p>\n<p>&#13;<\/p>\n<p><a href=\"https:\/\/www.cepacsilo-marseille.fr\/evenement\/hugues-aufray\/\" target=\"_blank\" rel=\"noopener\">R\u00e9server<\/a><\/p>\n","protected":false},"excerpt":{"rendered":"\u00c0 95 ans, Hugues Aufray repart \u00ab en ballade \u00bb ! &#13; \u00ab Moi, ma vie, c\u2019est de&hellip;\n","protected":false},"author":2,"featured_media":557421,"comment_status":"","ping_status":"","sticky":false,"template":"","format":"standard","meta":{"footnotes":""},"categories":[2814],"tags":[1111,11,1777,674,1011,27,884,12,882,25],"class_list":{"0":"post-557420","1":"post","2":"type-post","3":"status-publish","4":"format-standard","5":"has-post-thumbnail","7":"category-marseille","8":"tag-actu","9":"tag-actualites","10":"tag-eu","11":"tag-europe","12":"tag-fr","13":"tag-france","14":"tag-marseille","15":"tag-news","16":"tag-provence-alpes-cote-dazur","17":"tag-republique-francaise"},"share_on_mastodon":{"url":"https:\/\/pubeurope.com\/@fr\/115609896578114237","error":""},"_links":{"self":[{"href":"https:\/\/www.europesays.com\/fr\/wp-json\/wp\/v2\/posts\/557420","targetHints":{"allow":["GET"]}}],"collection":[{"href":"https:\/\/www.europesays.com\/fr\/wp-json\/wp\/v2\/posts"}],"about":[{"href":"https:\/\/www.europesays.com\/fr\/wp-json\/wp\/v2\/types\/post"}],"author":[{"embeddable":true,"href":"https:\/\/www.europesays.com\/fr\/wp-json\/wp\/v2\/users\/2"}],"replies":[{"embeddable":true,"href":"https:\/\/www.europesays.com\/fr\/wp-json\/wp\/v2\/comments?post=557420"}],"version-history":[{"count":0,"href":"https:\/\/www.europesays.com\/fr\/wp-json\/wp\/v2\/posts\/557420\/revisions"}],"wp:featuredmedia":[{"embeddable":true,"href":"https:\/\/www.europesays.com\/fr\/wp-json\/wp\/v2\/media\/557421"}],"wp:attachment":[{"href":"https:\/\/www.europesays.com\/fr\/wp-json\/wp\/v2\/media?parent=557420"}],"wp:term":[{"taxonomy":"category","embeddable":true,"href":"https:\/\/www.europesays.com\/fr\/wp-json\/wp\/v2\/categories?post=557420"},{"taxonomy":"post_tag","embeddable":true,"href":"https:\/\/www.europesays.com\/fr\/wp-json\/wp\/v2\/tags?post=557420"}],"curies":[{"name":"wp","href":"https:\/\/api.w.org\/{rel}","templated":true}]}}