{"id":557422,"date":"2025-11-25T10:36:22","date_gmt":"2025-11-25T10:36:22","guid":{"rendered":"https:\/\/www.europesays.com\/fr\/557422\/"},"modified":"2025-11-25T10:36:22","modified_gmt":"2025-11-25T10:36:22","slug":"faux-compte-de-soutien-de-lr-a-franck-allisio-rn-laure-agnes-caradec-saisit-le-parti","status":"publish","type":"post","link":"https:\/\/www.europesays.com\/fr\/557422\/","title":{"rendered":"faux compte de soutien de LR \u00e0 Franck Allisio (RN), Laure-Agn\u00e8s Caradec saisit le parti"},"content":{"rendered":"<p>R\u00e9seaux sociaux, champ de bataille des municipales\u00a0: Laure-Agn\u00e8s Caradec, patronne de LR dans les Bouches-du-Rh\u00f4ne et directrice de campagne de <a href=\"https:\/\/www.laprovence.com\/article\/elections\/2257546451336414\/municipales-2026-a-marseille-martine-vassal-devant-au-1er-tour-selon-un-sondage-ifop-benoit-payan-vainqueur-au-2e-tour\" target=\"_blank\" rel=\"noopener\">Martine Vassal (DVD)<\/a>, annonce avoir saisi le service juridique de son parti apr\u00e8s avoir constat\u00e9 la cr\u00e9ation d&rsquo;un \u00ab\u00a0faux compte baptis\u00e9 &lsquo;Les R\u00e9publicains avec Allisio'\u00a0\u00bb.<\/p>\n<p>Un compte sur le r\u00e9seau social X \u00e0 la gloire <a href=\"https:\/\/www.laprovence.com\/article\/politique\/29300759233305\/franck-allisio-marseille-est-abandonnee-par-les-pouvoirs-publics-lance-le-candidat-rn-a-la-mairie-de-marseille\" target=\"_blank\" rel=\"noopener\">du candidat RN<\/a> aux municipales, qui a \u00e9t\u00e9 rapidement suspendu. \u00ab\u00a0Au-del\u00e0 de la forme, qui est bien \u00e9videmment ill\u00e9gale, ce type de proc\u00e9d\u00e9 montre la f\u00e9brilit\u00e9 de certains, pr\u00eats \u00e0 toutes les basses besognes pour grappiller quelques voix ou semer la confusion\u00a0\u00bb, juge-t-elle. En promettant que \u00ab\u00a0Les R\u00e9publicains des Bouches-du-Rh\u00f4ne ne s&rsquo;abaisseront jamais \u00e0 de telles m\u00e9thodes\u00a0\u00bb.<\/p>\n","protected":false},"excerpt":{"rendered":"R\u00e9seaux sociaux, champ de bataille des municipales\u00a0: Laure-Agn\u00e8s Caradec, patronne de LR dans les Bouches-du-Rh\u00f4ne et directrice de&hellip;\n","protected":false},"author":2,"featured_media":557423,"comment_status":"","ping_status":"","sticky":false,"template":"","format":"standard","meta":{"footnotes":""},"categories":[2814],"tags":[17,5734,1111,11,9705,5949,1777,674,10483,1011,27,12182,884,3554,12,882,25,7618],"class_list":{"0":"post-557422","1":"post","2":"type-post","3":"status-publish","4":"format-standard","5":"has-post-thumbnail","7":"category-marseille","8":"tag-17","9":"tag-5734","10":"tag-actu","11":"tag-actualites","12":"tag-compte","13":"tag-elections","14":"tag-eu","15":"tag-europe","16":"tag-faux","17":"tag-fr","18":"tag-france","19":"tag-franck","20":"tag-marseille","21":"tag-municipales","22":"tag-news","23":"tag-provence-alpes-cote-dazur","24":"tag-republique-francaise","25":"tag-soutien"},"share_on_mastodon":{"url":"https:\/\/pubeurope.com\/@fr\/115609900493553636","error":""},"_links":{"self":[{"href":"https:\/\/www.europesays.com\/fr\/wp-json\/wp\/v2\/posts\/557422","targetHints":{"allow":["GET"]}}],"collection":[{"href":"https:\/\/www.europesays.com\/fr\/wp-json\/wp\/v2\/posts"}],"about":[{"href":"https:\/\/www.europesays.com\/fr\/wp-json\/wp\/v2\/types\/post"}],"author":[{"embeddable":true,"href":"https:\/\/www.europesays.com\/fr\/wp-json\/wp\/v2\/users\/2"}],"replies":[{"embeddable":true,"href":"https:\/\/www.europesays.com\/fr\/wp-json\/wp\/v2\/comments?post=557422"}],"version-history":[{"count":0,"href":"https:\/\/www.europesays.com\/fr\/wp-json\/wp\/v2\/posts\/557422\/revisions"}],"wp:featuredmedia":[{"embeddable":true,"href":"https:\/\/www.europesays.com\/fr\/wp-json\/wp\/v2\/media\/557423"}],"wp:attachment":[{"href":"https:\/\/www.europesays.com\/fr\/wp-json\/wp\/v2\/media?parent=557422"}],"wp:term":[{"taxonomy":"category","embeddable":true,"href":"https:\/\/www.europesays.com\/fr\/wp-json\/wp\/v2\/categories?post=557422"},{"taxonomy":"post_tag","embeddable":true,"href":"https:\/\/www.europesays.com\/fr\/wp-json\/wp\/v2\/tags?post=557422"}],"curies":[{"name":"wp","href":"https:\/\/api.w.org\/{rel}","templated":true}]}}