{"id":55743,"date":"2025-04-27T01:53:12","date_gmt":"2025-04-27T01:53:12","guid":{"rendered":"https:\/\/www.europesays.com\/fr\/55743\/"},"modified":"2025-04-27T01:53:12","modified_gmt":"2025-04-27T01:53:12","slug":"il-faut-un-choc-dautorite-dans-la-rue-dans-les-tribunaux-et-a-lecole-immigration-delinquance-estrosi-durcit-le-ton-a-un-an-des-municipales","status":"publish","type":"post","link":"https:\/\/www.europesays.com\/fr\/55743\/","title":{"rendered":"\u00ab\u00a0Il faut un choc d\u2019autorit\u00e9, dans la rue, dans les tribunaux et \u00e0 l\u2019\u00e9cole\u00a0\u00bb: immigration, d\u00e9linquance&#8230; Estrosi durcit le ton \u00e0 un an des municipales"},"content":{"rendered":"<p>\u00ab\u00a0Ce soir, je viens vous parler de l\u2019\u00e9tat de notre pays\u00a0\u00bb, a introduit Christian Estrosi devant un parterre de plus de 1.100 Ni\u00e7ois venus \u00e9couter son discours \u00ab\u00a0Pour la R\u00e9publique\u00a0\u00bb, jeudi soir.<\/p>\n<p>Pendant pr\u00e8s d\u2019une heure, le maire de Nice a dress\u00e9 un \u00e9tat des lieux et \u00e9voqu\u00e9 ses positions pour faire avancer le pays sur plusieurs sujets r\u00e9galiens et de soci\u00e9t\u00e9. Une d\u00e9marche qui a pu surprendre.<\/p>\n<p>Objectif? Rappeler que bien qu\u2019il soit un \u00e9lu local, il a aussi une vision et une envergure nationales, \u00e0 l\u2019instar de son rival \u00c9ric Ciotti (UDR, alli\u00e9 au RN), qui pourrait se pr\u00e9senter contre lui en mars 2026.<\/p>\n<p>\u00ab\u00a0J\u2019ai \u00e9t\u00e9 ministre de l\u2019Industrie et secr\u00e9taire d\u2019\u00e9tat \u00e0 l\u2019Outre-Mer\u00a0\u00bb, n\u2019a pas manqu\u00e9 de rappeler au passage le patron Horizons de la 5e ville de France.<\/p>\n<p><strong>\u00ab\u00a0Il faut un choc d\u2019autorit\u00e9\u00a0\u00bb<\/strong><\/p>\n<p>Pour aller plus loin dans la lutte contre le narcotrafic, Christian Estrosi a sugg\u00e9r\u00e9 de d\u00e9ployer des militaires pour tenir les points de deal, de s\u2019en prendre aux consommateurs, de \u00ab\u00a0les obliger \u00e0 se soigner et si \u00e7a ne suffit pas, hop, un petit tour en prison pour eux aussi\u00a0\u00bb et de \u00ab\u00a0harceler les familles qui profitent du deal\u00a0\u00bb. <\/p>\n<p>\u00ab\u00a0Il faut un choc d\u2019autorit\u00e9, dans la rue, dans les tribunaux et \u00e0 l\u2019\u00e9cole\u00a0\u00bb, a-t-il martel\u00e9. Et de citer Mulhouse, Rouen, La Grande-Motte, \u00ab\u00a0tous [les auteurs pr\u00e9sum\u00e9s de ces crimes] \u00e9taient des OQTF. Je veux qu\u2019on repousse \u00e0 18 mois notre dur\u00e9e de r\u00e9tention administrative qui est l\u2019une des plus faibles d\u2019Europe\u00a0\u00bb. <\/p>\n<p>\u00ab\u00a0Il faut une politique accueillante mais ferme. Car l\u2019immigration reste le principal vecteur du communautarisme et de l\u2019islamisme dans notre pays\u00a0\u00bb, a-t-il insist\u00e9.<\/p>\n<p>Passant d\u2019un th\u00e8me \u00e0 l\u2019autre, il a d\u00e9plor\u00e9 les trop nombreuses normes \u00ab\u00a0qui paralysent le pays\u00a0\u00bb. Un discours cher au maire LR\/Nouvelle \u00e9nergie de Cannes, David Lisnard, et \u00e0 Eric Ciotti.<\/p>\n<p>Sur la dette de la ville, r\u00e9guli\u00e8rement attaqu\u00e9e par ses d\u00e9tracteurs, il s\u2019est justifi\u00e9: \u00ab\u00a0Quand on emprunte un milliard sur 25 ans pour faire une ligne de tramway d\u2019est en ouest, de Saint-Isidore et de l\u2019a\u00e9roport au port, on s\u2019endette ou on investit? Si on s\u2019en sort bien \u00e0 Nice c\u2019est parce que je m\u00e8ne cette politique d\u2019investissement\u00a0\u00bb. <\/p>\n<p>Sur les retraites, celui qui est aussi vice-pr\u00e9sident d\u2019Horizons a cit\u00e9 \u00c9douard Philippe qui \u00ab\u00a0veut tout remettre \u00e0 plat, simplifier les r\u00e9gimes et introduire une dose de capitalisation. Il a raison!\u00a0\u00bb<\/p>\n<p><strong>\u00ab\u00a0La solidarit\u00e9, oui, l\u2019assistanat, non!\u00a0\u00bb<\/strong><\/p>\n<p>Quant aux prestations sociales, le pr\u00e9sident de la m\u00e9tropole Nice C\u00f4te d\u2019Azur a sugg\u00e9r\u00e9 de \u00ab\u00a0remplacer la myriade d\u2019aides existantes par une aide sociale unique plafonn\u00e9e \u00e0 70% du Smic. La solidarit\u00e9, oui, l\u2019assistanat, non!\u00a0\u00bb<\/p>\n<p>Il a conclu son inventaire en saluant \u00ab\u00a0l\u2019augmentation de pr\u00e8s d\u2019un tiers de l\u2019effort pour la D\u00e9fense nationale en 3 ans\u00a0\u00bb et propos\u00e9 \u00ab\u00a0que soit mis en place un service national, uniquement pour les volontaires, ainsi qu\u2019un livret d\u2019\u00e9pargne militaro-industriel\u00a0\u00bb.<\/p>\n<p>Autant de positions durcies \u00ab\u00a0pour \u00e9loigner les extr\u00eames\u00a0\u00bb en 2027, et peut-\u00eatre aussi en 2026&#8230; \u00ab\u00a0Il y a quelques ann\u00e9es, j\u2019ai fait le choix de Nice quand d\u2019autres ont fait le choix de Paris. N\u2019ayez aucun doute de ma volont\u00e9 de poursuivre avec vous le chemin en 2026\u00a0\u00bb, a rassur\u00e9 le tribun. \u00ab\u00a0Mais j\u2019aime mon pays. Je ne laisserai pas les prochaines \u00e9lections pr\u00e9sidentielles se jouer sans y prendre toute ma place\u00a0\u00bb.<\/p>\n","protected":false},"excerpt":{"rendered":"\u00ab\u00a0Ce soir, je viens vous parler de l\u2019\u00e9tat de notre pays\u00a0\u00bb, a introduit Christian Estrosi devant un parterre&hellip;\n","protected":false},"author":2,"featured_media":55744,"comment_status":"","ping_status":"","sticky":false,"template":"","format":"standard","meta":{"footnotes":""},"categories":[2819],"tags":[1111,11,1777,674,1011,27,12,2401,882,25,3366],"class_list":{"0":"post-55743","1":"post","2":"type-post","3":"status-publish","4":"format-standard","5":"has-post-thumbnail","7":"category-nice","8":"tag-actu","9":"tag-actualites","10":"tag-eu","11":"tag-europe","12":"tag-fr","13":"tag-france","14":"tag-news","15":"tag-nice","16":"tag-provence-alpes-cote-dazur","17":"tag-republique-francaise","18":"tag-vie-locale"},"share_on_mastodon":{"url":"https:\/\/pubeurope.com\/@fr\/114407434034295653","error":""},"_links":{"self":[{"href":"https:\/\/www.europesays.com\/fr\/wp-json\/wp\/v2\/posts\/55743","targetHints":{"allow":["GET"]}}],"collection":[{"href":"https:\/\/www.europesays.com\/fr\/wp-json\/wp\/v2\/posts"}],"about":[{"href":"https:\/\/www.europesays.com\/fr\/wp-json\/wp\/v2\/types\/post"}],"author":[{"embeddable":true,"href":"https:\/\/www.europesays.com\/fr\/wp-json\/wp\/v2\/users\/2"}],"replies":[{"embeddable":true,"href":"https:\/\/www.europesays.com\/fr\/wp-json\/wp\/v2\/comments?post=55743"}],"version-history":[{"count":0,"href":"https:\/\/www.europesays.com\/fr\/wp-json\/wp\/v2\/posts\/55743\/revisions"}],"wp:featuredmedia":[{"embeddable":true,"href":"https:\/\/www.europesays.com\/fr\/wp-json\/wp\/v2\/media\/55744"}],"wp:attachment":[{"href":"https:\/\/www.europesays.com\/fr\/wp-json\/wp\/v2\/media?parent=55743"}],"wp:term":[{"taxonomy":"category","embeddable":true,"href":"https:\/\/www.europesays.com\/fr\/wp-json\/wp\/v2\/categories?post=55743"},{"taxonomy":"post_tag","embeddable":true,"href":"https:\/\/www.europesays.com\/fr\/wp-json\/wp\/v2\/tags?post=55743"}],"curies":[{"name":"wp","href":"https:\/\/api.w.org\/{rel}","templated":true}]}}