{"id":557430,"date":"2025-11-25T10:41:12","date_gmt":"2025-11-25T10:41:12","guid":{"rendered":"https:\/\/www.europesays.com\/fr\/557430\/"},"modified":"2025-11-25T10:41:12","modified_gmt":"2025-11-25T10:41:12","slug":"il-faut-quon-produise-ce-quon-est-capable-de-vendre-declare-la-ministre-de-lagriculture-annie-genevard","status":"publish","type":"post","link":"https:\/\/www.europesays.com\/fr\/557430\/","title":{"rendered":"\u00ab\u00a0Il faut qu&rsquo;on produise ce qu&rsquo;on est capable de vendre\u00a0\u00bb, d\u00e9clare la ministre de l&rsquo;Agriculture, Annie Genevard"},"content":{"rendered":"\n<p class=\"c-chapo \">\n  Le minist\u00e8re de l&rsquo;Agriculture a annonc\u00e9 lundi une enveloppe de 130 millions d&rsquo;euros pour soutenir l&rsquo;arrachage de vignes, alors que le secteur viticole traverse une crise.\n<\/p>\n<p>      lire plus tard<\/p>\n<p id=\"dialog__title\" class=\"dialog__title\">Pour sauvegarder cet article, connectez-vous ou cr\u00e9ez un compte franceinfo<\/p>\n<p class=\"dialog__description\">Sans paiement. Sans abonnement.<\/p>\n<p>        Fermer la fen\u00eatre d\u2019activation des notifications France Info<\/p>\n<p>      cr\u00e9er votre compte<\/p>\n<p>      se connecter<\/p>\n<p>        Fermer la fen\u00eatre de pr\u00e9sentation<\/p>\n<p>    Publi\u00e9 le 25\/11\/2025 09:36<\/p>\n<p>        Temps de lecture : 2min<\/p>\n<p>    <img decoding=\"async\"  alt=\"\u00a0 (LUDOVIC MARIN \/ AFP)\" width=\"432\" height=\"243\" src=\"https:\/\/www.europesays.com\/fr\/wp-content\/uploads\/2025\/11\/000-36wj4xd-67a1c455cfff6778503452.jpg\" fetchpriority=\"high\"\/><\/p>\n<p>      \u00a0 (LUDOVIC MARIN \/ AFP)<\/p>\n<p>\u00ab\u00a0Il faut qu&rsquo;on produise ce qu&rsquo;on est capable de vendre\u00a0\u00bb, d\u00e9clare mardi 25 novembre sur <a href=\"https:\/\/www.francebleu.fr\/emissions\/l-invite-d-ici-matin-ici-herault\/annie-genevard-ministre-de-l-agriculture-1279805\" target=\"_self\" rel=\"noopener noreferrer nofollow\" data-tooltip-url=\"https:\/\/www.francebleu.fr\/emissions\/l-invite-d-ici-matin-ici-herault\/annie-genevard-ministre-de-l-agriculture-1279805\">ICI H\u00e9rault<\/a> (ex-France Bleu) la ministre de l&rsquo;Agriculture, Annie Genevard, au lendemain de l&rsquo;annonce du plan d&rsquo;aide du gouvernement pour les viticulteurs, avec notamment <a href=\"https:\/\/www.franceinfo.fr\/economie\/emploi\/metiers\/agriculture\/l-etat-annonce-un-plan-de-sortie-de-crise-pour-la-viticulture-avec-une-enveloppe-de-130-millions-d-euros-pour-soutenir-l-arrachage_7637414.html\" target=\"_self\" rel=\"noopener noreferrer nofollow\" data-tooltip-url=\"https:\/\/www.franceinfo.fr\/economie\/emploi\/metiers\/agriculture\/l-etat-annonce-un-plan-de-sortie-de-crise-pour-la-viticulture-avec-une-enveloppe-de-130-millions-d-euros-pour-soutenir-l-arrachage_7637414.html\">130 millions d&rsquo;euros pour l&rsquo;arrachage des vignes<\/a>. Structurellement, il y a une \u00ab\u00a0surproduction de vin rouge\u00a0\u00bb, reconna\u00eet la ministre.<\/p>\n<p>La fili\u00e8re fait aussi face \u00e0 des \u00ab\u00a0\u00e9v\u00e9nements conjoncturels qui contribuent \u00e0 aggraver la situation : les droits de douane, des contingences g\u00e9opolitiques qui perturbent les march\u00e9s \u00e0 l&rsquo;export\u00a0\u00bb, mais aussi des \u00ab\u00a0\u00e9v\u00e9nements climatiques, l&rsquo;incendie dans l&rsquo;Aude, un cumul de difficult\u00e9s qui n\u00e9cessitent que l&rsquo;Etat, une fois encore, se porte au chevet et au secours d&rsquo;une fili\u00e8re qui est quand m\u00eame un fleuron et une fiert\u00e9 fran\u00e7aise\u00a0\u00bb, affirme-t-elle.<\/p>\n<p>Annie Genevard a donc pr\u00e9sent\u00e9 \u00ab\u00a0des mesures d&rsquo;urgence, des mesures \u00e0 caract\u00e8re social, mais aussi des mesures qui doivent permettre une sortie de crise, parce que \u00e7a ne sert \u00e0 rien de ne pas essayer de peser sur les contraintes qui handicapent la fili\u00e8re depuis des ann\u00e9es\u00a0\u00bb, \u00ab\u00a0avec une attention particuli\u00e8re port\u00e9e aux jeunes parce qu&rsquo;ils sont les plus fragiles. Ils se sont g\u00e9n\u00e9ralement endett\u00e9s et il faut pouvoir les aider \u00e0 passer le cap\u00a0\u00bb, d\u00e9taille la ministre. Le plan d&rsquo;aide promet aussi un all\u00e9gement de charges sociales de 15 millions\u00a0d&rsquo;euros.<\/p>\n<p>La France veut aussi mobiliser la r\u00e9serve de crise europ\u00e9enne. \u00ab\u00a0L&rsquo;Union europ\u00e9enne dispose en effet d&rsquo;un budget de crise qu&rsquo;elle peut d\u00e9livrer pour des difficult\u00e9s conjoncturelles\u00a0\u00bb, pas pour \u00ab\u00a0financer l&rsquo;arrachage qui est une mesure de fond, mais l&rsquo;UE peut \u00e9ventuellement financer par exemple la distillation, la fa\u00e7on de traiter les surstocks non marchands. Certaines caves sont pleines, donc il faut pouvoir traiter ces surplus aussi bien chez les ind\u00e9pendants que chez les coop\u00e9rateurs\u00a0\u00bb. Annie Genevard attend \u00ab\u00a0la r\u00e9ponse de l&rsquo;Union europ\u00e9enne\u00a0\u00bb sur ce point.<\/p>\n<p>La ministre se rend ce mardi matin \u00e0 P\u00e9rols (H\u00e9rault) pour inaugurer le Sit\u00e9vi, le salon international des fili\u00e8res viticole, vinicole, arboricole et ol\u00e9icole qui se tient jusqu&rsquo;\u00e0 jeudi pr\u00e8s de Montpellier. Selon elle, la promotion du vin est essentielle \u00e0 la survie de la fili\u00e8re, tout comme \u00ab\u00a0la n\u00e9cessit\u00e9 de se parler\u00a0\u00bb. \u00ab\u00a0C&rsquo;est une fili\u00e8re qui doit continuer \u00e0 se structurer et qui doit se parler pour aller \u00e0 l&rsquo;offensive sur les march\u00e9s \u00e0 l&rsquo;export notamment\u00a0\u00bb, explique-t-elle. La ministre consid\u00e8re que la production \u00ab\u00a0en amont est une chose, mais il y a aussi l&rsquo;aval, c&rsquo;est-\u00e0-dire la fa\u00e7on que nous avons de promouvoir nos vins, la vente\u00a0\u00bb.<\/p>\n","protected":false},"excerpt":{"rendered":"Le minist\u00e8re de l&rsquo;Agriculture a annonc\u00e9 lundi une enveloppe de 130 millions d&rsquo;euros pour soutenir l&rsquo;arrachage de vignes,&hellip;\n","protected":false},"author":2,"featured_media":557431,"comment_status":"","ping_status":"","sticky":false,"template":"","format":"standard","meta":{"footnotes":""},"categories":[1888],"tags":[1111,1928,11,1927,1777,674,1011,27,12,1926,626,1925,25],"class_list":{"0":"post-557430","1":"post","2":"type-post","3":"status-publish","4":"format-standard","5":"has-post-thumbnail","7":"category-paris","8":"tag-actu","9":"tag-actu-paris","10":"tag-actualites","11":"tag-actualites-paris","12":"tag-eu","13":"tag-europe","14":"tag-fr","15":"tag-france","16":"tag-news","17":"tag-news-paris","18":"tag-paris","19":"tag-paris-news","20":"tag-republique-francaise"},"share_on_mastodon":{"url":"https:\/\/pubeurope.com\/@fr\/115609920929065040","error":""},"_links":{"self":[{"href":"https:\/\/www.europesays.com\/fr\/wp-json\/wp\/v2\/posts\/557430","targetHints":{"allow":["GET"]}}],"collection":[{"href":"https:\/\/www.europesays.com\/fr\/wp-json\/wp\/v2\/posts"}],"about":[{"href":"https:\/\/www.europesays.com\/fr\/wp-json\/wp\/v2\/types\/post"}],"author":[{"embeddable":true,"href":"https:\/\/www.europesays.com\/fr\/wp-json\/wp\/v2\/users\/2"}],"replies":[{"embeddable":true,"href":"https:\/\/www.europesays.com\/fr\/wp-json\/wp\/v2\/comments?post=557430"}],"version-history":[{"count":0,"href":"https:\/\/www.europesays.com\/fr\/wp-json\/wp\/v2\/posts\/557430\/revisions"}],"wp:featuredmedia":[{"embeddable":true,"href":"https:\/\/www.europesays.com\/fr\/wp-json\/wp\/v2\/media\/557431"}],"wp:attachment":[{"href":"https:\/\/www.europesays.com\/fr\/wp-json\/wp\/v2\/media?parent=557430"}],"wp:term":[{"taxonomy":"category","embeddable":true,"href":"https:\/\/www.europesays.com\/fr\/wp-json\/wp\/v2\/categories?post=557430"},{"taxonomy":"post_tag","embeddable":true,"href":"https:\/\/www.europesays.com\/fr\/wp-json\/wp\/v2\/tags?post=557430"}],"curies":[{"name":"wp","href":"https:\/\/api.w.org\/{rel}","templated":true}]}}