{"id":557437,"date":"2025-11-25T10:45:16","date_gmt":"2025-11-25T10:45:16","guid":{"rendered":"https:\/\/www.europesays.com\/fr\/557437\/"},"modified":"2025-11-25T10:45:16","modified_gmt":"2025-11-25T10:45:16","slug":"il-ny-a-quun-seul-pays-qui-ne-veut-pas-la-paix-et-cest-la-russie-declare-macron","status":"publish","type":"post","link":"https:\/\/www.europesays.com\/fr\/557437\/","title":{"rendered":"\u00ab Il n&rsquo;y a qu&rsquo;un seul pays qui ne veut pas la paix, et c&rsquo;est la Russie \u00bb, d\u00e9clare Macron"},"content":{"rendered":"<p>AA \/ Istanbul \/ Mariem Njeh<\/p>\n<p>Le pr\u00e9sident fran\u00e7ais a r\u00e9agi, mardi sur RTL, aux r\u00e9centes discussions diplomatiques, pointant la responsabilit\u00e9 exclusive de Moscou dans la poursuite du conflit, \u00ab Il n&rsquo;y a qu&rsquo;un seul pays qui ne veut pas la paix, et c&rsquo;est la Russie \u00bb, a-t-il d\u00e9clar\u00e9.<\/p>\n<p>Macron a ajout\u00e9 que \u00ab La Russie m\u00e8ne une confrontation strat\u00e9gique contre les Europ\u00e9ens \u00bb<\/p>\n<p>Sur le sujet des actifs russes gel\u00e9s, Macron a d\u00e9fendu que \u00ab Les Europ\u00e9ens sont les seuls qui ont \u00e0 dire, parce que \u00e7a fait partie du plan, ce qu&rsquo;on fera avec les actifs russes gel\u00e9s qui sont d\u00e9tenus par les Europ\u00e9ens \u00bb.<\/p>\n<p>Dans son plan, le pr\u00e9sident am\u00e9ricain Donald Trump propose de d\u00e9geler 100 milliards de dollars d\u2019avoirs russes pour investir en Ukraine, dont 50% des b\u00e9n\u00e9fices des investissements li\u00e9s \u00e0 ces avoirs russes d\u00e9gel\u00e9s seraient per\u00e7us par les \u00c9tats-Unis. Quelque 210 milliards d&rsquo;euros d&rsquo;avoirs de la banque centrale russe sont actuellement sous la garde de la soci\u00e9t\u00e9 Euroclear, bas\u00e9e \u00e0 Bruxelles.<\/p>\n<p><strong>&#8211; Une force de r\u00e9assurance a\u00e9rienne via les pays voisins<\/strong><\/p>\n<p>Macron a par ailleurs \u00e9nonc\u00e9 ses deux conditions pour garantir la s\u00e9curit\u00e9 de l&rsquo;Ukraine. Il confirme que dans l&rsquo;urgence \u00ab une arm\u00e9e ukrainienne robuste \u00bb devrait \u00eatre mise en place et une fois qu&rsquo;une paix seras sign\u00e9e, une \u00ab force de r\u00e9assurance \u00bb de soutiens de Kiev serait pr\u00e9sente.<\/p>\n<p>Emmanuel Macron a insist\u00e9 sur le fait que la France apportera son soutien sans \u00eatre sur la zone de front et qu&rsquo;une force de r\u00e9assurance a\u00e9rienne pourrait toutefois \u00eatre mise en place, mais \u00ab \u00e0 partir des pays voisins \u00bb.<\/p>\n<p>Ces d\u00e9clarations interviennent alors que les efforts diplomatiques s&rsquo;intensifient, notamment avec les r\u00e9centes rencontres \u00e0 Gen\u00e8ve entre responsables am\u00e9ricains et ukrainiens autour du nouveau plan de paix de l&rsquo;administration am\u00e9ricaine.\u00a0<\/p>\n<p>                            &#13;<br \/>\n                                <a href=\"https:\/\/www.aa.com.tr\/fr\/p\/abonnement\/1001\" target=\"_blank\" style=\"font-size:12px; color:#444; text-decoration:none;\" rel=\"noopener\">&#13;<br \/>\n                                    Seulement une partie des d\u00e9p\u00eaches, que l&rsquo;Agence Anadolu diffuse \u00e0 ses abonn\u00e9s via le Syst\u00e8me de Diffusion interne (HAS), est diffus\u00e9e sur le site de l&rsquo;AA, de mani\u00e8re r\u00e9sum\u00e9e. <b style=\"color:#1897F7\">Contactez-nous s&rsquo;il vous pla\u00eet pour vous abonner.<\/b>&#13;<br \/>\n                                <\/a>&#13;<\/p>\n","protected":false},"excerpt":{"rendered":"AA \/ Istanbul \/ Mariem Njeh Le pr\u00e9sident fran\u00e7ais a r\u00e9agi, mardi sur RTL, aux r\u00e9centes discussions diplomatiques,&hellip;\n","protected":false},"author":2,"featured_media":557438,"comment_status":"","ping_status":"","sticky":false,"template":"","format":"standard","meta":{"footnotes":""},"categories":[1591],"tags":[11,1785,1887,27,12,1885,1886,132,220],"class_list":{"0":"post-557437","1":"post","2":"type-post","3":"status-publish","4":"format-standard","5":"has-post-thumbnail","7":"category-russie","8":"tag-actualites","9":"tag-anadolu-ajansi","10":"tag-federation-de-russie","11":"tag-france","12":"tag-news","13":"tag-russia","14":"tag-russian-federation","15":"tag-russie","16":"tag-ukraine"},"share_on_mastodon":{"url":"https:\/\/pubeurope.com\/@fr\/115609935885308884","error":""},"_links":{"self":[{"href":"https:\/\/www.europesays.com\/fr\/wp-json\/wp\/v2\/posts\/557437","targetHints":{"allow":["GET"]}}],"collection":[{"href":"https:\/\/www.europesays.com\/fr\/wp-json\/wp\/v2\/posts"}],"about":[{"href":"https:\/\/www.europesays.com\/fr\/wp-json\/wp\/v2\/types\/post"}],"author":[{"embeddable":true,"href":"https:\/\/www.europesays.com\/fr\/wp-json\/wp\/v2\/users\/2"}],"replies":[{"embeddable":true,"href":"https:\/\/www.europesays.com\/fr\/wp-json\/wp\/v2\/comments?post=557437"}],"version-history":[{"count":0,"href":"https:\/\/www.europesays.com\/fr\/wp-json\/wp\/v2\/posts\/557437\/revisions"}],"wp:featuredmedia":[{"embeddable":true,"href":"https:\/\/www.europesays.com\/fr\/wp-json\/wp\/v2\/media\/557438"}],"wp:attachment":[{"href":"https:\/\/www.europesays.com\/fr\/wp-json\/wp\/v2\/media?parent=557437"}],"wp:term":[{"taxonomy":"category","embeddable":true,"href":"https:\/\/www.europesays.com\/fr\/wp-json\/wp\/v2\/categories?post=557437"},{"taxonomy":"post_tag","embeddable":true,"href":"https:\/\/www.europesays.com\/fr\/wp-json\/wp\/v2\/tags?post=557437"}],"curies":[{"name":"wp","href":"https:\/\/api.w.org\/{rel}","templated":true}]}}