{"id":557445,"date":"2025-11-25T10:49:26","date_gmt":"2025-11-25T10:49:26","guid":{"rendered":"https:\/\/www.europesays.com\/fr\/557445\/"},"modified":"2025-11-25T10:49:26","modified_gmt":"2025-11-25T10:49:26","slug":"allemagne-la-stagnation-economique-se-poursuit-au-troisieme-trimestre-25-11-2025-a-1106","status":"publish","type":"post","link":"https:\/\/www.europesays.com\/fr\/557445\/","title":{"rendered":"Allemagne: la stagnation \u00e9conomique se poursuit au troisi\u00e8me trimestre &#8211; 25\/11\/2025 \u00e0 11:06"},"content":{"rendered":"<p>        <img decoding=\"async\" src=\"https:\/\/www.europesays.com\/fr\/wp-content\/uploads\/2025\/11\/a81dedbc26cedc973a02333d439ac752-760x544.jpg\" alt=\"( AFP \/ FOCKE STRANGMANN )\" loading=\"eager\" fetchpriority=\"high\" width=\"760\" height=\"544\" style=\"max-width: 100%!important; height: auto;\"\/><\/p>\n<p class=\"c-image-news__legend\">( AFP \/ FOCKE STRANGMANN )<\/p>\n<p>\n L&rsquo;Allemagne a bien connu une stagnation \u00e9conomique au troisi\u00e8me trimestre, une l\u00e9g\u00e8re reprise des investissements \u00e9vitant une r\u00e9cession au pays boulevers\u00e9 par la crise de ses exportations et de son industrie, selon des chiffres d\u00e9finitifs publi\u00e9s mardi.\n<\/p>\n<p>\n Entre juillet et septembre, la premi\u00e8re \u00e9conomie europ\u00e9enne \u00ab\u00a0a \u00e9t\u00e9 frein\u00e9e par des exportations faibles, tandis que les investissements ont l\u00e9g\u00e8rement augment\u00e9\u00a0\u00bb, a indiqu\u00e9 dans un communiqu\u00e9 Ruth Brand, la pr\u00e9sidente de l&rsquo;office f\u00e9d\u00e9ral des statistiques Destatis.\n<\/p>\n<p>\n Apr\u00e8s deux ann\u00e9es de r\u00e9cession cons\u00e9cutives, l&rsquo;\u00e9conomie allemande continue de faire du quasi-surplace depuis d\u00e9but 2025.\n<\/p>\n<p>\n Au troisi\u00e8me trimestre, elle fait moins bien que l&rsquo;Union Europ\u00e9enne, qui a connu en moyenne une croissance de 0,3%.\n<\/p>\n<p>\n Affect\u00e9es par les droits de douane am\u00e9ricains mis en place au printemps, les exportations du \u00ab\u00a0Made in Germany\u00a0\u00bb ont diminu\u00e9 de 0,7% par rapport au deuxi\u00e8me trimestre, particuli\u00e8rement dans les services.\n<\/p>\n<p>\n Cette baisse a \u00e9t\u00e9 n\u00e9anmoins compens\u00e9e par un rebond de 0,3% des investissements bruts, plus dynamique dans les \u00e9quipements comme les machines et les v\u00e9hicules (+1,1%) que dans la construction (-0,5%)\n<\/p>\n<p>\n Quant \u00e0 la consommation globale, elle a stagn\u00e9 au troisi\u00e8me trimestre, malgr\u00e9 une hausse de 0,8% des d\u00e9penses publiques qui y sont d\u00e9di\u00e9es.\n<\/p>\n<p>\n Car la consommation priv\u00e9e, moteur esp\u00e9r\u00e9 de la reprise \u00e9conomique, a recul\u00e9 pour la premi\u00e8re fois depuis fin 2023, de 0,3%, les m\u00e9nages ayant moins d\u00e9pens\u00e9 dans \u00ab\u00a0les services de restauration et d&rsquo;h\u00e9bergement\u00a0\u00bb selon le communiqu\u00e9.\n<\/p>\n<p>\n Dans l&rsquo;industrie manufacturi\u00e8re, \u00ab\u00a0la tendance \u00e0 la baisse s&rsquo;est poursuivie\u00a0\u00bb, avec un recul de la valeur ajout\u00e9e de 3,0%, corrig\u00e9e des prix.\n<\/p>\n<p>\n L&rsquo;industrie allemande n&rsquo;a toujours pas trouv\u00e9 le rem\u00e8de \u00e0 sa crise, entre perte de comp\u00e9titivit\u00e9 internationale et prix de l&rsquo;\u00e9nergie \u00e9lev\u00e9s.\n<\/p>\n<p>\n C&rsquo;est notamment le cas du secteur automobile, o\u00f9 pr\u00e8s de 50.000 emplois ont disparu en un an depuis fin septembre, selon Destatis. Ce fleuron de l&rsquo;\u00e9conomie est notamment de plus en plus concurrenc\u00e9 par les v\u00e9hicules \u00e9lectriques chinois.\n<\/p>\n<p>\n Le gouvernement s&rsquo;attend n\u00e9anmoins \u00e0 une hausse de 0,2% du PIB cette ann\u00e9e, avec une l\u00e9g\u00e8re reprise de la croissance au dernier trimestre attendue par la banque f\u00e9d\u00e9rale d&rsquo;Allemagne.<\/p>\n","protected":false},"excerpt":{"rendered":"( AFP \/ FOCKE STRANGMANN ) L&rsquo;Allemagne a bien connu une stagnation \u00e9conomique au troisi\u00e8me trimestre, une l\u00e9g\u00e8re&hellip;\n","protected":false},"author":2,"featured_media":557446,"comment_status":"","ping_status":"","sticky":false,"template":"","format":"standard","meta":{"footnotes":""},"categories":[1587],"tags":[400,11,672,398,408,1804,405,1805,1803,1777,674,1801,403,402,399,404,12,1802,401,406,407],"class_list":{"0":"post-557445","1":"post","2":"type-post","3":"status-publish","4":"format-standard","5":"has-post-thumbnail","7":"category-allemagne","8":"tag-action-cac-40","9":"tag-actualites","10":"tag-allemagne","11":"tag-bourse-de-paris","12":"tag-boursorama","13":"tag-bundesrepublik-deutschland","14":"tag-cotations","15":"tag-de","16":"tag-deutschland","17":"tag-eu","18":"tag-europe","19":"tag-germany","20":"tag-indices-devises","21":"tag-investir","22":"tag-investissement","23":"tag-marche-boursier","24":"tag-news","25":"tag-republique-federale-dallemagne","26":"tag-sicav","27":"tag-trackers","28":"tag-warrants"},"share_on_mastodon":{"url":"https:\/\/pubeurope.com\/@fr\/115609952368236609","error":""},"_links":{"self":[{"href":"https:\/\/www.europesays.com\/fr\/wp-json\/wp\/v2\/posts\/557445","targetHints":{"allow":["GET"]}}],"collection":[{"href":"https:\/\/www.europesays.com\/fr\/wp-json\/wp\/v2\/posts"}],"about":[{"href":"https:\/\/www.europesays.com\/fr\/wp-json\/wp\/v2\/types\/post"}],"author":[{"embeddable":true,"href":"https:\/\/www.europesays.com\/fr\/wp-json\/wp\/v2\/users\/2"}],"replies":[{"embeddable":true,"href":"https:\/\/www.europesays.com\/fr\/wp-json\/wp\/v2\/comments?post=557445"}],"version-history":[{"count":0,"href":"https:\/\/www.europesays.com\/fr\/wp-json\/wp\/v2\/posts\/557445\/revisions"}],"wp:featuredmedia":[{"embeddable":true,"href":"https:\/\/www.europesays.com\/fr\/wp-json\/wp\/v2\/media\/557446"}],"wp:attachment":[{"href":"https:\/\/www.europesays.com\/fr\/wp-json\/wp\/v2\/media?parent=557445"}],"wp:term":[{"taxonomy":"category","embeddable":true,"href":"https:\/\/www.europesays.com\/fr\/wp-json\/wp\/v2\/categories?post=557445"},{"taxonomy":"post_tag","embeddable":true,"href":"https:\/\/www.europesays.com\/fr\/wp-json\/wp\/v2\/tags?post=557445"}],"curies":[{"name":"wp","href":"https:\/\/api.w.org\/{rel}","templated":true}]}}