{"id":557449,"date":"2025-11-25T10:51:13","date_gmt":"2025-11-25T10:51:13","guid":{"rendered":"https:\/\/www.europesays.com\/fr\/557449\/"},"modified":"2025-11-25T10:51:13","modified_gmt":"2025-11-25T10:51:13","slug":"le-projet-europeen-life-dedie-a-la-protection-de-la-nature-en-sursis","status":"publish","type":"post","link":"https:\/\/www.europesays.com\/fr\/557449\/","title":{"rendered":"Le projet europ\u00e9en Life d\u00e9di\u00e9 \u00e0 la protection de la nature en sursis"},"content":{"rendered":"<p>132 nouveaux projets en faveur de la protection de l\u2019environnement, du climat, de la nature ou de la biodiversit\u00e9 ont \u00e9t\u00e9 choisis par l\u2019Union europ\u00e9enne, dans le cadre du programme de financement Life. 358\u00a0millions d\u2019euros permettront ainsi de soutenir ces initiatives, pr\u00e9sent\u00e9es dans le cadre du dernier appel \u00e0 projets annuel du programme, dont les r\u00e9sultats ont \u00e9t\u00e9 r\u00e9v\u00e9l\u00e9s le 7 novembre dernier. Le budget total des projets financ\u00e9s s\u2019\u00e9l\u00e8ve \u00e0 536\u00a0millions d\u2019euros.<\/p>\n<p>Embl\u00e9matique des programmes de financement europ\u00e9ens, Life a \u00e9volu\u00e9 au fil des programmations pour inclure de nouvelles th\u00e9matiques, ce qui a conduit \u00e0 faire grossir son champ d\u2019intervention, et son enveloppe. Pour cet appel \u00e0 projets, 895 projets (+22\u00a0% par rapport \u00e0 2024) avaient \u00e9t\u00e9 d\u00e9pos\u00e9s, pour un total de 3,1\u00a0milliards &#8230;<\/p>\n<p class=\"blocCut__title\">\n\t\t\t\t\t\t\t\t\t[80% reste \u00e0 lire]\n\t\t\t\t\t\t\t<\/p>\n<p class=\"blocCut__title--type2\">Article r\u00e9serv\u00e9 aux abonn\u00e9s<\/p>\n<p class=\"blocCut__title--type3\">Gazette des Communes<\/p>\n<p class=\"blocCut__title--type2\">VOUS N&rsquo;\u00eaTES PAS ABONN\u00e9 ?<\/p>\n<p class=\"blocCut__title--type4\">D\u00e9couvrez nos formules et acc\u00e9dez aux articles en illimit\u00e9<\/p>\n<p>\t\t\t\t\t\t\t\t<a href=\"https:\/\/www.abonnement.infopro-digital.com\/la-gazette-des-communes\/formule\/1111\/CTA-P\" target=\"_blank\" class=\"btn__full buttonTypeA buttonTypeA--1\" rel=\"noopener\">Je m\u2019abonne<\/a><\/p>\n","protected":false},"excerpt":{"rendered":"132 nouveaux projets en faveur de la protection de l\u2019environnement, du climat, de la nature ou de la&hellip;\n","protected":false},"author":2,"featured_media":557450,"comment_status":"","ping_status":"","sticky":false,"template":"","format":"standard","meta":{"footnotes":""},"categories":[1586],"tags":[47,11,2349,1130,57844,1777,674,9101,1779,1011,27,12,25,1778,364],"class_list":{"0":"post-557449","1":"post","2":"type-post","3":"status-publish","4":"format-standard","5":"has-post-thumbnail","7":"category-europe","8":"tag-actualite","9":"tag-actualites","10":"tag-articles-reserves","11":"tag-biodiversite","12":"tag-cgarcia","13":"tag-eu","14":"tag-europe","15":"tag-europe-2","16":"tag-european-union","17":"tag-fr","18":"tag-france","19":"tag-news","20":"tag-republique-francaise","21":"tag-ue","22":"tag-union-europeenne"},"share_on_mastodon":{"url":"https:\/\/pubeurope.com\/@fr\/115609959392249133","error":""},"_links":{"self":[{"href":"https:\/\/www.europesays.com\/fr\/wp-json\/wp\/v2\/posts\/557449","targetHints":{"allow":["GET"]}}],"collection":[{"href":"https:\/\/www.europesays.com\/fr\/wp-json\/wp\/v2\/posts"}],"about":[{"href":"https:\/\/www.europesays.com\/fr\/wp-json\/wp\/v2\/types\/post"}],"author":[{"embeddable":true,"href":"https:\/\/www.europesays.com\/fr\/wp-json\/wp\/v2\/users\/2"}],"replies":[{"embeddable":true,"href":"https:\/\/www.europesays.com\/fr\/wp-json\/wp\/v2\/comments?post=557449"}],"version-history":[{"count":0,"href":"https:\/\/www.europesays.com\/fr\/wp-json\/wp\/v2\/posts\/557449\/revisions"}],"wp:featuredmedia":[{"embeddable":true,"href":"https:\/\/www.europesays.com\/fr\/wp-json\/wp\/v2\/media\/557450"}],"wp:attachment":[{"href":"https:\/\/www.europesays.com\/fr\/wp-json\/wp\/v2\/media?parent=557449"}],"wp:term":[{"taxonomy":"category","embeddable":true,"href":"https:\/\/www.europesays.com\/fr\/wp-json\/wp\/v2\/categories?post=557449"},{"taxonomy":"post_tag","embeddable":true,"href":"https:\/\/www.europesays.com\/fr\/wp-json\/wp\/v2\/tags?post=557449"}],"curies":[{"name":"wp","href":"https:\/\/api.w.org\/{rel}","templated":true}]}}