{"id":557464,"date":"2025-11-25T11:02:10","date_gmt":"2025-11-25T11:02:10","guid":{"rendered":"https:\/\/www.europesays.com\/fr\/557464\/"},"modified":"2025-11-25T11:02:10","modified_gmt":"2025-11-25T11:02:10","slug":"apres-dix-ans-en-world-tour-fernando-gaviria-rejoint-caja-rural-seguros-rga-une-equipe-proteam-espagnole-lequipe","status":"publish","type":"post","link":"https:\/\/www.europesays.com\/fr\/557464\/","title":{"rendered":"Apr\u00e8s dix ans en World Tour, Fernando Gaviria rejoint Caja Rural-Seguros RGA, une \u00e9quipe ProTeam espagnole &#8211; L&#039;\u00c9quipe"},"content":{"rendered":"<ol>\n<li><a href=\"https:\/\/news.google.com\/rss\/articles\/CBMi-AFBVV95cUxOWmRMc3J5X0NJMnZiSWZOU3VWVFhTVm5ZUk9QUFRuNlUxcnh6RlRUbEM5WjEwZUZuVTNxT2ZRMnJWbFhjTW5pU2tjaDYwakp6TE9QOE8xbVNIaXNmMlIyNXh3NmYwMjRPSHB2X2xOcl9lSTBQdXctTE5TYTBoOTIzS29LZlJvOEd1bTBBMWR3QnN1Q1NLZmJBUW5QcVlZX2F0cUp4Q2JRLXFhWENKYW85MWctWTF6V1BNWU1KSS1mMWxoNFU0YVR0cDBON1J1VTdQWThJN21YbjRyOHQwY2lHeXBPRlpNbmQtMllxVUcyRmhaQWlyUE5Ldw?oc=5\" target=\"_blank\" rel=\"noopener\">Apr\u00e8s dix ans en World Tour, Fernando Gaviria rejoint Caja Rural-Seguros RGA, une \u00e9quipe ProTeam espagnole<\/a>&nbsp;&nbsp;L&rsquo;\u00c9quipe<\/li>\n<li><a href=\"https:\/\/news.google.com\/rss\/articles\/CBMiwAJBVV95cUxQZUtvTDYwQVBsUHI4bzJMNXhvUVBFYU52djJpMXQtZFhGR2l3azRzdnJJYjd1b2hmaFVxLWc4d0p2WTE2WjN2UDFXUTJsTlpPcGxsUllCMkhkdkowOXpZLVlKRW9lTlE1X2JiRWxSbGp4VHVNU09FZ283SjlEUXd4Q3dOUGg5YXlEd0oyaWtPdnZ0SzhjR2NRRm53NzFmS3gwTlVlSWVnVHpSWkJIMTRSYVl6eHhnM193X0g4OHV4R3ozSXA0aWlIUTA0eFMxVmxoZ0JURHkxVEhJdjZMQjdSY0lNeHRnTlpxQUd0ajRoVm1pRGNmYUVabFpPRWNSSTJwQ296aHZfZThBVThGbXF5M3NnREgzekZ1UHpNaTYtS3NUdGsxLUJQcnRzYS1faEVKTGVxZkU5eUcwN19SbDMtbw?oc=5\" target=\"_blank\" rel=\"noopener\">Caja Rural \u2013 Seguros RGA, signature officielle de Fernando Gaviria : \u00ab J\u2019ai ressenti un grand enthousiasme \u00e0 l\u2019id\u00e9e de rejoindre l\u2019\u00e9quipe, cela m\u2019a sembl\u00e9 \u00eatre une opportunit\u00e9 tr\u00e8s int\u00e9ressante \u00bb.<\/a>&nbsp;&nbsp;| CyclingPro.Net<\/li>\n<li><a href=\"https:\/\/news.google.com\/rss\/articles\/CBMitAFBVV95cUxOdXRiQjB2WGVIMnQ2R05XbW1MUnVlSU5TOUc4dzZYd1k1Y0FZQ0tUNnhvbDBISzNrWVpsY2ZPY19yTmFhdFQ5QUsxLUhmRU9IdGk2RWd2Mks5djJTY3gzdnlsN3ZtR2NmZWtLY0ZmRVgzVVd0QnpvTTlxWDZ3OEI1UkNpVUdFcEVDV3ZURVZwY1NneEg2TmEzTVU5SDFjdlFsSThGenZFUTFoaWt6Wk5oanByZ1M?oc=5\" target=\"_blank\" rel=\"noopener\">Fin d\u2019une \u00e8re : Fernando Gaviria descend en deuxi\u00e8me division apr\u00e8s 10 ans en World Tour<\/a>&nbsp;&nbsp;Dicodusport<\/li>\n<li><a href=\"https:\/\/news.google.com\/rss\/articles\/CBMijgFBVV95cUxPZ3pnVnBVTl9hcHI4LWJOaDRQdUx6SDRWQTNyLXlkRUNnWnpkOFM5Z2FEY1JHdmxuTmo1Ul8zZUhOSlFLdUxmbzBoVEE4WTVuYXhDMDhPSnlrbUdsekRGX2FDemlkVkhLdkZLc0ctOHdScVp5YlNGSWQycmtXY2JWdS1EazJweDA5M2dueC1n?oc=5\" target=\"_blank\" rel=\"noopener\">Transfert &#8211; Fernando Gaviria poursuit sa carri\u00e8re chez Caja Rural-RGA<\/a>&nbsp;&nbsp;TotalVelo<\/li>\n<li><a href=\"https:\/\/news.google.com\/rss\/articles\/CBMi0gFBVV95cUxPSVBjcWdYbkhYcDl2RWo4eG5aclIxd2hVcGZUdUVnd1RIR3pfODVnMVFBdnh5UDE2ZkNmclBzbWtuZTlFY0RkZExzdTU4M1RnVjNHWFlISjlUTnBFa3dUalYzVjFhaTNMcVdESVNyNGt3UHl0Z3NRRjVYZnJqWU5PWU9yTG4wOWtqQjN5X0hHaXg3NGx6VFdBOFZYb0trVm54eTJveDV6NTFFd3ZZTkc5V2w0V19YWXVSTm1QbS1PQkxFQXN1UDBualk5c1ZoVU5SQ2c?oc=5\" target=\"_blank\" rel=\"noopener\">Fernando Gaviria rejoint l&rsquo;\u00e9quipe Caja Rural-Seguros RGA<\/a>&nbsp;&nbsp;La Libre.be<\/li>\n<\/ol>\n","protected":false},"excerpt":{"rendered":"Apr\u00e8s dix ans en World Tour, Fernando Gaviria rejoint Caja Rural-Seguros RGA, une \u00e9quipe ProTeam espagnole&nbsp;&nbsp;L&rsquo;\u00c9quipe Caja Rural&hellip;\n","protected":false},"author":2,"featured_media":395849,"comment_status":"","ping_status":"","sticky":false,"template":"","format":"standard","meta":{"footnotes":""},"categories":[1411],"tags":[1154,207,1011,27,60],"class_list":{"0":"post-557464","1":"post","2":"type-post","3":"status-publish","4":"format-standard","5":"has-post-thumbnail","7":"category-cyclisme","8":"tag-cycling","9":"tag-cyclisme","10":"tag-fr","11":"tag-france","12":"tag-sports"},"share_on_mastodon":{"url":"https:\/\/pubeurope.com\/@fr\/115610002708118799","error":""},"_links":{"self":[{"href":"https:\/\/www.europesays.com\/fr\/wp-json\/wp\/v2\/posts\/557464","targetHints":{"allow":["GET"]}}],"collection":[{"href":"https:\/\/www.europesays.com\/fr\/wp-json\/wp\/v2\/posts"}],"about":[{"href":"https:\/\/www.europesays.com\/fr\/wp-json\/wp\/v2\/types\/post"}],"author":[{"embeddable":true,"href":"https:\/\/www.europesays.com\/fr\/wp-json\/wp\/v2\/users\/2"}],"replies":[{"embeddable":true,"href":"https:\/\/www.europesays.com\/fr\/wp-json\/wp\/v2\/comments?post=557464"}],"version-history":[{"count":0,"href":"https:\/\/www.europesays.com\/fr\/wp-json\/wp\/v2\/posts\/557464\/revisions"}],"wp:featuredmedia":[{"embeddable":true,"href":"https:\/\/www.europesays.com\/fr\/wp-json\/wp\/v2\/media\/395849"}],"wp:attachment":[{"href":"https:\/\/www.europesays.com\/fr\/wp-json\/wp\/v2\/media?parent=557464"}],"wp:term":[{"taxonomy":"category","embeddable":true,"href":"https:\/\/www.europesays.com\/fr\/wp-json\/wp\/v2\/categories?post=557464"},{"taxonomy":"post_tag","embeddable":true,"href":"https:\/\/www.europesays.com\/fr\/wp-json\/wp\/v2\/tags?post=557464"}],"curies":[{"name":"wp","href":"https:\/\/api.w.org\/{rel}","templated":true}]}}