{"id":557469,"date":"2025-11-25T11:05:58","date_gmt":"2025-11-25T11:05:58","guid":{"rendered":"https:\/\/www.europesays.com\/fr\/557469\/"},"modified":"2025-11-25T11:05:58","modified_gmt":"2025-11-25T11:05:58","slug":"les-photos-animalieres-de-vincent-spagnolini-sont-a-decouvrir-a-langon","status":"publish","type":"post","link":"https:\/\/www.europesays.com\/fr\/557469\/","title":{"rendered":"Les photos animali\u00e8res de Vincent Spagnolini sont \u00e0 d\u00e9couvrir \u00e0 Langon"},"content":{"rendered":"<p>                    Par<br \/>\n        <strong><br \/>\n            <a href=\"https:\/\/actu.fr\/auteur\/ddecourcelle\" title=\"Consulter tous les articles de Delphine Decourcelle\" target=\"_blank\" rel=\"noopener\">Delphine Decourcelle<\/a><br \/>\n                    <\/strong><\/p>\n<p>        Publi\u00e9 le<\/p>\n<p>            19 nov. 2025 \u00e0 6h50        <\/p>\n<p>\u00c0 49\u00a0ans, Vincent Spagnolini, forestier de m\u00e9tier, revient sur le tard \u00e0 une passion qu\u2019il a d\u00e9couverte plus jeune, avec ses fr\u00e8res\u2009: la <a href=\"https:\/\/actu.fr\/tag\/photographie\" target=\"_blank\" rel=\"noopener\">photographie<\/a>. Et il organise sa toute premi\u00e8re exposition dans le hall des <a href=\"https:\/\/www.langon33.fr\/les-carmes\/\" target=\"_blank\" rel=\"noopener\">Carmes<\/a>, \u00e0 <a href=\"https:\/\/actu.fr\/nouvelle-aquitaine\/langon_33227\" target=\"_blank\" rel=\"noopener\">Langon<\/a> (Gironde). Une trentaine de photos <a href=\"https:\/\/actu.fr\/tag\/animaux\" target=\"_blank\" rel=\"noopener\">animali\u00e8res<\/a> sont \u00e0 d\u00e9couvrir jusqu\u2019au 29\u00a0novembre 2025. De sa rencontre avec l\u2019oiseau farouche, le courlis cendr\u00e9, au brame du cerf en pleine for\u00eat, il raconte les coulisses de ces rencontres magiques au c\u0153ur des landes sauvages.<\/p>\n<p>Une enfance pass\u00e9e dans les bois<\/p>\n<p class=\" wall-content\">Le public pourra y d\u00e9couvrir des oiseaux, des mammif\u00e8res ou encore des reptiles\u2026 et de belles sc\u00e8nes en pleine nature.<\/p>\n<p>Prochainement, les photos de Norbert Lados<\/p>\n<p>La prochaine exposition dans le hall des Carmes se tiendra du mardi 2 d\u00e9cembre 2025 au lundi 8 janvier 2026. Le photographe Norbert Lados y pr\u00e9sentera ses paysages de Garonne.<\/p>\n<p class=\" wall-content\">\u00ab\u2009Avec mes fr\u00e8res, nous avons pass\u00e9 notre enfance dans les bois et depuis peu, j\u2019ai m\u00eame achet\u00e9 une maison en pleine for\u00eat. Je r\u00e9alise un r\u00eave et quelques-uns des clich\u00e9s ont \u00e9t\u00e9 pris \u00e0 deux pas de la maison\u2009\u00bb, confie le photographe amateur.\u00a0Son plus beau souvenir\u2009?<\/p>\n<p class=\" wall-content\">\u00ab\u2009Cette rencontre avec le courlis cendr\u00e9, un oiseau tr\u00e8s farouche, typique du paysage des Landes. Une chance d\u2019avoir pu ainsi l\u2019observer, apr\u00e8s de longues p\u00e9riodes d\u2019aff\u00fbt avec mon ami ornithologue Franck Ibaniez\u2009\u00bb, pr\u00e9cise-t-il. Pour cet amoureux de la nature, la photographie lui permet de \u00ab\u2009s\u2019\u00e9vader et de prendre un repos intellectuel\u2009\u00bb.<\/p>\n<p>Nikon Z9<\/p>\n<p class=\" wall-content\">\u00ab\u2009J\u2019ai toujours l\u2019appareil (un Nikon Z9, ndlr) dans la voiture, au cas o\u00f9\u2009\u00bb, souligne l\u2019int\u00e9ress\u00e9, qui reconna\u00eet une certaine d\u00e9ception \u00e0 l\u2019impression de certains clich\u00e9s de cette exposition. \u00ab\u2009Deux trois photos paraissent trop sombres alors qu\u2019en r\u00e9alit\u00e9, elles ne le sont pas. C\u2019est comme \u00e7a, il faut bien faire son bapt\u00eame de premi\u00e8re expo pour le savoir\u2026\u2009\u00bb<\/p>\n<p>Votre r\u00e9gion, votre actu !<\/p>\n<p>Recevez chaque jour les infos qui comptent pour vous.<\/p>\n<p>\t<a href=\"https:\/\/actu.fr\/newsletter\" class=\"ac-btn ac-btn--corner ac-btn--medium ac-btn--blue800\" target=\"_blank\" rel=\"noopener\">S&rsquo;incrire<\/a><\/p>\n<p class=\" wall-content\">Mais rassurez-vous, d\u2019autres photos splendides vont capter votre attention comme celle d\u2019un Circa\u00e8te Jean Le Blanc au nid, en train de nourrir son petit, ou encore la chouette Hulotte qui veille sur la for\u00eat, le roitelet \u00e9tincelant ou m\u00eame le cerf en plein brame\u2026 De quoi s\u2019immerger dans les r\u00eaveries de Landes sauvages le temps d\u2019une exposition\u2009!<\/p>\n<p>Entr\u00e9e libre, aux horaires d\u2019ouverture des Carmes.<\/p>\n<p class=\" wall-content\">Personnalisez votre actualit\u00e9 en ajoutant vos villes et m\u00e9dias en favori avec <a href=\"https:\/\/moncompte.actu.fr\" title=\"D\u00e9couvez Mon Actu\" rel=\"nofollow noopener\" data-trk=\"{&quot;cta&quot;:{&quot;action&quot;:&quot;https:\\\/\\\/moncompte.actu.fr&quot;,&quot;category&quot;:&quot;mon compte&quot;,&quot;from&quot;:&quot;article footer&quot;,&quot;name&quot;:&quot;Mon actu&quot;,&quot;type&quot;:&quot;cta&quot;}}\" target=\"_blank\">Mon Actu<\/a>.<\/p>\n","protected":false},"excerpt":{"rendered":"Par Delphine Decourcelle Publi\u00e9 le 19 nov. 2025 \u00e0 6h50 \u00c0 49\u00a0ans, Vincent Spagnolini, forestier de m\u00e9tier, revient&hellip;\n","protected":false},"author":2,"featured_media":557470,"comment_status":"","ping_status":"","sticky":false,"template":"","format":"standard","meta":{"footnotes":""},"categories":[1358],"tags":[1867,1348,1384,1385,1386,58,59,1011,27,1652,1756],"class_list":{"0":"post-557469","1":"post","2":"type-post","3":"status-publish","4":"format-standard","5":"has-post-thumbnail","7":"category-arts-et-design","8":"tag-animaux","9":"tag-arts","10":"tag-arts-and-design","11":"tag-arts-et-design","12":"tag-design","13":"tag-divertissement","14":"tag-entertainment","15":"tag-fr","16":"tag-france","17":"tag-loisirs-culture","18":"tag-photographie"},"share_on_mastodon":{"url":"https:\/\/pubeurope.com\/@fr\/115610018334600443","error":""},"_links":{"self":[{"href":"https:\/\/www.europesays.com\/fr\/wp-json\/wp\/v2\/posts\/557469","targetHints":{"allow":["GET"]}}],"collection":[{"href":"https:\/\/www.europesays.com\/fr\/wp-json\/wp\/v2\/posts"}],"about":[{"href":"https:\/\/www.europesays.com\/fr\/wp-json\/wp\/v2\/types\/post"}],"author":[{"embeddable":true,"href":"https:\/\/www.europesays.com\/fr\/wp-json\/wp\/v2\/users\/2"}],"replies":[{"embeddable":true,"href":"https:\/\/www.europesays.com\/fr\/wp-json\/wp\/v2\/comments?post=557469"}],"version-history":[{"count":0,"href":"https:\/\/www.europesays.com\/fr\/wp-json\/wp\/v2\/posts\/557469\/revisions"}],"wp:featuredmedia":[{"embeddable":true,"href":"https:\/\/www.europesays.com\/fr\/wp-json\/wp\/v2\/media\/557470"}],"wp:attachment":[{"href":"https:\/\/www.europesays.com\/fr\/wp-json\/wp\/v2\/media?parent=557469"}],"wp:term":[{"taxonomy":"category","embeddable":true,"href":"https:\/\/www.europesays.com\/fr\/wp-json\/wp\/v2\/categories?post=557469"},{"taxonomy":"post_tag","embeddable":true,"href":"https:\/\/www.europesays.com\/fr\/wp-json\/wp\/v2\/tags?post=557469"}],"curies":[{"name":"wp","href":"https:\/\/api.w.org\/{rel}","templated":true}]}}