{"id":557491,"date":"2025-11-25T11:20:21","date_gmt":"2025-11-25T11:20:21","guid":{"rendered":"https:\/\/www.europesays.com\/fr\/557491\/"},"modified":"2025-11-25T11:20:21","modified_gmt":"2025-11-25T11:20:21","slug":"saint-etienne-un-suspect-interpelle-apres-une-agression-mortelle","status":"publish","type":"post","link":"https:\/\/www.europesays.com\/fr\/557491\/","title":{"rendered":"Saint-\u00c9tienne : un suspect interpell\u00e9 apr\u00e8s une agression mortelle"},"content":{"rendered":"<p>Deux jours apr\u00e8s la mort d&rsquo;un homme de 34 ans, agress\u00e9 en pleine rue \u00e0 Saint-\u00c9tienne, un suspect a \u00e9t\u00e9 interpell\u00e9, ce lundi 24 novembre, dans l&rsquo;agglom\u00e9ration st\u00e9phanoise.<\/p>\n<p>L&rsquo;enqu\u00eate avance apr\u00e8s ce drame en centre-ville de <b>Saint-\u00c9tienne<\/b>.<\/p>\n<p>D&rsquo;apr\u00e8s <a class=\"url\" href=\"https:\/\/c.leprogres.fr\/faits-divers-justice\/2025\/11\/24\/agression-mortelle-en-centre-ville-un-suspect-en-garde-a-vue\" target=\"_blank\" rel=\"noopener\">Le Progr\u00e8s<\/a>, <b>un individu a \u00e9t\u00e9 interpell\u00e9<\/b>, ce lundi 24 novembre, avant d&rsquo;\u00eatre plac\u00e9 en garde \u00e0 vue. Cet habitant de l&rsquo;agglom\u00e9ration st\u00e9phanoise aurait pris la fuite, samedi, avant l&rsquo;arriv\u00e9e des forces de l&rsquo;ordre.<\/p>\n<p>Une agression \u00e0 la sortie d&rsquo;un after<\/p>\n<p>Il est soup\u00e7onn\u00e9 d&rsquo;avoir <a class=\"url\" href=\"https:\/\/www.radioscoop.com\/infos\/maj-bagarre-a-saint-etienne-l-homme-gravement-blesse-est-finalement-decede_342768\" target=\"_blank\" rel=\"noopener\">mortellement agress\u00e9 un homme de 34 ans<\/a> \u00e0 la sortie de l&rsquo;after Square7, situ\u00e9 rue Saint-Pierre, pr\u00e8s de la place du Peuple.<\/p>\n<p>Le quotidien pr\u00e9cise qu&rsquo;une cliente, ancienne salari\u00e9e de l&rsquo;\u00e9tablissement, a prodigu\u00e9 un massage cardiaque \u00e0 la victime, en attendant l&rsquo;arriv\u00e9e des secours. L&rsquo;homme est finalement d\u00e9c\u00e9d\u00e9 \u00e0 l&rsquo;h\u00f4pital Nord en fin de journ\u00e9e, des suites de ses blessures.<\/p>\n<p><img loading=\"lazy\" decoding=\"async\" src=\"https:\/\/www.europesays.com\/fr\/wp-content\/uploads\/2025\/11\/1764069621_280_img\" width=\"350\" height=\"200\" border=\"0\" title=\"Un homme est port\u00c3\u00a9 disparu dans la Loire : un appel \u00c3\u00a0 t\u00c3\u00a9moins lanc\u00c3\u00a9 par les gendarmes\"\/><\/p>\n<p>\u25baFaits divers<\/p>\n<p style=\"font-size: 22px;\"><b>Disparition inqui\u00e9tante dans la Loire : appel \u00e0 t\u00e9moins pour retrouver un homme<\/b><\/p>\n<p>Un homme est port\u00e9 disparu depuis le vendredi 21&#8230;<\/p>\n<p><\/p>\n","protected":false},"excerpt":{"rendered":"Deux jours apr\u00e8s la mort d&rsquo;un homme de 34 ans, agress\u00e9 en pleine rue \u00e0 Saint-\u00c9tienne, un suspect&hellip;\n","protected":false},"author":2,"featured_media":557492,"comment_status":"","ping_status":"","sticky":false,"template":"","format":"standard","meta":{"footnotes":""},"categories":[9653],"tags":[1111,11,1120,2430,1769,1777,674,1011,27,12,25,9920,4001,16022],"class_list":{"0":"post-557491","1":"post","2":"type-post","3":"status-publish","4":"format-standard","5":"has-post-thumbnail","7":"category-saint-etienne","8":"tag-actu","9":"tag-actualites","10":"tag-agression","11":"tag-auvergne-rhone-alpes","12":"tag-enqute","13":"tag-eu","14":"tag-europe","15":"tag-fr","16":"tag-france","17":"tag-news","18":"tag-republique-francaise","19":"tag-saint-tienne","20":"tag-saint-etienne","21":"tag-suspect"},"share_on_mastodon":{"url":"https:\/\/pubeurope.com\/@fr\/115610074322315920","error":""},"_links":{"self":[{"href":"https:\/\/www.europesays.com\/fr\/wp-json\/wp\/v2\/posts\/557491","targetHints":{"allow":["GET"]}}],"collection":[{"href":"https:\/\/www.europesays.com\/fr\/wp-json\/wp\/v2\/posts"}],"about":[{"href":"https:\/\/www.europesays.com\/fr\/wp-json\/wp\/v2\/types\/post"}],"author":[{"embeddable":true,"href":"https:\/\/www.europesays.com\/fr\/wp-json\/wp\/v2\/users\/2"}],"replies":[{"embeddable":true,"href":"https:\/\/www.europesays.com\/fr\/wp-json\/wp\/v2\/comments?post=557491"}],"version-history":[{"count":0,"href":"https:\/\/www.europesays.com\/fr\/wp-json\/wp\/v2\/posts\/557491\/revisions"}],"wp:featuredmedia":[{"embeddable":true,"href":"https:\/\/www.europesays.com\/fr\/wp-json\/wp\/v2\/media\/557492"}],"wp:attachment":[{"href":"https:\/\/www.europesays.com\/fr\/wp-json\/wp\/v2\/media?parent=557491"}],"wp:term":[{"taxonomy":"category","embeddable":true,"href":"https:\/\/www.europesays.com\/fr\/wp-json\/wp\/v2\/categories?post=557491"},{"taxonomy":"post_tag","embeddable":true,"href":"https:\/\/www.europesays.com\/fr\/wp-json\/wp\/v2\/tags?post=557491"}],"curies":[{"name":"wp","href":"https:\/\/api.w.org\/{rel}","templated":true}]}}