{"id":557505,"date":"2025-11-25T11:27:10","date_gmt":"2025-11-25T11:27:10","guid":{"rendered":"https:\/\/www.europesays.com\/fr\/557505\/"},"modified":"2025-11-25T11:27:10","modified_gmt":"2025-11-25T11:27:10","slug":"quatre-migrants-retrouves-dans-un-camion-frigorifique-a-rouen","status":"publish","type":"post","link":"https:\/\/www.europesays.com\/fr\/557505\/","title":{"rendered":"Quatre migrants retrouv\u00e9s dans un camion frigorifique \u00e0 Rouen"},"content":{"rendered":"<p>                    Par<br \/>\n        <strong><br \/>\n            <a href=\"https:\/\/actu.fr\/auteur\/eaube\" title=\"Consulter tous les articles de Elo\u00efse Aub\u00e9\" target=\"_blank\" rel=\"noopener\">Elo\u00efse Aub\u00e9<\/a><br \/>\n                    <\/strong><\/p>\n<p>        Publi\u00e9 le<\/p>\n<p>            25 nov. 2025 \u00e0 11h27        <\/p>\n<p>Dans la nuit du 24 au 25\u00a0novembre 2025, la police a \u00e9t\u00e9 contact\u00e9e par le chauffeur d\u2019un poids lourd, originaire de Hollande, qui a \u00ab\u2009entendu <strong>des bruits dans sa remorque transportant des fleur<\/strong>s\u2009\u00bb, nous indique une source polici\u00e8re, confirmant des faits r\u00e9v\u00e9l\u00e9s par <a href=\"https:\/\/www.francebleu.fr\/infos\/faits-divers-justice\/quatre-migrants-d-origine-irakienne-decouverts-dans-un-camion-frigorifique-au-marche-d-interet-national-de-rouen-9176114\" target=\"_blank\" rel=\"noopener\">Ici Normandie<\/a>.<\/p>\n<p class=\" wall-content\">Les forces de l\u2019ordre se d\u00e9placent alors aussit\u00f4t l\u00e0 o\u00f9 le camion s\u2019est arr\u00eat\u00e9, avenue du commandant Bicheray, au niveau du March\u00e9 D\u2019int\u00e9r\u00eat National \u00e0 <a href=\"https:\/\/actu.fr\/normandie\/rouen_76540\" target=\"_blank\" rel=\"noopener\">Rouen<\/a> (Seine-Maritime).<\/p>\n<p>Originaires d\u2019Irak<\/p>\n<p class=\" wall-content\">Une fois sur place, les policiers constatent la pr\u00e9sence de <strong>quatre migrants<\/strong>, originaires d\u2019Irak, dans ce <strong>camion r\u00e9frig\u00e9r\u00e9<\/strong>. Toujours d\u2019apr\u00e8s notre source, ils seraient mont\u00e9s dans le camion lorsque celui-ci \u00e9tait arr\u00eat\u00e9 un peu plus t\u00f4t, sur une aire de repos.<\/p>\n<p class=\" wall-content\">\u00c2g\u00e9s entre 24 et 31 ans, ils ont \u00e9t\u00e9 plac\u00e9s en r\u00e9tention administrative [autrement dit dans un centre qui consiste \u00e0 maintenir dans un lieu ferm\u00e9 un \u00e9tranger qui ne peut pas quitter imm\u00e9diatement la France, Ndlr].<\/p>\n<p>Suivez l\u2019actualit\u00e9 de Rouen sur notre <a href=\"https:\/\/www.whatsapp.com\/channel\/0029VaKfnf99hXF2ddApFB1D\" target=\"_blank\" rel=\"noopener\">cha\u00eene WhatsApp<\/a> et sur notre <a href=\"https:\/\/www.tiktok.com\/@76actu.fr?lang=fr\" target=\"_blank\" rel=\"noopener\">compte TikTok<\/a><\/p>\n<p class=\" wall-content\">Personnalisez votre actualit\u00e9 en ajoutant vos villes et m\u00e9dias en favori avec <a href=\"https:\/\/moncompte.actu.fr\" title=\"D\u00e9couvez Mon Actu\" rel=\"nofollow noopener\" data-trk=\"{&quot;cta&quot;:{&quot;action&quot;:&quot;https:\\\/\\\/moncompte.actu.fr&quot;,&quot;category&quot;:&quot;mon compte&quot;,&quot;from&quot;:&quot;article footer&quot;,&quot;name&quot;:&quot;Mon actu&quot;,&quot;type&quot;:&quot;cta&quot;}}\" target=\"_blank\">Mon Actu<\/a>.<\/p>\n<p>                    <script async src=\"\/\/www.tiktok.com\/embed.js\"><\/script><\/p>\n","protected":false},"excerpt":{"rendered":"Par Elo\u00efse Aub\u00e9 Publi\u00e9 le 25 nov. 2025 \u00e0 11h27 Dans la nuit du 24 au 25\u00a0novembre 2025,&hellip;\n","protected":false},"author":2,"featured_media":557506,"comment_status":"","ping_status":"","sticky":false,"template":"","format":"standard","meta":{"footnotes":""},"categories":[9587],"tags":[1111,11,1777,674,118,1011,27,1061,1251,12,5161,1072,25,9590],"class_list":{"0":"post-557505","1":"post","2":"type-post","3":"status-publish","4":"format-standard","5":"has-post-thumbnail","7":"category-rouen","8":"tag-actu","9":"tag-actualites","10":"tag-eu","11":"tag-europe","12":"tag-faits-divers","13":"tag-fr","14":"tag-france","15":"tag-immigration","16":"tag-migrants","17":"tag-news","18":"tag-normandie","19":"tag-police","20":"tag-republique-francaise","21":"tag-rouen"},"share_on_mastodon":{"url":"https:\/\/pubeurope.com\/@fr\/115610101058273876","error":""},"_links":{"self":[{"href":"https:\/\/www.europesays.com\/fr\/wp-json\/wp\/v2\/posts\/557505","targetHints":{"allow":["GET"]}}],"collection":[{"href":"https:\/\/www.europesays.com\/fr\/wp-json\/wp\/v2\/posts"}],"about":[{"href":"https:\/\/www.europesays.com\/fr\/wp-json\/wp\/v2\/types\/post"}],"author":[{"embeddable":true,"href":"https:\/\/www.europesays.com\/fr\/wp-json\/wp\/v2\/users\/2"}],"replies":[{"embeddable":true,"href":"https:\/\/www.europesays.com\/fr\/wp-json\/wp\/v2\/comments?post=557505"}],"version-history":[{"count":0,"href":"https:\/\/www.europesays.com\/fr\/wp-json\/wp\/v2\/posts\/557505\/revisions"}],"wp:featuredmedia":[{"embeddable":true,"href":"https:\/\/www.europesays.com\/fr\/wp-json\/wp\/v2\/media\/557506"}],"wp:attachment":[{"href":"https:\/\/www.europesays.com\/fr\/wp-json\/wp\/v2\/media?parent=557505"}],"wp:term":[{"taxonomy":"category","embeddable":true,"href":"https:\/\/www.europesays.com\/fr\/wp-json\/wp\/v2\/categories?post=557505"},{"taxonomy":"post_tag","embeddable":true,"href":"https:\/\/www.europesays.com\/fr\/wp-json\/wp\/v2\/tags?post=557505"}],"curies":[{"name":"wp","href":"https:\/\/api.w.org\/{rel}","templated":true}]}}