{"id":557507,"date":"2025-11-25T11:28:11","date_gmt":"2025-11-25T11:28:11","guid":{"rendered":"https:\/\/www.europesays.com\/fr\/557507\/"},"modified":"2025-11-25T11:28:11","modified_gmt":"2025-11-25T11:28:11","slug":"seine-maritime-le-trafic-des-trains-a-repris-entre-rouen-et-paris-saint-lazare","status":"publish","type":"post","link":"https:\/\/www.europesays.com\/fr\/557507\/","title":{"rendered":"Seine-Maritime. Le trafic des trains a repris entre Rouen et Paris Saint-Lazare"},"content":{"rendered":"<p>Le trafic a repris aux alentours de 11h15. La cause exacte de cette interruption est d\u00e9sormais connue : un arbre de taille relativement importante appartenant \u00e0 un riverain est tomb\u00e9 sur les voies ce matin.<\/p>\n<p melodystyle=\"texte\">A 7\u00a0heures, ce mardi 25\u00a0novembre, la SNCF a annonc\u00e9 l&rsquo;interruption de la circulation des trains entre Rouen et Paris Saint-Lazare. En cause, un d\u00e9faut d&rsquo;alimentation \u00e9lectrique.<\/p>\n<blockquote class=\"twitter-tweet\"><p>&#13;<\/p>\n<p melodystyle=\"texte\">\ud83d\udea6 <a href=\"https:\/\/twitter.com\/hashtag\/FlashTraficNomadTrain?src=hash&amp;ref_src=twsrc%5Etfw\" target=\"_blank\" rel=\"noopener\">#FlashTraficNomadTrain<\/a> 11h14<\/p>\n<p>\ud83d\udfe2 Arbre tomb\u00e9 sur la cat\u00e9naire provoquant un d\u00e9faut d&rsquo;alimentation entre Val de Reuil et Vernon<\/p>\n<p>Fin d&rsquo;incident, le trafic reprens progressivement sur la ligne Rouen-Paris<\/p>\n<p>\ud83d\ude86Dans les deux sens, les train 13128 et 13115 sont les premiers \u00e0 partir\u2026 <a href=\"https:\/\/t.co\/0o43xz4BXT\" target=\"_blank\">https:\/\/t.co\/0o43xz4BXT<\/a><\/p>\n<p>&#13;<br \/>\n\u2014 SNCF NOMAD TRAIN (@train_nomad) <a href=\"https:\/\/twitter.com\/train_nomad\/status\/1993262071018815607?ref_src=twsrc%5Etfw\" target=\"_blank\" rel=\"noopener\">November 25, 2025<\/a><\/p><\/blockquote>\n<p melodystyle=\"texte\">\u00ab\u00a0Nous avons une cat\u00e9naire qui n&rsquo;est plus aliment\u00e9e. Nous avons une suspicion de branche mais il faut qu&rsquo;un train soit envoy\u00e9 en reconnaissance pour identifier la cause de ce d\u00e9faut\u00a0\u00bb, explique la SNCF.<\/p>\n<p>Plusieurs trains supprim\u00e9s<\/p>\n<p melodystyle=\"texte\">Actuellement, la reconnaissance du 3100 sur les voies est en cours. Le 13101 est terminus Vernon, le 13110 sera origine Vernon, le 13107 est supprim\u00e9, le 13116 est supprim\u00e9 et les 3102 et 3103 sont d\u00e9tourn\u00e9s par un itin\u00e9raire alternatif. L&rsquo;heure de reprise est estim\u00e9e actuellement \u00e0 10h35.<\/p>\n<p> \t\t\t\t\t\t<script async src=\"https:\/\/platform.twitter.com\/widgets.js\" charset=\"utf-8\"><\/script><\/p>\n","protected":false},"excerpt":{"rendered":"Le trafic a repris aux alentours de 11h15. La cause exacte de cette interruption est d\u00e9sormais connue :&hellip;\n","protected":false},"author":2,"featured_media":557508,"comment_status":"","ping_status":"","sticky":false,"template":"","format":"standard","meta":{"footnotes":""},"categories":[9587],"tags":[1111,11,1777,674,1011,27,12,5161,25,9590],"class_list":{"0":"post-557507","1":"post","2":"type-post","3":"status-publish","4":"format-standard","5":"has-post-thumbnail","7":"category-rouen","8":"tag-actu","9":"tag-actualites","10":"tag-eu","11":"tag-europe","12":"tag-fr","13":"tag-france","14":"tag-news","15":"tag-normandie","16":"tag-republique-francaise","17":"tag-rouen"},"share_on_mastodon":{"url":"https:\/\/pubeurope.com\/@fr\/115610104976665243","error":""},"_links":{"self":[{"href":"https:\/\/www.europesays.com\/fr\/wp-json\/wp\/v2\/posts\/557507","targetHints":{"allow":["GET"]}}],"collection":[{"href":"https:\/\/www.europesays.com\/fr\/wp-json\/wp\/v2\/posts"}],"about":[{"href":"https:\/\/www.europesays.com\/fr\/wp-json\/wp\/v2\/types\/post"}],"author":[{"embeddable":true,"href":"https:\/\/www.europesays.com\/fr\/wp-json\/wp\/v2\/users\/2"}],"replies":[{"embeddable":true,"href":"https:\/\/www.europesays.com\/fr\/wp-json\/wp\/v2\/comments?post=557507"}],"version-history":[{"count":0,"href":"https:\/\/www.europesays.com\/fr\/wp-json\/wp\/v2\/posts\/557507\/revisions"}],"wp:featuredmedia":[{"embeddable":true,"href":"https:\/\/www.europesays.com\/fr\/wp-json\/wp\/v2\/media\/557508"}],"wp:attachment":[{"href":"https:\/\/www.europesays.com\/fr\/wp-json\/wp\/v2\/media?parent=557507"}],"wp:term":[{"taxonomy":"category","embeddable":true,"href":"https:\/\/www.europesays.com\/fr\/wp-json\/wp\/v2\/categories?post=557507"},{"taxonomy":"post_tag","embeddable":true,"href":"https:\/\/www.europesays.com\/fr\/wp-json\/wp\/v2\/tags?post=557507"}],"curies":[{"name":"wp","href":"https:\/\/api.w.org\/{rel}","templated":true}]}}