{"id":557513,"date":"2025-11-25T11:32:12","date_gmt":"2025-11-25T11:32:12","guid":{"rendered":"https:\/\/www.europesays.com\/fr\/557513\/"},"modified":"2025-11-25T11:32:12","modified_gmt":"2025-11-25T11:32:12","slug":"la-securite-a-rennes-sera-t-elle-le-talon-dachille-de-nathalie-appere-pour-les-municipales","status":"publish","type":"post","link":"https:\/\/www.europesays.com\/fr\/557513\/","title":{"rendered":"La s\u00e9curit\u00e9 \u00e0 Rennes sera-t-elle le talon d\u2019Achille de Nathalie App\u00e9r\u00e9 pour les municipales\u00a0?"},"content":{"rendered":"<p>Peut-on avoir tenu ses promesses et afficher un bilan, au mieux, passable ? <a href=\"https:\/\/www.letelegramme.fr\/ille-et-vilaine\/rennes-35000\/municipales-2026-a-rennes-trois-partis-rejoignent-lunion-de-la-gauche-autour-de-nathalie-appere-6931320.php\" target=\"_blank\" rel=\"noopener\">C\u2019est le paradoxe de Nathalie App\u00e9r\u00e9<\/a> en mati\u00e8re de s\u00e9curit\u00e9 \u00e0 l\u2019issue de ce deuxi\u00e8me mandat. En 2020, la th\u00e9matique ne tenait pas sur une page du programme commun. Rel\u00e9gu\u00e9e en 3e position, le th\u00e8me s\u2019est impos\u00e9, au fil des mois, comme<a href=\"https:\/\/www.letelegramme.fr\/ille-et-vilaine\/rennes-35000\/insecurite-a-rennes-la-maire-nathalie-appere-est-elle-vraiment-en-train-de-changer-de-logiciel-6813485.php\" target=\"_blank\" rel=\"noopener\"> une pr\u00e9occupation majeure des Rennais et de la municipalit\u00e9.<\/a> \u00c0 l\u2019aube de cette nouvelle campagne, la maire doit faire avec ce gros caillou dans la chaussure,<a href=\"https:\/\/www.letelegramme.fr\/ille-et-vilaine\/rennes-35000\/la-maire-de-rennes-invitee-a-partager-ses-reussites-en-termes-de-securite-lopposition-sen-donne-a-coeur-joie-6878521.php\" target=\"_blank\" rel=\"noopener\"> sur lequel appuient ses oppositions.<\/a> En cause, l\u2019explosion du narcotrafic et des violences qu\u2019il engendre. 813 faits li\u00e9s \u00e0 la drogue \u00e9taient recens\u00e9s en 2019, contre 2 194 en 2024.<\/p>\n<p>Rennes, class\u00e9e \u00ab ville de s\u00e9curit\u00e9 renforc\u00e9e \u00bb<\/p>\n<p>Durant le pr\u00e9c\u00e9dent mandat, la maire avait d\u00e9j\u00e0 \u00e9t\u00e9 <a href=\"https:\/\/www.letelegramme.fr\/ille-et-vilaine\/rennes-35000\/la-maire-de-rennes-nathalie-appere-va-t-elle-payer-le-prix-politique-des-violences-du-narcotrafic-6803621.php\" target=\"_blank\" rel=\"noopener\">attaqu\u00e9e sur les questions de s\u00e9curit\u00e9<\/a>. Elle d\u00e9butait son mandat en 2020 avec un logiciel \u00ab r\u00e9initialis\u00e9 \u00bb. L\u2019\u00e9dile promettait de \u00ab poursuivre les coop\u00e9rations avec l\u2019\u00c9tat (\u2026) pour obtenir des renforts policiers \u00bb. L\u2019Int\u00e9rieur a, de fait, dot\u00e9 Rennes de nouveaux effectifs. 38 en 2020, 25 en 2021, 12 en 2023\u2026 En 2025, Rennes a aussi \u00e9t\u00e9 class\u00e9e \u00ab ville de s\u00e9curit\u00e9 renforc\u00e9e \u00bb par le ministre de l\u2019Int\u00e9rieur. Un statut cens\u00e9 faciliter les d\u00e9ploiements. Sans effet v\u00e9ritable \u00e0 ce jour. On est tr\u00e8s loin des 70 \u00e0 150 policiers suppl\u00e9mentaires r\u00e9clam\u00e9s par les syndicats de police.<\/p>\n<p>Est-ce la faute \u00e0 App\u00e9r\u00e9 ? En r\u00e9alit\u00e9, la comp\u00e9tence est r\u00e9galienne. Ses oppositions critiquent surtout \u00ab l\u2019id\u00e9ologie \u00bb qui gouvernerait en mairie. Ainsi, son refus r\u00e9it\u00e9r\u00e9 d\u2019armer la police municipale (PM) sert de totem.<\/p>\n<p>40 policiers recrut\u00e9s<\/p>\n<p>Sur la PM, App\u00e9r\u00e9 a globalement tenu son programme. Plus de 40 policiers ont \u00e9t\u00e9 recrut\u00e9s faisant passer le nombre d\u2019agents de 75 au d\u00e9but du mandat \u00e0 115. Cette hausse du nombre de \u00ab municipaux \u00bb a permis l\u2019extension des horaires de patrouille \u00e0 la nuit. Insuffisant estiment les oppositions, qui regrettent l\u2019absence d\u2019une cr\u00e9ation d\u2019une vraie brigade nocturne, comme annonc\u00e9e en 2020.<\/p>\n<p>Nathalie App\u00e9r\u00e9 a aussi cr\u00e9\u00e9 une brigade anti-incivilit\u00e9s en janvier 2024. Avec 17 agents, son objectif est de traquer les petits m\u00e9faits du quotidien : d\u00e9p\u00f4ts d\u2019ordures sauvages, stationnements abusifs, comportements d\u00e9plac\u00e9s, harc\u00e8lement de rue\u2026<\/p>\n<p>Le dispositif de vid\u00e9osurveillance devait aussi \u00eatre \u00ab renforc\u00e9 \u00bb. Estim\u00e9es au nombre 36 en 2020, les cam\u00e9ras sont plus d\u2019une centaine d\u00e9but 2025. Sans effet notable sur l\u2019\u00e9volution de la d\u00e9linquance (16 600 en 2019, 19 861 en 2024). L\u00e0 encore, les oppositions d\u00e9noncent l\u2019insuffisance du d\u00e9ploiement dont les policiers sont pourtant de moins en moins d\u00e9pendants gr\u00e2ce \u00e0 l\u2019usage des drones, soulignait le pr\u00e9fet en juin.<\/p>\n<p>Explosion du narcotrafic<\/p>\n<p>Promesse au point mort : la cr\u00e9ation d\u2019une Maison de la tranquillit\u00e9, en 2023, au palais Saint-Georges. Destin\u00e9e \u00e0 \u00ab faciliter les d\u00e9marches aupr\u00e8s de la police municipale et proposer des permanences d\u2019acc\u00e8s au droit \u00bb, elle n\u2019ouvrira probablement pas en 2026, comme annonc\u00e9e il y a encore deux ans. En cause le contexte de tr\u00e8s fortes tensions sur les finances publiques, qui s\u2019ajoutent \u00e0 diff\u00e9rents param\u00e8tres techniques3. \u00c0 la d\u00e9charge de la maire, son deuxi\u00e8me mandat a \u00e9t\u00e9 confront\u00e9 \u00e0 une crise sanitaire in\u00e9dite et \u00e0 une guerre en Europe dont les retentissements \u00e9conomiques se font toujours sentir. La France a aggrav\u00e9 son d\u00e9ficit, for\u00e7ant les collectivit\u00e9s \u00e0 faire des \u00e9conomies.<\/p>\n<p>Cons\u00e9quence de la sortie des confinements, <a href=\"https:\/\/www.letelegramme.fr\/ille-et-vilaine\/rennes-35000\/avant-les-municipales-comment-la-maire-ps-de-rennes-tente-de-reduire-la-facture-politique-des-violences-du-narcotrafic-analyse-6853976.php\" target=\"_blank\" rel=\"noopener\">l\u2019explosion du narcotrafic<\/a> a aussi rendu caduques des promesses comme le \u00ab Livre blanc de la s\u00e9curit\u00e9 \u00bb, lanc\u00e9 un an apr\u00e8s le d\u00e9but de son deuxi\u00e8me mandat, avant l\u2019explosion des faits li\u00e9s aux stups. \u00c0 l\u2019\u00e9poque, 78 % des habitants estimaient, dans une enqu\u00eate TMO, que Rennes \u00e9tait une ville s\u00fbre. Est-ce toujours le cas aujourd\u2019hui ? Aucune enqu\u00eate n\u2019est sortie depuis.<\/p>\n","protected":false},"excerpt":{"rendered":"Peut-on avoir tenu ses promesses et afficher un bilan, au mieux, passable ? C\u2019est le paradoxe de Nathalie&hellip;\n","protected":false},"author":2,"featured_media":557514,"comment_status":"","ping_status":"","sticky":false,"template":"","format":"standard","meta":{"footnotes":""},"categories":[2821],"tags":[1111,11,829,2761,1777,674,1011,27,848,67471,3434,26053,12,3364,584,25],"class_list":{"0":"post-557513","1":"post","2":"type-post","3":"status-publish","4":"format-standard","5":"has-post-thumbnail","7":"category-rennes","8":"tag-actu","9":"tag-actualites","10":"tag-bretagne","11":"tag-elections-municipales-2026","12":"tag-eu","13":"tag-europe","14":"tag-fr","15":"tag-france","16":"tag-ille-et-vilaine","17":"tag-le-mensuel-de-rennes","18":"tag-municipales-2026","19":"tag-municipales-2026-a-rennes","20":"tag-news","21":"tag-politique-a-rennes","22":"tag-rennes","23":"tag-republique-francaise"},"share_on_mastodon":{"url":"https:\/\/pubeurope.com\/@fr\/115610120693558387","error":""},"_links":{"self":[{"href":"https:\/\/www.europesays.com\/fr\/wp-json\/wp\/v2\/posts\/557513","targetHints":{"allow":["GET"]}}],"collection":[{"href":"https:\/\/www.europesays.com\/fr\/wp-json\/wp\/v2\/posts"}],"about":[{"href":"https:\/\/www.europesays.com\/fr\/wp-json\/wp\/v2\/types\/post"}],"author":[{"embeddable":true,"href":"https:\/\/www.europesays.com\/fr\/wp-json\/wp\/v2\/users\/2"}],"replies":[{"embeddable":true,"href":"https:\/\/www.europesays.com\/fr\/wp-json\/wp\/v2\/comments?post=557513"}],"version-history":[{"count":0,"href":"https:\/\/www.europesays.com\/fr\/wp-json\/wp\/v2\/posts\/557513\/revisions"}],"wp:featuredmedia":[{"embeddable":true,"href":"https:\/\/www.europesays.com\/fr\/wp-json\/wp\/v2\/media\/557514"}],"wp:attachment":[{"href":"https:\/\/www.europesays.com\/fr\/wp-json\/wp\/v2\/media?parent=557513"}],"wp:term":[{"taxonomy":"category","embeddable":true,"href":"https:\/\/www.europesays.com\/fr\/wp-json\/wp\/v2\/categories?post=557513"},{"taxonomy":"post_tag","embeddable":true,"href":"https:\/\/www.europesays.com\/fr\/wp-json\/wp\/v2\/tags?post=557513"}],"curies":[{"name":"wp","href":"https:\/\/api.w.org\/{rel}","templated":true}]}}