{"id":557515,"date":"2025-11-25T11:33:21","date_gmt":"2025-11-25T11:33:21","guid":{"rendered":"https:\/\/www.europesays.com\/fr\/557515\/"},"modified":"2025-11-25T11:33:21","modified_gmt":"2025-11-25T11:33:21","slug":"rennes-vos-magasins-et-centres-commerciaux-sont-ouverts-dimanche-30-novembre-dans-une-ambiance","status":"publish","type":"post","link":"https:\/\/www.europesays.com\/fr\/557515\/","title":{"rendered":"Rennes. Vos magasins et centres commerciaux sont ouverts dimanche 30 novembre&#8230; dans une ambiance"},"content":{"rendered":"<tr wp_automatic_readability=\"2.9375\">\n<td valign=\"middle\" align=\"center\" class=\"col-logo\">\n    <img decoding=\"async\" src=\"https:\/\/www.europesays.com\/fr\/wp-content\/uploads\/2025\/05\/LogoMavilleCommunique.gif\" alt=\"logo Maville.com, article sponsoris\u00e9\" height=\"66\"\/><\/p>\n<\/td>\n<td class=\"col-titre\">\n\t\t\tMardi 25 novembre 2025 11:50<br \/>\n\t\t\t<a class=\"icon-bulle sizeL count\" href=\"#ancreAvis\"><br \/>\n\t&#8230;<br \/>\n<\/a><\/td>\n<\/tr>\n<p>\t\t<a class=\"mavillebox2 elmt-photo\" href=\"https:\/\/maville.com\/photosmvi\/2025\/11\/24\/P35599408D7078104G.jpg\" title=\"Rennes. Vos magasins et centres commerciaux sont ouverts dimanche 30 novembre... dans une ambiance 100% No\u00ebl ! \" rel=\"galerie_actu noopener\" target=\"_blank\"><br \/>\n\t<img decoding=\"async\" src=\"https:\/\/www.europesays.com\/fr\/wp-content\/uploads\/2025\/11\/P35599408D7078104G_crop_640-330_.jpg\" alt=\"photo rennes. vos magasins et centres commerciaux sont ouverts dimanche 30 novembre... dans une ambiance 100% no\u00ebl !\"\/><br \/>\n\t2<br \/>\n<\/a><\/p>\n<p class=\"elmt-legende\">Rennes. Vos magasins et centres commerciaux sont ouverts dimanche 30 novembre&#8230; dans une ambiance 100% No\u00ebl ! <\/p>\n<p><a class=\"mavillebox2\" href=\"https:\/\/maville.com\/photosmvi\/2025\/11\/24\/P35599409D7078104G.jpg\" title=\"Rennes. Vos magasins et centres commerciaux sont ouverts dimanche 30 novembre... dans une ambiance 100% No\u00ebl !\" rel=\"galerie_actu noopener\" target=\"_blank\"><\/p>\n<p>Les boutiques des centres commerciaux Grand Quartier, La Visitation, Colombia et Alma, ainsi que les magasins Decathlon et Castorama Rennes St-Jacques sont exceptionnellement ouverts dimanche 30 novembre ! Les bons plans du Black Friday sont juste \u00e0 c\u00f4t\u00e9 !<\/p>\n<p>\t\tMaville.com, article sponsoris\u00e9\u00a0\u00a0<\/p>\n","protected":false},"excerpt":{"rendered":"Mardi 25 novembre 2025 11:50 &#8230; 2 Rennes. Vos magasins et centres commerciaux sont ouverts dimanche 30 novembre&#8230;&hellip;\n","protected":false},"author":2,"featured_media":557516,"comment_status":"","ping_status":"","sticky":false,"template":"","format":"standard","meta":{"footnotes":""},"categories":[2821],"tags":[20747,11045,1111,11,8894,829,12405,18165,6664,1777,674,1011,27,11906,12,15830,24649,18166,584,25],"class_list":{"0":"post-557515","1":"post","2":"type-post","3":"status-publish","4":"format-standard","5":"has-post-thumbnail","7":"category-rennes","8":"tag-20747","9":"tag-11045","10":"tag-actu","11":"tag-actualites","12":"tag-ambiance","13":"tag-bretagne","14":"tag-centres","15":"tag-commerciaux","16":"tag-dimanche","17":"tag-eu","18":"tag-europe","19":"tag-fr","20":"tag-france","21":"tag-magasins","22":"tag-news","23":"tag-noel","24":"tag-novembre","25":"tag-ouverts","26":"tag-rennes","27":"tag-republique-francaise"},"share_on_mastodon":{"url":"https:\/\/pubeurope.com\/@fr\/115610125607821083","error":""},"_links":{"self":[{"href":"https:\/\/www.europesays.com\/fr\/wp-json\/wp\/v2\/posts\/557515","targetHints":{"allow":["GET"]}}],"collection":[{"href":"https:\/\/www.europesays.com\/fr\/wp-json\/wp\/v2\/posts"}],"about":[{"href":"https:\/\/www.europesays.com\/fr\/wp-json\/wp\/v2\/types\/post"}],"author":[{"embeddable":true,"href":"https:\/\/www.europesays.com\/fr\/wp-json\/wp\/v2\/users\/2"}],"replies":[{"embeddable":true,"href":"https:\/\/www.europesays.com\/fr\/wp-json\/wp\/v2\/comments?post=557515"}],"version-history":[{"count":0,"href":"https:\/\/www.europesays.com\/fr\/wp-json\/wp\/v2\/posts\/557515\/revisions"}],"wp:featuredmedia":[{"embeddable":true,"href":"https:\/\/www.europesays.com\/fr\/wp-json\/wp\/v2\/media\/557516"}],"wp:attachment":[{"href":"https:\/\/www.europesays.com\/fr\/wp-json\/wp\/v2\/media?parent=557515"}],"wp:term":[{"taxonomy":"category","embeddable":true,"href":"https:\/\/www.europesays.com\/fr\/wp-json\/wp\/v2\/categories?post=557515"},{"taxonomy":"post_tag","embeddable":true,"href":"https:\/\/www.europesays.com\/fr\/wp-json\/wp\/v2\/tags?post=557515"}],"curies":[{"name":"wp","href":"https:\/\/api.w.org\/{rel}","templated":true}]}}