{"id":557520,"date":"2025-11-25T11:36:28","date_gmt":"2025-11-25T11:36:28","guid":{"rendered":"https:\/\/www.europesays.com\/fr\/557520\/"},"modified":"2025-11-25T11:36:28","modified_gmt":"2025-11-25T11:36:28","slug":"un-ancien-adjoint-au-maire-devenu-opposant-se-lance-dans-la-course","status":"publish","type":"post","link":"https:\/\/www.europesays.com\/fr\/557520\/","title":{"rendered":"un ancien adjoint au maire devenu opposant se lance dans la course"},"content":{"rendered":"<p class=\"fs-5 \">Ses passes d\u2019armes avec le maire de Carros sont l\u00e9gion. \u00c0 chaque conseil municipal, mais aussi sur les r\u00e9seaux sociaux, St\u00e9phane Revello campe une farouche opposition \u00e0 Yannick Bernard, l\u2019homme qui l\u2019a \u00e9vinc\u00e9 de la mairie en 2020.<\/p>\n<p class=\"fs-5 \">Adjoint \u00e0 la Culture sous la pr\u00e9c\u00e9dente mandature de Charles Scibetta, le professionnel de l\u2019\u00e9v\u00e8nementiel m\u00e8ne d\u00e9sormais campagne pour les \u00e9lections municipales de mars 2026. A 40 ans, avec <strong>sa liste \u00ab Carros Ensemble \u00bb, il compte \u00ab redynamiser la ville qui [l\u2019]a vu grandir \u00bb.<\/strong><\/p>\n<p class=\"fs-5 \"><strong>Vous \u00e9laborez un programme participatif. C\u2019est-\u00e0-dire ?<\/strong><\/p>\n<p class=\"fs-5 \">La proximit\u00e9 a disparu sous ce mandat. Il faut la r\u00e9tablir. Avec mon \u00e9quipe, nous multiplions les r\u00e9unions de quartier, les rencontres de commer\u00e7ants. La population peut nous interpeller et nous dire ce qu\u2019on doit am\u00e9liorer (1). En sachant que chaque projet qui sera dans le programme sera r\u00e9alis\u00e9 dans le mandat.<\/p>\n<p>            <img src=\"https:\/\/www.europesays.com\/fr\/wp-content\/uploads\/2025\/11\/b19e281_upload-from-url-1-yr1npt2empr0-data-art-15070596-qeffs6mt.jpg\"   loading=\"lazy\" decoding=\"async\" alt=\"\" class=\"img-fluid position-absolute w-100 object-fit-cover rounded-2\" width=\"600\" height=\"400\"\/><\/p>\n<p class=\"fs-5 \"><strong>Vous estimez que les services communaux ne sont pas \u00e0 la hauteur. Pr\u00e8s de 360 agents sont pourtant d\u00e9j\u00e0 employ\u00e9s&#8230;<\/strong><\/p>\n<p class=\"fs-5 \">Nous perdons en qualit\u00e9 de vie. Au pr\u00e9c\u00e9dent mandat, il y avait plus de 400 agents. Si on en a perdu une quarantaine, on d\u00e9pense 1 million d\u2019euros de plus en masse salariale. On embauche moins de gens mais des gens qui co\u00fbtent tr\u00e8s cher. Ce n\u2019est pas s\u00e9rieux. En attendant, tous les jours, 12 000 personnes viennent travailler dans la zone industrielle et sont en droit d\u2019attendre un accueil adapt\u00e9.<\/p>\n<p class=\"fs-5 \"><strong>Vous souhaitez rendre la ville plus attractive. 3000 habitants suppl\u00e9mentaires depuis six ans, ce n\u2019est pas assez ?<\/strong><\/p>\n<p class=\"fs-5 \">En l\u2019\u00e9tat, c\u2019est trop. Nos infrastructures sont vieillissantes et ne peuvent plus accueillir autant d\u2019habitants. Par exemple, on a un magnifique gymnase mais tous les cr\u00e9neaux sont satur\u00e9s. Au lieu de mettre 850 000 euros dans la couverture d\u2019un terrain de basket, quitte \u00e0 d\u00e9penser autant, on aurait fait construire une nouvelle halle de sport ailleurs. \u00e7 a aurait d\u00e9sengorg\u00e9 le quartier. Il nous faut une vision \u00e0 long terme pour continuer \u00e0 nous d\u00e9velopper. Idem avec le parking place St-Pierre, tellement sous-dimensionn\u00e9 qu\u2019il sera obsol\u00e8te une fois fini. Le maire a pr\u00e9cipit\u00e9 le chantier car l\u2019\u00e9lection approche.<\/p>\n<p>            <img src=\"https:\/\/www.europesays.com\/fr\/wp-content\/uploads\/2025\/11\/f3fba02_upload-from-url-1-fmlyk7u0xb1t-data-art-11743991-bxsbshvv.jpg\"   loading=\"lazy\" decoding=\"async\" alt=\"La mairie de Carros, en mars2022. \" class=\"img-fluid position-absolute w-100 object-fit-cover rounded-2\" width=\"600\" height=\"400\"\/><\/p>\n<p class=\"fs-5 \"><strong>Vous reprochez au maire son manque de projets ambitieux. Lui explique devoir \u00e9ponger la dette laiss\u00e9e par son pr\u00e9d\u00e9cesseur&#8230;<\/strong><\/p>\n<p class=\"fs-5 \">Tous les projets structurants que Yannick Bernard a inaugur\u00e9s ont \u00e9t\u00e9 lanc\u00e9s par son pr\u00e9d\u00e9cesseur. Il s\u2019en est octroy\u00e9 les m\u00e9rites tout en critiquant les d\u00e9penses n\u00e9cessaires \u00e0 ces r\u00e9alisations. S\u2019il voulait tellement \u00e9conomiser, comment expliquer qu\u2019il n\u2019ait cherch\u00e9 aucune subvention pour l\u2019am\u00e9nagement de la place Saint-Pierre ou le pr\u00e9au du gymnase ? Si Yannick Bernard avait \u00e9t\u00e9 un bon maire, je ne me serais pas pr\u00e9sent\u00e9.<\/p>\n<p class=\"fs-5 \"><strong>Vous d\u00e9plorez que la mairie se d\u00e9douane sur la M\u00e9tropole. Pour vous, il n\u2019y a pas de probl\u00e8me de gouvernance ?<\/strong><\/p>\n<p class=\"fs-5 \">Nous devons b\u00e9n\u00e9ficier d\u2019agents qualifi\u00e9s et de subventions de la part de la M\u00e9tropole. Il n\u2019y a rien de politique. Mais le maire a vot\u00e9 contre la motion de confiance du pr\u00e9sident, Christian Estrosi (en juillet 2024). C\u2019\u00e9tait inutile. Depuis, toute la ville est blacklist\u00e9e.<\/p>\n<p>            <img src=\"https:\/\/www.europesays.com\/fr\/wp-content\/uploads\/2025\/11\/8c75cae_upload-from-url-1-ui4b4ig3aoer-data-art-11406323-pkog1ynn.jpg\"   loading=\"lazy\" decoding=\"async\" alt=\"Jean-Louis Alunno (\u00e0 gauche) assure ne pas vouloir rejoindre la majorit\u00e9. St\u00e9phane Revello tente de temp\u00e9rer. \" class=\"img-fluid position-absolute w-100 object-fit-cover rounded-2\" width=\"600\" height=\"400\"\/><\/p>\n<p class=\"fs-5 \"><strong>Aux derni\u00e8res \u00e9lections, Charles Scibetta avait perdu de quelques points seulement. Son soutien serait un tremplin pour vous. Va-t-il se prononcer ?<\/strong><\/p>\n<p class=\"fs-5 \">Ce n\u2019est pas une question que je me pose. \u00c0 partir du moment o\u00f9 on fait un projet avec les Carrossois pour les Carrossois, il n\u2019y a plus de liens partisans. Ce qui ne m\u2019emp\u00eache pas d\u2019\u00eatre tr\u00e8s fier du bilan r\u00e9alis\u00e9 avec Charles Scibetta.<\/p>\n<p class=\"fs-5 \"><strong>Pourquoi ne pas vous \u00eatre alli\u00e9 avec l\u2019autre candidat, Gilles Renoux ? Est-ce parce qu\u2019il est un \u00e9lu r\u00e9gional du RN ?<\/strong><\/p>\n<p class=\"fs-5 \">Je d\u00e9fends les int\u00e9r\u00eats de Carros, pas d\u2019un parti politique. Mais c\u2019est tr\u00e8s bien qu\u2019il y ait plusieurs programmes : les \u00e9lecteurs choisiront celui qui leur ressemble le plus.<\/p>\n<p class=\"fs-5 \">1. contact@carrosensemble.fr ou 07.80.97.03.97. R\u00e9union publique jeudi 27 novembre, \u00e0 18h, salle Ecovie (route de la ZA de la Grave).<\/p>\n","protected":false},"excerpt":{"rendered":"Ses passes d\u2019armes avec le maire de Carros sont l\u00e9gion. \u00c0 chaque conseil municipal, mais aussi sur les&hellip;\n","protected":false},"author":2,"featured_media":557521,"comment_status":"","ping_status":"","sticky":false,"template":"","format":"standard","meta":{"footnotes":""},"categories":[2819],"tags":[1111,11,1777,674,1011,27,3434,12,2401,882,25],"class_list":{"0":"post-557520","1":"post","2":"type-post","3":"status-publish","4":"format-standard","5":"has-post-thumbnail","7":"category-nice","8":"tag-actu","9":"tag-actualites","10":"tag-eu","11":"tag-europe","12":"tag-fr","13":"tag-france","14":"tag-municipales-2026","15":"tag-news","16":"tag-nice","17":"tag-provence-alpes-cote-dazur","18":"tag-republique-francaise"},"share_on_mastodon":{"url":"https:\/\/pubeurope.com\/@fr\/115610138199894864","error":""},"_links":{"self":[{"href":"https:\/\/www.europesays.com\/fr\/wp-json\/wp\/v2\/posts\/557520","targetHints":{"allow":["GET"]}}],"collection":[{"href":"https:\/\/www.europesays.com\/fr\/wp-json\/wp\/v2\/posts"}],"about":[{"href":"https:\/\/www.europesays.com\/fr\/wp-json\/wp\/v2\/types\/post"}],"author":[{"embeddable":true,"href":"https:\/\/www.europesays.com\/fr\/wp-json\/wp\/v2\/users\/2"}],"replies":[{"embeddable":true,"href":"https:\/\/www.europesays.com\/fr\/wp-json\/wp\/v2\/comments?post=557520"}],"version-history":[{"count":0,"href":"https:\/\/www.europesays.com\/fr\/wp-json\/wp\/v2\/posts\/557520\/revisions"}],"wp:featuredmedia":[{"embeddable":true,"href":"https:\/\/www.europesays.com\/fr\/wp-json\/wp\/v2\/media\/557521"}],"wp:attachment":[{"href":"https:\/\/www.europesays.com\/fr\/wp-json\/wp\/v2\/media?parent=557520"}],"wp:term":[{"taxonomy":"category","embeddable":true,"href":"https:\/\/www.europesays.com\/fr\/wp-json\/wp\/v2\/categories?post=557520"},{"taxonomy":"post_tag","embeddable":true,"href":"https:\/\/www.europesays.com\/fr\/wp-json\/wp\/v2\/tags?post=557520"}],"curies":[{"name":"wp","href":"https:\/\/api.w.org\/{rel}","templated":true}]}}