{"id":557522,"date":"2025-11-25T11:37:25","date_gmt":"2025-11-25T11:37:25","guid":{"rendered":"https:\/\/www.europesays.com\/fr\/557522\/"},"modified":"2025-11-25T11:37:25","modified_gmt":"2025-11-25T11:37:25","slug":"air-france-suspend-sa-route-orly-nice-en-mars-2026","status":"publish","type":"post","link":"https:\/\/www.europesays.com\/fr\/557522\/","title":{"rendered":"Air France suspend sa route Orly-Nice en mars 2026"},"content":{"rendered":"<p style=\"text-align: center;\"><strong>Air France va suspendre ses vols entre Orly et Nice pour pr\u00e9f\u00e9rer la desserte depuis Roissy. Transavia reprendra en charge la liaison Orly-Nice&#8230;<\/strong><\/p>\n<p>L\u2019annonce de l\u2019arr\u00eat des vols de la navette depuis Orly avait \u00e9t\u00e9 annonc\u00e9 par Air France en 2023.<\/p>\n<p>Mais l\u2019arr\u00eat de la route Orly-Nice sera effectif le 29 mars 2026. Les vols seront \u00e9galement suspendus vers Marseille et Toulouse. A partir de cette date, Transavia reprendra les vols d\u2019Air France sur ces routes avec environ 8 rotations par jour \u00e0 un tarif \u00e0 partir de 45 euros l\u2019aller vers Nice.<\/p>\n<p>Air France proposera parall\u00e8lement 12 rotations par jour entre Roissy et Nice contre 8 actuellement d\u2019ici l\u2019\u00e9t\u00e9 2016. Du fait des mesures prises par le gouvernement pour favoriser le train, le trafic domestique a\u00e9rien a souffert ces derni\u00e8res ann\u00e9es. Rappelons que le gouvernement avait d\u00e9cid\u00e9 de supprimer tous les vols ayant une alternative de moins de 2H30 en train\u00a0: une mesure purement id\u00e9ologique.<\/p>\n<p>En 2023, lors de l\u2019annonce du d\u00e9part d\u2019Air France d\u2019Orly, <a href=\"https:\/\/www.businesstravel.fr\/air-france-les-syndicats-ne-veulent-pas-du-depart-dorly.html\" target=\"_blank\" rel=\"noopener\">plusieurs syndicats avaient lanc\u00e9 un appel \u00e0 la gr\u00e8ve<\/a>.\u00a0 <a href=\"https:\/\/www.businesstravel.fr\/air-france-les-syndicats-ne-veulent-pas-du-depart-dorly.html\" target=\"_blank\" rel=\"noopener\"><\/p>\n<p>\u00ab\u00a0Cette d\u00e9cision a \u00e9t\u00e9, bien \u00e9videmment, d\u00e9finie et orchestr\u00e9e sans aucune consultation pr\u00e9alable, ni des instances de la compagnie, ni des syndicats et des salari\u00e9s. Ainsi, ce sont des centaines de salari\u00e9s d\u2019Air France \u00e0 Orly qui seront violemment impact\u00e9s par ces choix strat\u00e9giques\u00a0!\u00a0\u00bb avait alors d\u00e9clar\u00e9 le syndicat Force Ouvri\u00e8re. Des \u00e9lus locaux s\u2019\u00e9taient \u00e9galement oppos\u00e9s \u00e0 cette d\u00e9cision comme Eric Ciotti. L\u2019impact de ce changement au niveau de l\u2019emploi restera limit\u00e9.<\/p>\n<p>\u00abS&rsquo;agissant des salari\u00e9s bas\u00e9s en province, et compte tenu du red\u00e9ploiement d&rsquo;une partie de fr\u00e9quences aujourd&rsquo;hui assur\u00e9es au d\u00e9part de Paris-Orly vers Paris-Charles de Gaulle, l&rsquo;impact de cette \u00e9volution sur l&#8217;emploi sur les escales de Toulouse, Marseille et Nice serait limit\u00e9, et g\u00e9r\u00e9 uniquement sur la base de mobilit\u00e9s ou de d\u00e9parts volontaires. Les bases des personnels navigants sur ces escales seraient maintenue<\/p>\n<p><a href=\"https:\/\/www.businesstravel.fr\/air-france-vols-domestiques-a-la-peine-et-fin-de-lactivite-a-orly.html\" target=\"_blank\" rel=\"noopener\">Comme annonc\u00e9 en 2023<\/a>, Air France op\u00e9rera donc l\u2019ensemble de ses vols domestiques depuis Roissy en 2026.<\/p>\n<p>La compagnie Transavia deviendra l&rsquo;op\u00e9rateur de r\u00e9f\u00e9rence du groupe Air France au d\u00e9part de l&rsquo;a\u00e9roport de Paris-Orly. Transavia poursuivra sa trajectoire de d\u00e9veloppement, notamment gr\u00e2ce \u00e0 la mont\u00e9e en puissance de sa nouvelle flotte compos\u00e9e d&rsquo;Airbus de la famille A320neo.<\/p>\n<p>Transavia va \u00eatre en concurrence frontale avec Easyjet<\/p>\n<p>Le soucis pour Transavia est que la concurrence d&rsquo;Easyjet risque d&rsquo;\u00eatre s\u00e9v\u00e8re sur cette route.<\/p>\n<p>Air France profitait de nombreux abonn\u00e9s notamment Business fid\u00e8les qui favorisaient la compagnie nationale. Transavia risque de perdre en grande partie de cette client\u00e8le.<\/p>\n<p>Le pari est donc difficile pour le groupe Air France alors que les voyageurs sont moins enclins \u00e0 se rendre \u00e0 Roissy pour une simple visite \u00e0 Paris.<\/p>\n<p>Par ailleurs l&rsquo;augmentation des dessertes entre Roissy et Nice va d\u00e9tourner une partie du trafic international de l&rsquo;a\u00e9roport de Nice qui cherche \u00e0 se d\u00e9velopper.<\/p>\n<p>Mais du fait des d\u00e9cisions du gouvernement qui a privil\u00e9gi\u00e9 le train et a tu\u00e9 les liaisons de courte distance, Air France avait-elle le choix? La compagnie a vu ses revenus baisser sur le r\u00e9seau domestique du fait de ces d\u00e9cisions et a donc d\u00fb r\u00e9duire la voilure&#8230;<\/p>\n<p>VOUS AIMEZ AIME CET ARTICLE ? SOUTENEZ-NOUS : <a target=\"_blank\" href=\"https:\/\/www.okpal.com\/soutenir-businesstravel-fr\/?utm_campaign=01ECS6S645YY48XJKDM2QFQQFF&amp;utm_medium=campaign_edit-okpuid_01ECS6S3K9NCWYV72060RSNTRH-20200709&amp;utm_source=share_directlink#\/\" rel=\"noopener\">CLIQUEZ ICI POUR FAIRE UN DON<\/a> <\/p>\n<p>VOS AVIS SONT PR\u00c9CIEUX : <a target=\"_blank\" href=\"https:\/\/www.businesstravel.fr\/forum-business-traveler\/\" rel=\"nofollow noopener noreferrer\"> CLIQUEZ ICI POUR VOUS INSCRIRE ET PUBLIER UN SUJET DANS LE FORUM<\/a> <\/p>\n","protected":false},"excerpt":{"rendered":"Air France va suspendre ses vols entre Orly et Nice pour pr\u00e9f\u00e9rer la desserte depuis Roissy. Transavia reprendra&hellip;\n","protected":false},"author":2,"featured_media":557523,"comment_status":"","ping_status":"","sticky":false,"template":"","format":"standard","meta":{"footnotes":""},"categories":[2819],"tags":[1111,11,1777,674,1011,27,12,2401,882,25],"class_list":{"0":"post-557522","1":"post","2":"type-post","3":"status-publish","4":"format-standard","5":"has-post-thumbnail","7":"category-nice","8":"tag-actu","9":"tag-actualites","10":"tag-eu","11":"tag-europe","12":"tag-fr","13":"tag-france","14":"tag-news","15":"tag-nice","16":"tag-provence-alpes-cote-dazur","17":"tag-republique-francaise"},"share_on_mastodon":{"url":"https:\/\/pubeurope.com\/@fr\/115610140301411590","error":""},"_links":{"self":[{"href":"https:\/\/www.europesays.com\/fr\/wp-json\/wp\/v2\/posts\/557522","targetHints":{"allow":["GET"]}}],"collection":[{"href":"https:\/\/www.europesays.com\/fr\/wp-json\/wp\/v2\/posts"}],"about":[{"href":"https:\/\/www.europesays.com\/fr\/wp-json\/wp\/v2\/types\/post"}],"author":[{"embeddable":true,"href":"https:\/\/www.europesays.com\/fr\/wp-json\/wp\/v2\/users\/2"}],"replies":[{"embeddable":true,"href":"https:\/\/www.europesays.com\/fr\/wp-json\/wp\/v2\/comments?post=557522"}],"version-history":[{"count":0,"href":"https:\/\/www.europesays.com\/fr\/wp-json\/wp\/v2\/posts\/557522\/revisions"}],"wp:featuredmedia":[{"embeddable":true,"href":"https:\/\/www.europesays.com\/fr\/wp-json\/wp\/v2\/media\/557523"}],"wp:attachment":[{"href":"https:\/\/www.europesays.com\/fr\/wp-json\/wp\/v2\/media?parent=557522"}],"wp:term":[{"taxonomy":"category","embeddable":true,"href":"https:\/\/www.europesays.com\/fr\/wp-json\/wp\/v2\/categories?post=557522"},{"taxonomy":"post_tag","embeddable":true,"href":"https:\/\/www.europesays.com\/fr\/wp-json\/wp\/v2\/tags?post=557522"}],"curies":[{"name":"wp","href":"https:\/\/api.w.org\/{rel}","templated":true}]}}