{"id":557524,"date":"2025-11-25T11:38:14","date_gmt":"2025-11-25T11:38:14","guid":{"rendered":"https:\/\/www.europesays.com\/fr\/557524\/"},"modified":"2025-11-25T11:38:14","modified_gmt":"2025-11-25T11:38:14","slug":"dakeez-romsii-folies-ce-jeune-festival-de-musique-revient-pour-une-deuxieme-edition-a-nantes","status":"publish","type":"post","link":"https:\/\/www.europesays.com\/fr\/557524\/","title":{"rendered":"Dakeez, Romsii, Folie\u2019s\u2026 ce jeune festival de musique revient pour une deuxi\u00e8me \u00e9dition \u00e0 Nantes"},"content":{"rendered":"<p>                    Par<br \/>\n        <strong><br \/>\n            <a href=\"https:\/\/actu.fr\/auteur\/laure-gentil\" title=\"Consulter tous les articles de Laure Gentil\" target=\"_blank\" rel=\"noopener\">Laure Gentil<\/a><br \/>\n                    <\/strong><\/p>\n<p>        Publi\u00e9 le<\/p>\n<p>            25 nov. 2025 \u00e0 12h14        <\/p>\n<p>Le<b> festival Nouvel Orage <\/b>est de retour pour une deuxi\u00e8me \u00e9dition. <b>Cr\u00e9\u00e9 en avril\u00a02025,<\/b> le jeune festival a d\u00e9j\u00e0 r\u00e9v\u00e9l\u00e9 ses dates pour l\u2019ann\u00e9e prochaine\u2009: il se d\u00e9roulera du <b>16 au 25\u00a0avril 2026<\/b>, dans plusieurs salles nantaises<b>.<\/b> Le fondement de l\u2019\u00e9v\u00e8nement reste le m\u00eame\u2009: mettre \u00ab\u2009\u00e0 l\u2019honneur les artistes de demain\u2009\u00bb et donner \u00ab\u2009la parole \u00e0 une g\u00e9n\u00e9ration qui refuse les fronti\u00e8res musicales et se joue des \u00e9tiquettes.\u2009\u00bb<\/p>\n<p>Qui sont les artistes invit\u00e9s et o\u00f9 les \u00e9couter\u2009?<\/p>\n<ul class=\" wall-content\">\n<li><b>Dakeez\u2009:<\/b> le 23\u00a0avril au Ferrailleur.<\/li>\n<li><b>Folie\u2019s\u2009:<\/b> le 16\u00a0avril au Stereolux.<\/li>\n<li><b>Ar\u00f8ne<\/b>\u2009: le 23\u00a0avril \u00e0 La Barakason.<\/li>\n<li><b>Max <\/b><b>Baby\u2009:<\/b> le 23\u00a0avril au Portevent.<\/li>\n<li><b>Bonne Nuit <\/b>et <b>Marcia\u2009: <\/b>le 24\u00a0avril \u00e0 La Barakason.<\/li>\n<li><b>Romsii\u2009:<\/b> le 22\u00a0avril au Portevent.<\/li>\n<li><b>\u00c8ve\u2009:<\/b> le 19\u00a0avril au Ferrailleur.<\/li>\n<\/ul>\n<p class=\" wall-content\">La billetterie est d\u00e9j\u00e0 ouverte,<a href=\"https:\/\/shotgun.live\/fr\/venues\/nouvel-orage?utm_source=brevo&amp;utm_campaign=CP%20NOUVEL%20ORAGE%2026&amp;utm_medium=email\" target=\"_blank\" rel=\"noopener\"> il suffit de cliquer ici pour avoir vos billets.<\/a><\/p>\n<p class=\" wall-content\">Personnalisez votre actualit\u00e9 en ajoutant vos villes et m\u00e9dias en favori avec <a href=\"https:\/\/moncompte.actu.fr\" title=\"D\u00e9couvez Mon Actu\" rel=\"nofollow noopener\" data-trk=\"{&quot;cta&quot;:{&quot;action&quot;:&quot;https:\\\/\\\/moncompte.actu.fr&quot;,&quot;category&quot;:&quot;mon compte&quot;,&quot;from&quot;:&quot;article footer&quot;,&quot;name&quot;:&quot;Mon actu&quot;,&quot;type&quot;:&quot;cta&quot;}}\" target=\"_blank\">Mon Actu<\/a>.<\/p>\n","protected":false},"excerpt":{"rendered":"Par Laure Gentil Publi\u00e9 le 25 nov. 2025 \u00e0 12h14 Le festival Nouvel Orage est de retour pour&hellip;\n","protected":false},"author":2,"featured_media":557525,"comment_status":"","ping_status":"","sticky":false,"template":"","format":"standard","meta":{"footnotes":""},"categories":[2818],"tags":[1111,11,1777,674,849,1011,27,1652,873,766,12,2636,25],"class_list":{"0":"post-557524","1":"post","2":"type-post","3":"status-publish","4":"format-standard","5":"has-post-thumbnail","7":"category-nantes","8":"tag-actu","9":"tag-actualites","10":"tag-eu","11":"tag-europe","12":"tag-festival","13":"tag-fr","14":"tag-france","15":"tag-loisirs-culture","16":"tag-musique","17":"tag-nantes","18":"tag-news","19":"tag-pays-de-la-loire","20":"tag-republique-francaise"},"share_on_mastodon":{"url":"https:\/\/pubeurope.com\/@fr\/115610144228314959","error":""},"_links":{"self":[{"href":"https:\/\/www.europesays.com\/fr\/wp-json\/wp\/v2\/posts\/557524","targetHints":{"allow":["GET"]}}],"collection":[{"href":"https:\/\/www.europesays.com\/fr\/wp-json\/wp\/v2\/posts"}],"about":[{"href":"https:\/\/www.europesays.com\/fr\/wp-json\/wp\/v2\/types\/post"}],"author":[{"embeddable":true,"href":"https:\/\/www.europesays.com\/fr\/wp-json\/wp\/v2\/users\/2"}],"replies":[{"embeddable":true,"href":"https:\/\/www.europesays.com\/fr\/wp-json\/wp\/v2\/comments?post=557524"}],"version-history":[{"count":0,"href":"https:\/\/www.europesays.com\/fr\/wp-json\/wp\/v2\/posts\/557524\/revisions"}],"wp:featuredmedia":[{"embeddable":true,"href":"https:\/\/www.europesays.com\/fr\/wp-json\/wp\/v2\/media\/557525"}],"wp:attachment":[{"href":"https:\/\/www.europesays.com\/fr\/wp-json\/wp\/v2\/media?parent=557524"}],"wp:term":[{"taxonomy":"category","embeddable":true,"href":"https:\/\/www.europesays.com\/fr\/wp-json\/wp\/v2\/categories?post=557524"},{"taxonomy":"post_tag","embeddable":true,"href":"https:\/\/www.europesays.com\/fr\/wp-json\/wp\/v2\/tags?post=557524"}],"curies":[{"name":"wp","href":"https:\/\/api.w.org\/{rel}","templated":true}]}}