{"id":557528,"date":"2025-11-25T11:40:15","date_gmt":"2025-11-25T11:40:15","guid":{"rendered":"https:\/\/www.europesays.com\/fr\/557528\/"},"modified":"2025-11-25T11:40:15","modified_gmt":"2025-11-25T11:40:15","slug":"les-dates-du-freemusic-festival-2026-enfin-revelees","status":"publish","type":"post","link":"https:\/\/www.europesays.com\/fr\/557528\/","title":{"rendered":"Les dates du Freemusic Festival 2026 enfin r\u00e9v\u00e9l\u00e9es !"},"content":{"rendered":"<p>Le\u00a0<strong>Freemusic Festival<\/strong>\u00a0s\u2019appr\u00eate \u00e0 \u00e9crire un nouveau chapitre de son histoire, et cette ann\u00e9e,\u00a0<strong>toi aussi tu vas en prendre plein les yeux et les oreilles<\/strong>\u00a0gr\u00e2ce \u00e0 la collaboration artistique de\u00a0<a href=\"https:\/\/www.instagram.com\/freakcitybdx\/?hl=en\" target=\"_blank\" rel=\"noreferrer noopener\"><strong>Freak City<\/strong>. <\/a><\/p>\n<p style=\"font-size:16px\">Les\u00a0<strong>19 et 20 juin 2026<\/strong>, au\u00a0<strong>Lac de Montendre<\/strong>, pr\u00e9pare-toi \u00e0 vivre une exp\u00e9rience musicale et visuelle\u00a0<strong>hors du commun<\/strong>, entre sensations enivrantes et atmosph\u00e8res mystiques.<\/p>\n<p><img fetchpriority=\"high\" decoding=\"async\" width=\"1024\" height=\"683\" src=\"https:\/\/www.bougerabordeaux.com\/wp-content\/uploads\/2025\/11\/\u00a9MathisQueraux_FREEMUSIC_22-06-2024_DSC09839-scaled-1-1024x683.webp\" alt=\"\" class=\"wp-image-86779\" style=\"width:672px;height:auto\"  \/>Le ph\u00e9nix rena\u00eet et s\u2019unit \u00e0 la nature verdoyante de Freemusic : pr\u00e9pare-toi \u00e0 un voyage musical et visuel inoubliable !\u00a9Mathis Queraux<\/p>\n<p style=\"font-size:16px\">Pour ce\u00a0<strong>3\u1d49 volet d\u2019un triptyque graphique<\/strong>, Freak City te plonge dans une narration entam\u00e9e il y a trois ans, pour aboutir \u00e0 une\u00a0<strong>v\u00e9ritable renaissance du phoenix<\/strong>. Attends-toi \u00e0 une esth\u00e9tique onirique et psych\u00e9d\u00e9lique, qui te fera voyager dans une\u00a0<strong>l\u00e9gende graphique du festival<\/strong>. Entre errances musicales, d\u00e9cors floraux envo\u00fbtants et personnages captivants, tu verras comment l\u2019\u00e9nergie flamboyante du ph\u00e9nix fusionne avec le cadre verdoyant et mystique de Freemusic.<\/p>\n<p style=\"font-size:16px\">\u00ab Le ph\u00e9nix renaissant toujours de ses cendres, plus \u00e9clatant que jamais, incarne parfaitement la vitalit\u00e9 et la cr\u00e9ativit\u00e9 de Freemusic \u00bb, raconte Freak City. Cette illustration symbolise une\u00a0<strong>m\u00e9tamorphose<\/strong>\u00a0: le festival \u00e9volue, se r\u00e9invente, et te projette dans une dimension nouvelle\u2026 presque \u00e9toil\u00e9e.<\/p>\n<p><img loading=\"lazy\" decoding=\"async\" width=\"1024\" height=\"978\" src=\"https:\/\/www.europesays.com\/fr\/wp-content\/uploads\/2025\/11\/IMG_4320-1024x978.jpg\" alt=\"\" class=\"wp-image-86780\" style=\"width:699px;height:auto\"  \/>Freak City t\u2019emm\u00e8ne dans une l\u00e9gende graphique o\u00f9 musique, couleurs et mysticisme se rencontrent au Lac de Montendre.\u00a9Freemusic<\/p>\n<p style=\"font-size:16px\">Si tu aimes la\u00a0<strong>musique, l\u2019art et la nature<\/strong>, pr\u00e9pare-toi \u00e0 un week-end\u00a0<strong>inoubliable<\/strong>, o\u00f9 tout se m\u00eale pour cr\u00e9er une exp\u00e9rience immersive unique.<\/p>\n<p style=\"font-size:16px\">\u00c0 lire aussi : <a href=\"https:\/\/www.bougerabordeaux.com\/actu\/news\/bordeaux-succes-record-pour-la-17%e1%b5%89-edition-de-la-collecte-etudiante-sang-pour-sang-campus\/\" target=\"_blank\" rel=\"noreferrer noopener\">Bordeaux : succ\u00e8s record pour la 17\u1d49 \u00e9dition de la collecte \u00e9tudiante \u00ab Sang Pour Sang Campus \u00bb<\/a><\/p>\n<p>\t<script async src=\"\/\/www.instagram.com\/embed.js\"><\/script><\/p>\n","protected":false},"excerpt":{"rendered":"Le\u00a0Freemusic Festival\u00a0s\u2019appr\u00eate \u00e0 \u00e9crire un nouveau chapitre de son histoire, et cette ann\u00e9e,\u00a0toi aussi tu vas en prendre&hellip;\n","protected":false},"author":2,"featured_media":557529,"comment_status":"","ping_status":"","sticky":false,"template":"","format":"standard","meta":{"footnotes":""},"categories":[2817],"tags":[1111,11,1997,1777,674,1011,27,12,2219,25],"class_list":{"0":"post-557528","1":"post","2":"type-post","3":"status-publish","4":"format-standard","5":"has-post-thumbnail","7":"category-bordeaux","8":"tag-actu","9":"tag-actualites","10":"tag-bordeaux","11":"tag-eu","12":"tag-europe","13":"tag-fr","14":"tag-france","15":"tag-news","16":"tag-nouvelle-aquitaine","17":"tag-republique-francaise"},"share_on_mastodon":{"url":"https:\/\/pubeurope.com\/@fr\/115610153547891676","error":""},"_links":{"self":[{"href":"https:\/\/www.europesays.com\/fr\/wp-json\/wp\/v2\/posts\/557528","targetHints":{"allow":["GET"]}}],"collection":[{"href":"https:\/\/www.europesays.com\/fr\/wp-json\/wp\/v2\/posts"}],"about":[{"href":"https:\/\/www.europesays.com\/fr\/wp-json\/wp\/v2\/types\/post"}],"author":[{"embeddable":true,"href":"https:\/\/www.europesays.com\/fr\/wp-json\/wp\/v2\/users\/2"}],"replies":[{"embeddable":true,"href":"https:\/\/www.europesays.com\/fr\/wp-json\/wp\/v2\/comments?post=557528"}],"version-history":[{"count":0,"href":"https:\/\/www.europesays.com\/fr\/wp-json\/wp\/v2\/posts\/557528\/revisions"}],"wp:featuredmedia":[{"embeddable":true,"href":"https:\/\/www.europesays.com\/fr\/wp-json\/wp\/v2\/media\/557529"}],"wp:attachment":[{"href":"https:\/\/www.europesays.com\/fr\/wp-json\/wp\/v2\/media?parent=557528"}],"wp:term":[{"taxonomy":"category","embeddable":true,"href":"https:\/\/www.europesays.com\/fr\/wp-json\/wp\/v2\/categories?post=557528"},{"taxonomy":"post_tag","embeddable":true,"href":"https:\/\/www.europesays.com\/fr\/wp-json\/wp\/v2\/tags?post=557528"}],"curies":[{"name":"wp","href":"https:\/\/api.w.org\/{rel}","templated":true}]}}