{"id":557530,"date":"2025-11-25T11:41:11","date_gmt":"2025-11-25T11:41:11","guid":{"rendered":"https:\/\/www.europesays.com\/fr\/557530\/"},"modified":"2025-11-25T11:41:11","modified_gmt":"2025-11-25T11:41:11","slug":"age-de-17-ans-un-adolescent-retrouve-mort-dans-une-cour-de-son-lycee-a-bordeaux","status":"publish","type":"post","link":"https:\/\/www.europesays.com\/fr\/557530\/","title":{"rendered":"\u00c2g\u00e9 de 17 ans, un adolescent retrouv\u00e9 mort dans une cour de son lyc\u00e9e \u00e0 Bordeaux"},"content":{"rendered":"<p>                    Par<br \/>\n        <strong><br \/>\n            <a href=\"https:\/\/actu.fr\/auteur\/juliette-cardinale\" title=\"Consulter tous les articles de Juliette Cardinale\" target=\"_blank\" rel=\"noopener\">Juliette Cardinale<\/a><br \/>\n                    <\/strong><\/p>\n<p>        Publi\u00e9 le<\/p>\n<p>            25 nov. 2025 \u00e0 12h32        <\/p>\n<p>Le <strong>corps d\u2019un jeune homme de 17\u00a0ans<\/strong> a \u00e9t\u00e9 retrouv\u00e9 au sein du lyc\u00e9e Montaigne <a href=\"https:\/\/actu.fr\/bordeaux\/\" target=\"_blank\" rel=\"noopener\">\u00e0 Bordeaux<\/a> ce mardi 25 novembre 2025. La victime \u00e9tait un \u00e9l\u00e8ve <strong>interne, <\/strong>scolaris\u00e9 en deuxi\u00e8me ann\u00e9e de classe pr\u00e9paratoire, indique le procureur de la R\u00e9publique.<\/p>\n<p>Une enqu\u00eate ouverte apr\u00e8s la terrible d\u00e9couverte<\/p>\n<p class=\" wall-content\">Deux agents techniques de l\u2019\u00e9tablissement ont fait la <strong>terrible d\u00e9couverte<\/strong> \u00e0 6h40. \u00ab\u2009Le corps se trouvait au sol, \u00e0 l\u2019aplomb d\u2019un b\u00e2timent\u2009\u00bb, a d\u00e9taill\u00e9 Renaud Gauldeul dans un communiqu\u00e9.<\/p>\n<p class=\" wall-content\">Un magistrat du parquet de Bordeaux s\u2019est imm\u00e9diatement rendu sur place, ainsi que des repr\u00e9sentants de la mairie et de l\u2019acad\u00e9mie.\u00a0Une <a href=\"https:\/\/actu.fr\/tag\/police\" target=\"_blank\" rel=\"noopener\">enqu\u00eate<\/a> a \u00e9t\u00e9 ouverte pour <strong>rechercher les causes de la mort.<\/strong> \u00ab\u2009Un m\u00e9decin l\u00e9giste a \u00e9t\u00e9 requis afin de proc\u00e9der \u00e0 la lev\u00e9e du corps et d\u2019op\u00e9rer toutes les constatations utiles\u2009\u00bb, a ajout\u00e9 le parquet.<\/p>\n<p class=\" wall-content\">\u00ab\u2009Toutes les pr\u00e9cautions ont \u00e9t\u00e9 prises afin que les autres \u00e9l\u00e8ves de l\u2019\u00e9tablissement soient <strong>tenus \u00e9loign\u00e9s du lieu de la d\u00e9couverte<\/strong> du corps\u2009\u00bb, a pr\u00e9cis\u00e9 le procureur de la R\u00e9publique aux alentours de midi.\u00a0Une cellule de soutien psychologique a imm\u00e9diatement \u00e9t\u00e9 mise en place.<\/p>\n<p class=\" wall-content\">Personnalisez votre actualit\u00e9 en ajoutant vos villes et m\u00e9dias en favori avec <a href=\"https:\/\/moncompte.actu.fr\" title=\"D\u00e9couvez Mon Actu\" rel=\"nofollow noopener\" data-trk=\"{&quot;cta&quot;:{&quot;action&quot;:&quot;https:\\\/\\\/moncompte.actu.fr&quot;,&quot;category&quot;:&quot;mon compte&quot;,&quot;from&quot;:&quot;article footer&quot;,&quot;name&quot;:&quot;Mon actu&quot;,&quot;type&quot;:&quot;cta&quot;}}\" target=\"_blank\">Mon Actu<\/a>.<\/p>\n","protected":false},"excerpt":{"rendered":"Par Juliette Cardinale Publi\u00e9 le 25 nov. 2025 \u00e0 12h32 Le corps d\u2019un jeune homme de 17\u00a0ans a&hellip;\n","protected":false},"author":2,"featured_media":557531,"comment_status":"","ping_status":"","sticky":false,"template":"","format":"standard","meta":{"footnotes":""},"categories":[2817],"tags":[1111,11,1997,1057,1719,1777,674,118,1011,27,12,2219,25],"class_list":{"0":"post-557530","1":"post","2":"type-post","3":"status-publish","4":"format-standard","5":"has-post-thumbnail","7":"category-bordeaux","8":"tag-actu","9":"tag-actualites","10":"tag-bordeaux","11":"tag-education","12":"tag-enfants","13":"tag-eu","14":"tag-europe","15":"tag-faits-divers","16":"tag-fr","17":"tag-france","18":"tag-news","19":"tag-nouvelle-aquitaine","20":"tag-republique-francaise"},"share_on_mastodon":{"url":"https:\/\/pubeurope.com\/@fr\/115610156302567389","error":""},"_links":{"self":[{"href":"https:\/\/www.europesays.com\/fr\/wp-json\/wp\/v2\/posts\/557530","targetHints":{"allow":["GET"]}}],"collection":[{"href":"https:\/\/www.europesays.com\/fr\/wp-json\/wp\/v2\/posts"}],"about":[{"href":"https:\/\/www.europesays.com\/fr\/wp-json\/wp\/v2\/types\/post"}],"author":[{"embeddable":true,"href":"https:\/\/www.europesays.com\/fr\/wp-json\/wp\/v2\/users\/2"}],"replies":[{"embeddable":true,"href":"https:\/\/www.europesays.com\/fr\/wp-json\/wp\/v2\/comments?post=557530"}],"version-history":[{"count":0,"href":"https:\/\/www.europesays.com\/fr\/wp-json\/wp\/v2\/posts\/557530\/revisions"}],"wp:featuredmedia":[{"embeddable":true,"href":"https:\/\/www.europesays.com\/fr\/wp-json\/wp\/v2\/media\/557531"}],"wp:attachment":[{"href":"https:\/\/www.europesays.com\/fr\/wp-json\/wp\/v2\/media?parent=557530"}],"wp:term":[{"taxonomy":"category","embeddable":true,"href":"https:\/\/www.europesays.com\/fr\/wp-json\/wp\/v2\/categories?post=557530"},{"taxonomy":"post_tag","embeddable":true,"href":"https:\/\/www.europesays.com\/fr\/wp-json\/wp\/v2\/tags?post=557530"}],"curies":[{"name":"wp","href":"https:\/\/api.w.org\/{rel}","templated":true}]}}