{"id":557536,"date":"2025-11-25T11:44:19","date_gmt":"2025-11-25T11:44:19","guid":{"rendered":"https:\/\/www.europesays.com\/fr\/557536\/"},"modified":"2025-11-25T11:44:19","modified_gmt":"2025-11-25T11:44:19","slug":"sante-ces-laboratoires-du-nord-se-font-relais-dune-campagne-inedite-pour-alerter-sur-la-scanxiety","status":"publish","type":"post","link":"https:\/\/www.europesays.com\/fr\/557536\/","title":{"rendered":"Sant\u00e9. Ces laboratoires du Nord se font relais d\u2019une campagne in\u00e9dite pour alerter sur la \u00ab scanxiety \u00bb"},"content":{"rendered":"<p>                    Par<br \/>\n        <strong><br \/>\n            <a href=\"https:\/\/actu.fr\/auteur\/amandine-vachez\" title=\"Consulter tous les articles de Amandine Vachez\" target=\"_blank\" rel=\"noopener\">Amandine Vachez<\/a><br \/>\n                    <\/strong><\/p>\n<p>        Publi\u00e9 le<\/p>\n<p>            25 nov. 2025 \u00e0 11h46        <\/p>\n<p>Ne tentez pas de prononcer le mot, mais gardez-le en t\u00eate. La <b>\u00ab\u2009scanxiety\u2009\u00bb<\/b>, nom donn\u00e9 par les<b> laboratoires Biogroup<\/b> au <b>stress li\u00e9 au d\u00e9pistage<\/b>, est au c\u0153ur d\u2019une campagne de sensibilisation nationale, men\u00e9e sur <b>octobre et novembre\u00a02025. <\/b>Baptis\u00e9e <b>\u00ab\u2009Rosember\u2009\u00bb <\/b>(contraction d\u2019<a href=\"https:\/\/actu.fr\/tag\/octobre-rose\" target=\"_blank\" rel=\"noopener\">Octobre Rose<\/a> et <a href=\"https:\/\/actu.fr\/sports\/rugby\/pro\/qu-est-ce-que-movember-voici-pourquoi-les-moustaches-se-multiplient-sur-les-terrains-en-novembre_61812073.html\" target=\"_blank\" rel=\"noopener\">Movember<\/a>), elle est notamment <b>relay\u00e9e dans 29 laboratoires du Nord<\/b>, dont \u00e0 <a href=\"https:\/\/actu.fr\/hauts-de-france\/seclin_59560\" target=\"_blank\" rel=\"noopener\">Seclin<\/a>. Voici ce que cette campagne met en lumi\u00e8re et ce que les \u00e9quipes font \u00e0 leur niveau, pour sensibiliser les publics.<\/p>\n<p>Les Fran\u00e7ais stress\u00e9s \u00e0 l\u2019id\u00e9e de se faire d\u00e9pister<\/p>\n<p class=\" wall-content\">Biogroup, qui se pr\u00e9sente comme \u00ab\u2009acteur majeur de la pr\u00e9vention\u2009\u00bb, a men\u00e9 <a href=\"https:\/\/biogroup.fr\/blog-sante\/actualites\/rosember-2-mois-pour-tous-autour-de-la-sensibilisation\/\" target=\"_blank\" rel=\"noopener\">une enqu\u00eate exclusive avec Ifop<\/a> sur la \u00ab\u2009scanxiety\u2009\u00bb\u2009: cette anxi\u00e9t\u00e9 sp\u00e9cifique li\u00e9e \u00e0 la perspective de passer un examen m\u00e9dical. Alors que le d\u00e9pistage est un des leviers les plus efficaces dans la lutte contre le cancer, l\u2019\u00e9tude* r\u00e9v\u00e8le qu\u2019il reste<b> frein\u00e9 par des peurs<\/b>, souvent pass\u00e9es sous silence\u2009:<\/p>\n<ul class=\" wall-content\">\n<li><b>8 Fran\u00e7ais sur 10 \u00e2g\u00e9s de 25\u00a0ans et plus se disent inform\u00e9s <\/b>sur les diff\u00e9rents examens de d\u00e9pistage du cancer, mais seulement 18\u2009% se consid\u00e8rent \u00ab\u2009tr\u00e8s bien inform\u00e9s\u2009\u00bb\u2009;<\/li>\n<li>La <b>moiti\u00e9 des r\u00e9pondants<\/b> d\u00e9clare avoir <b>d\u00e9j\u00e0 r\u00e9alis\u00e9 un d\u00e9pistage<\/b>\u2009;<\/li>\n<li><b>50\u2009% se disent stress\u00e9s<\/b> \u00e0 l\u2019id\u00e9e de passer un examen de d\u00e9pistage, dont 14\u2009% tr\u00e8s stress\u00e9s\u2009;<\/li>\n<li><b>12\u2009% d\u00e9clarent avoir d\u00e9j\u00e0 renonc\u00e9 \u00e0 un d\u00e9pistage, par peur<\/b> du r\u00e9sultat\u2009;<\/li>\n<li><b>Le principal frein identit\u00e9 est la peur <\/b>du r\u00e9sultat (27\u2009%), suivie des probl\u00e8mes d\u2019accessibilit\u00e9 (14\u2009%) et du d\u00e9ni ou sentiment de ne pas \u00eatre concern\u00e9 (13\u2009%).<\/li>\n<\/ul>\n<p>Banderoles, questions, encouragement<br \/>\n    <img   decoding=\"async\" loading=\"lazy\" class=\"size-large\" src=\"https:\/\/www.europesays.com\/fr\/wp-content\/uploads\/2025\/11\/4c0712c7752968a7812c775297c881v-960x640.jpeg\" alt=\"Dans le laboratoire de Seclin (Nord), les \u00e9quipes portent du rose et du bleu, pour la nouvelle campagne de Biogroup, \" rosember=\"\" ils=\"\" encouragent=\"\" se=\"\" faire=\"\" d=\"\" malgr=\"\" le=\"\" stress=\"\" li=\"\" aux=\"\" examens.=\"\" width=\"960\" height=\"640\"\/><br \/>\n    Dans le laboratoire de Seclin (Nord), les \u00e9quipes portent du rose et du bleu, pour la nouvelle campagne de Biogroup, \u00ab\u2009Rosember\u2009\u00bb. Ils encouragent \u00e0 se faire d\u00e9pister, malgr\u00e9 le stress li\u00e9 aux examens. \u00a9Amandine Vachez<\/p>\n<p class=\" wall-content\">Dans le laboratoire de Seclin, les membres du personnel portent deux rubans cette ann\u00e9e sur leur blouse blanche\u2009: un rose pour les cancers f\u00e9minins, un bleu pour les cancers masculins. Des <b>banderoles bicolores affichant \u00ab\u2009Rosember\u2009\u00bb<\/b> s\u2019en font \u00e9cho, attisant la curiosit\u00e9 des patients. \u00ab\u2009Certains nous ont demand\u00e9 si c\u2019\u00e9tait pour un anniversaire. En tout cas, on a remarqu\u00e9 que \u00e7a engage l\u2019\u00e9change\u2009\u00bb, t\u00e9moigne le Dr Hubert Odaert, pr\u00e9sent le jour de notre visite.<\/p>\n<p class=\" wall-content\">En plus de ces couleurs, des<b> visuels de campagne avec des fruits <\/b>ont \u00e9t\u00e9 choisis par le groupe. \u00ab\u2009\u00c7a intrigue\u2009\u00bb, a remarqu\u00e9 le biologiste m\u00e9dical nordiste. \u00ab\u2009\u00c7a nous permet d\u2019\u00eatre, \u00e0 notre \u00e9chelle, acteurs de la pr\u00e9vention.\u2009\u00bb<\/p>\n<blockquote class=\"ac-article-quote wall-content\">\n<p>Nous ne faisons pas de d\u00e9pistage en tant que laboratoire pour les cancers, les actes de biologie sont faits dans un autre temps. Mais l\u2019id\u00e9e est, depuis les laboratoires, de faire partie de la cha\u00eene de transmission. De dire aux patients de ne pas h\u00e9siter \u00e0 consulter.<\/p>\n<\/blockquote>\n<p>Votre r\u00e9gion, votre actu !<\/p>\n<p>Recevez chaque jour les infos qui comptent pour vous.<\/p>\n<p>\t<a href=\"https:\/\/actu.fr\/newsletter\" class=\"ac-btn ac-btn--corner ac-btn--medium ac-btn--blue800\" target=\"_blank\" rel=\"noopener\">S&rsquo;incrire<\/a><br \/>\nLes hommes particuli\u00e8rement concern\u00e9s<\/p>\n<p class=\" wall-content\">Concr\u00e8tement, l\u2019objectif de \u00ab\u2009Rosember\u2009\u00bb est d\u2019attirer l\u2019attention sur les<b> cancers masculins<\/b> en particulier. Le Dr Odaert explique\u2009: \u00ab\u2009\u00c0 c\u00f4t\u00e9 d\u2019Octobre Rose, Movember conna\u00eet peu de retentissement.\u2009\u00bb D\u2019ailleurs, l\u2019\u00e9quipe seclinoise qui a fait une course pour Octobre Rose, portait les couleurs de cette campagne hybride. \u00ab\u2009\u00c7a a \u00e9tonn\u00e9, c\u2019est s\u00fbr.\u2009\u00bb Et c\u2019\u00e9tait l\u2019objectif. Car s\u2019il y a une<b> diff\u00e9rence d\u2019information en fonction des \u00e2ges<\/b> (66\u2009% des 25-34\u00a0ans se disent inform\u00e9s sur les examens du d\u00e9pistage li\u00e9s aux cancers, contre 88\u2009% chez les plus de 50\u00a0ans), il y en a<b> aussi au niveau du genre.<\/b><\/p>\n<blockquote class=\"ac-article-quote wall-content\">\n<p>Les hommes ont tendance \u00e0 moins se faire d\u00e9pister, par d\u00e9ni, par pudeur. La fr\u00e9quence des cancers est plus importante chez les femmes, mais elle touche g\u00e9n\u00e9ralement une tranche d\u2019\u00e2ge assez jeune, chez les hommes.<\/p>\n<p>Dr Hubert Odaert, biologiste m\u00e9dical \u00e0 Seclin.<\/p><\/blockquote>\n<p class=\" wall-content\">En effet, le <b>cancer testiculaire se d\u00e9clare majoritairement entre 15 et 35\u00a0ans. <\/b>Or, d\u00e9tect\u00e9 pr\u00e9cocement, \u00ab\u2009son pronostic est excellent, avec pr\u00e8s de 93\u2009% de survie \u00e0 5\u00a0ans\u2009\u00bb, appuie le Dr Laurent Kbaier, directeur de communication et biologiste m\u00e9dical pour Biogroup**.<\/p>\n<p>\u00ab\u2009Pr\u00e9venir, c\u2019est d\u00e9j\u00e0 soigner\u2009\u00bb<\/p>\n<p class=\" wall-content\">Face \u00e0 <b>la crainte <\/b>ou \u00e0 une <b>attente parfois de plusieurs mois pour voir un sp\u00e9cialiste<\/b>, les \u00e9quipes de Biogroup s\u00e8ment des graines, pour encourager \u00e0 se faire d\u00e9pister. Une des solutions, en plus du message visuel qui reste dans les esprits\u2009: <b>l\u2019autopalpation. <\/b>Localement, le <a href=\"https:\/\/actu.fr\/tag\/chu-de-lille\" target=\"_blank\" rel=\"noopener\">CHU de Lille<\/a> a de son c\u00f4t\u00e9 lanc\u00e9 une campagne marquante cette ann\u00e9e. Entour\u00e9 du <a href=\"https:\/\/actu.fr\/tag\/losc-football\" target=\"_blank\" rel=\"noopener\">LOSC<\/a> et de l\u2019entreprise Lemahieu, le Centre hospitalier r\u00e9gional <a href=\"https:\/\/actu.fr\/hauts-de-france\/lille_59350\/je-me-tate-le-message-fort-du-chu-de-lille-du-losc-et-de-lemahieu_63391537.html\" target=\"_blank\" rel=\"noopener\">invite les hommes \u00e0 se \u00ab\u2009t\u00e2ter\u2009\u00bb<\/a>.<\/p>\n<p class=\" wall-content\">Affichages, discussions, \u00e9v\u00e9nements\u2026 Tout moyen est bon pour sensibiliser. Comme le r\u00e9sume bien le Dr Eric Flatin, \u00ab\u2009pr\u00e9venir, c\u2019est d\u00e9j\u00e0 soigner.\u2009\u00bb<\/p>\n<p>*Cette enqu\u00eate Ifop pour Biogroup a \u00e9t\u00e9 r\u00e9alis\u00e9e entre le 17 et le 19\u00a0septembre 2025, aupr\u00e8s d\u2019un \u00e9chantillon de 1\u2009019\u00a0personnes, \u00e2g\u00e9es de 25\u00a0ans et plus, pour analyser relation entre stress, anxi\u00e9t\u00e9 et d\u00e9pistage. Plus d\u2019infos <a href=\"https:\/\/biogroup.fr\/\" target=\"_blank\" rel=\"noopener\">sur le site de Biogroup<\/a>.<br \/>**Sant\u00e9 publique France, 2021, sur la base de donn\u00e9es r\u00e9colt\u00e9es en France m\u00e9tropolitaine (1989-2018).<\/p>\n<p class=\" wall-content\">Personnalisez votre actualit\u00e9 en ajoutant vos villes et m\u00e9dias en favori avec <a href=\"https:\/\/moncompte.actu.fr\" title=\"D\u00e9couvez Mon Actu\" rel=\"nofollow noopener\" data-trk=\"{&quot;cta&quot;:{&quot;action&quot;:&quot;https:\\\/\\\/moncompte.actu.fr&quot;,&quot;category&quot;:&quot;mon compte&quot;,&quot;from&quot;:&quot;article footer&quot;,&quot;name&quot;:&quot;Mon actu&quot;,&quot;type&quot;:&quot;cta&quot;}}\" target=\"_blank\">Mon Actu<\/a>.<\/p>\n","protected":false},"excerpt":{"rendered":"Par Amandine Vachez Publi\u00e9 le 25 nov. 2025 \u00e0 11h46 Ne tentez pas de prononcer le mot, mais&hellip;\n","protected":false},"author":2,"featured_media":557537,"comment_status":"","ping_status":"","sticky":false,"template":"","format":"standard","meta":{"footnotes":""},"categories":[2815],"tags":[1111,11,101,1777,674,1011,27,811,1307,12,25,71,104],"class_list":{"0":"post-557536","1":"post","2":"type-post","3":"status-publish","4":"format-standard","5":"has-post-thumbnail","7":"category-lille","8":"tag-actu","9":"tag-actualites","10":"tag-cancer","11":"tag-eu","12":"tag-europe","13":"tag-fr","14":"tag-france","15":"tag-hauts-de-france","16":"tag-lille","17":"tag-news","18":"tag-republique-francaise","19":"tag-sante","20":"tag-societe"},"share_on_mastodon":{"url":"https:\/\/pubeurope.com\/@fr\/115610169561255391","error":""},"_links":{"self":[{"href":"https:\/\/www.europesays.com\/fr\/wp-json\/wp\/v2\/posts\/557536","targetHints":{"allow":["GET"]}}],"collection":[{"href":"https:\/\/www.europesays.com\/fr\/wp-json\/wp\/v2\/posts"}],"about":[{"href":"https:\/\/www.europesays.com\/fr\/wp-json\/wp\/v2\/types\/post"}],"author":[{"embeddable":true,"href":"https:\/\/www.europesays.com\/fr\/wp-json\/wp\/v2\/users\/2"}],"replies":[{"embeddable":true,"href":"https:\/\/www.europesays.com\/fr\/wp-json\/wp\/v2\/comments?post=557536"}],"version-history":[{"count":0,"href":"https:\/\/www.europesays.com\/fr\/wp-json\/wp\/v2\/posts\/557536\/revisions"}],"wp:featuredmedia":[{"embeddable":true,"href":"https:\/\/www.europesays.com\/fr\/wp-json\/wp\/v2\/media\/557537"}],"wp:attachment":[{"href":"https:\/\/www.europesays.com\/fr\/wp-json\/wp\/v2\/media?parent=557536"}],"wp:term":[{"taxonomy":"category","embeddable":true,"href":"https:\/\/www.europesays.com\/fr\/wp-json\/wp\/v2\/categories?post=557536"},{"taxonomy":"post_tag","embeddable":true,"href":"https:\/\/www.europesays.com\/fr\/wp-json\/wp\/v2\/tags?post=557536"}],"curies":[{"name":"wp","href":"https:\/\/api.w.org\/{rel}","templated":true}]}}