{"id":557540,"date":"2025-11-25T11:46:14","date_gmt":"2025-11-25T11:46:14","guid":{"rendered":"https:\/\/www.europesays.com\/fr\/557540\/"},"modified":"2025-11-25T11:46:14","modified_gmt":"2025-11-25T11:46:14","slug":"noel-a-allauch-lancement-des-illuminations-le-29-novembre-avec-un-feu-dartifice-29-11-2025-allauch","status":"publish","type":"post","link":"https:\/\/www.europesays.com\/fr\/557540\/","title":{"rendered":"No\u00ebl \u00e0 Allauch : lancement des illuminations le 29 novembre avec un feu d&rsquo;artifice &#8211; 29\/11\/2025 &#8211; Allauch"},"content":{"rendered":"<p><strong>La magie de No\u00ebl s\u2019installe \u00e0 Allauch, d\u00e8s le 29 novembre,<\/strong> avec le lancement des illuminations !<\/p>\n<p>&#13;<\/p>\n<p>Allauch va rev\u00eatir ses habits de lumi\u00e8re : venez d\u00e9couvrir les d\u00e9cors f\u00e9eriques, qui font chaque ann\u00e9e briller les yeux des enfants et des plus grands, dans les noyaux villageois.<\/p>\n<p>&#13;<\/p>\n<p><strong>Le village s\u2019illuminera d\u00e8s 18h pour marquer le d\u00e9but des festivit\u00e9s avec le tr\u00e8s attendu feu d\u2019artifice.<\/strong><\/p>\n<p>&#13;<\/p>\n<p>Les rues, places et noyaux villageois d\u2019Allauch se pareront de d\u00e9corations scintillantes, pour le plus grand plaisir des petits comme des grands.<\/p>\n<p>&#13;<\/p>\n<p>En ouverture de la Chorale des Choeurs du Sud, les chants de la chorale des enfants de La Pounche r\u00e9sonneront sur le Cours du 11 Novembre. Petits gourmands, pr\u00e9parez-vous \u00e0 savourer cr\u00eapes, churros, marrons chauds, pommes d\u2019amour\u2026 et \u00e0 rencontrer le P\u00e8re No\u00ebl en personne !<\/p>\n<p>&#13;<\/p>\n<p>Des ballons et un stand de maquillage pour enfants seront propos\u00e9s avec des dons revers\u00e9s au T\u00e9l\u00e9thon (2\u20ac \/ participation).<\/p>\n<p>&#13;<\/p>\n<p><strong>Au programme :<\/strong><\/p>\n<p>&#13;<\/p>\n<p style=\"margin-left: 30px;\">18h00 : Feu d\u2019artifice.<\/p>\n<p>&#13;<\/p>\n<p style=\"margin-left: 30px;\">18h15 : Lancement des illuminations par Monsieur le Maire Lionel de Cala avec la Directrice du T\u00e9l\u00e9thon et le P\u00e8re No\u00ebl.<\/p>\n<p>&#13;<\/p>\n<p style=\"margin-left: 30px;\">18h20 : Chants de No\u00ebl par la Chorale des enfants de La Pounche et \u00ab\u00a0Les Choeurs du Sud\u00a0\u00bb.<\/p>\n<p>&#13;<\/p>\n<p style=\"margin-left: 30px;\">18h45 : D\u00e9ambulation des \u00ab Lutins Joyeux \u00bb dans les rues du village jusqu\u2019\u00e0 la place Pierre Bellot.<\/p>\n<p>&#13;<\/p>\n<p style=\"margin-left: 30px;\">22h30 : Fin de la manifestation.<\/p>\n<p>&#13;<\/p>\n<p>\u00a0<\/p>\n<p>&#13;<\/p>\n<p><strong>Informations pratiques<\/strong><br \/>Compte tenu de la forte affluence attendue, il est conseill\u00e9 d\u2019arriver t\u00f4t dans l\u2019apr\u00e8s-midi.\u00a0 Des mesures ont \u00e9t\u00e9 prises afin d\u2019\u00e9viter les points de congestion au c\u0153ur du village comme la r\u00e9ouverture de la rue du Pilon et l\u2019ouverture suppl\u00e9mentaire d\u2019une zone r\u00e9serv\u00e9e au public sur le parking de la Police municipale. Au c\u0153ur de l\u2019\u00e9v\u00e8nement,\u00a0 il est d\u00e9conseill\u00e9 de venir avec une poussette ou son animal de compagnie. Une vigilance particuli\u00e8re est demand\u00e9e pour les personnes \u00e0 mobilit\u00e9 r\u00e9duite. Des zones de d\u00e9lestage ont \u00e9t\u00e9 identifi\u00e9es et pourront \u00eatre ouvertes pour fluidifier les acc\u00e8s et assurer \u00e0 tous une bonne soir\u00e9e. Pour ceux qui souhaiteraient profiter du spectacle sans \u00eatre au c\u0153ur du village, le feu d\u2019artifice sera visible au niveau du rond-point des Jets d\u2019Eau ou du rond-point du coll\u00e8ge.<\/p>\n<p>&#13;<\/p>\n<p>Le centre d\u2019Allauch-Village sera enti\u00e8rement pi\u00e9tonnis\u00e9. N\u2019h\u00e9sitez pas \u00e0 utiliser les parkings municipaux gratuits qui seront mis \u00e0 votre disposition :<\/p>\n<p>&#13;<\/p>\n<p style=\"margin-left: 30px;\">Le parking du stade EDF, ouvert sp\u00e9cialement pour l\u2019occasion d\u00e8s 15h ;<\/p>\n<p>&#13;<\/p>\n<p style=\"margin-left: 30px;\">Le parking du Th\u00e9\u00e2tre de Nature (mont\u00e9e Trini\u00e8re) ouvert d\u00e8s le matin 8h ;<\/p>\n<p>&#13;<\/p>\n<p style=\"margin-left: 30px;\">Le parking Fran\u00e7ois-Mitterrand (chemin Va-\u00c0-La-Fontaine).<\/p>\n<p>&#13;<\/p>\n<p>\u00c0 noter \u00e9galement que le P\u00f4le Culturel de l\u2019Usine Electrique sera exceptionnellement ouvert au public, durant toute la p\u00e9riode des f\u00eates de fin d\u2019ann\u00e9e, les dimanches 7, 13 et 21 d\u00e9cembre, de 10h \u00e0 12h et de 14h \u00e0 18h.<\/p>\n<p>&#13;<\/p>\n","protected":false},"excerpt":{"rendered":"La magie de No\u00ebl s\u2019installe \u00e0 Allauch, d\u00e8s le 29 novembre, avec le lancement des illuminations ! &#13;&hellip;\n","protected":false},"author":2,"featured_media":557541,"comment_status":"","ping_status":"","sticky":false,"template":"","format":"standard","meta":{"footnotes":""},"categories":[2814],"tags":[1111,11,1777,674,1011,27,884,12,882,25],"class_list":{"0":"post-557540","1":"post","2":"type-post","3":"status-publish","4":"format-standard","5":"has-post-thumbnail","7":"category-marseille","8":"tag-actu","9":"tag-actualites","10":"tag-eu","11":"tag-europe","12":"tag-fr","13":"tag-france","14":"tag-marseille","15":"tag-news","16":"tag-provence-alpes-cote-dazur","17":"tag-republique-francaise"},"share_on_mastodon":{"url":"https:\/\/pubeurope.com\/@fr\/115610175796545262","error":""},"_links":{"self":[{"href":"https:\/\/www.europesays.com\/fr\/wp-json\/wp\/v2\/posts\/557540","targetHints":{"allow":["GET"]}}],"collection":[{"href":"https:\/\/www.europesays.com\/fr\/wp-json\/wp\/v2\/posts"}],"about":[{"href":"https:\/\/www.europesays.com\/fr\/wp-json\/wp\/v2\/types\/post"}],"author":[{"embeddable":true,"href":"https:\/\/www.europesays.com\/fr\/wp-json\/wp\/v2\/users\/2"}],"replies":[{"embeddable":true,"href":"https:\/\/www.europesays.com\/fr\/wp-json\/wp\/v2\/comments?post=557540"}],"version-history":[{"count":0,"href":"https:\/\/www.europesays.com\/fr\/wp-json\/wp\/v2\/posts\/557540\/revisions"}],"wp:featuredmedia":[{"embeddable":true,"href":"https:\/\/www.europesays.com\/fr\/wp-json\/wp\/v2\/media\/557541"}],"wp:attachment":[{"href":"https:\/\/www.europesays.com\/fr\/wp-json\/wp\/v2\/media?parent=557540"}],"wp:term":[{"taxonomy":"category","embeddable":true,"href":"https:\/\/www.europesays.com\/fr\/wp-json\/wp\/v2\/categories?post=557540"},{"taxonomy":"post_tag","embeddable":true,"href":"https:\/\/www.europesays.com\/fr\/wp-json\/wp\/v2\/tags?post=557540"}],"curies":[{"name":"wp","href":"https:\/\/api.w.org\/{rel}","templated":true}]}}