{"id":557542,"date":"2025-11-25T11:47:16","date_gmt":"2025-11-25T11:47:16","guid":{"rendered":"https:\/\/www.europesays.com\/fr\/557542\/"},"modified":"2025-11-25T11:47:16","modified_gmt":"2025-11-25T11:47:16","slug":"marseille-un-nouveau-radar-installe-sur-cette-route-tres-dangereuse-ce-que-lon-sait","status":"publish","type":"post","link":"https:\/\/www.europesays.com\/fr\/557542\/","title":{"rendered":"Marseille. Un nouveau radar install\u00e9 sur cette route tr\u00e8s dangereuse : ce que l&rsquo;on sait"},"content":{"rendered":"<p>                    Par<br \/>\n        <strong><br \/>\n            <a href=\"https:\/\/actu.fr\/auteur\/fabien-binacchi\" title=\"Consulter tous les articles de Fabien Binacchi\" target=\"_blank\" rel=\"noopener\">Fabien Binacchi<\/a><br \/>\n                    <\/strong><\/p>\n<p>        Publi\u00e9 le<\/p>\n<p>            25 nov. 2025 \u00e0 12h06        <\/p>\n<p>C\u2019\u00e9tait une demande appuy\u00e9e des habitants du secteur, las de <strong>voir passer toute sorte de bolides \u00e0 tombeau ouvert.<\/strong> Route L\u00e9on Lachamp, dans le 9e arrondissement de <a href=\"https:\/\/actu.fr\/marseille\/\" target=\"_blank\" rel=\"noopener\">Marseille,<\/a> un nouveau radar urbain vient de pousser au milieu de cette longue ligne droite limit\u00e9e \u00e0 50km\/h, qui m\u00e8ne \u00e0 la Gineste. Son installation, qu\u2019actu Marseille <a href=\"https:\/\/actu.fr\/provence-alpes-cote-d-azur\/marseille_13055\/marseille-sur-cette-route-tres-dangereuse-un-radar-bientot-installe-c-est-bien-mais-insuffisant_63111372.html\" target=\"_blank\" rel=\"noopener\">annon\u00e7ait d\u00e8s septembre\u00a02025,<\/a> est d\u00e9sormais termin\u00e9e. Il sera mis en service prochainement.<\/p>\n<p class=\" wall-content\">Voici ce qu\u2019il faut savoir.<\/p>\n<p>Au num\u00e9ro\u00a0143<\/p>\n<p class=\" wall-content\">\u00ab\u2009Une fois, j\u2019ai failli me faire renverser par une voiture qui roulait \u00e0 toute allure et qui venait de griller le feu rouge.\u2009\u00bb Comme d\u2019autres <strong>riverains \u00e9puis\u00e9s par la vitesse,<\/strong> Florence Ludwig, \u00e0 la t\u00eate du Comit\u00e9 d\u2019int\u00e9r\u00eat de quartier (CIQ) Vaufr\u00e8ges-Porte des Calanques, attendait des r\u00e9ponses sur la route L\u00e9on Lachamp.<\/p>\n<p>    <a href=\"https:\/\/www.google.com\/maps\/embed?pb=!1m18!1m12!1m3!1d3133.1505278129944!2d5.438441111961973!3d43.249103071003766!2m3!1f0!2f0!3f0!3m2!1i1024!2i768!4f13.1!3m3!1m2!1s0x12c9b91ca8155157%3A0xc1a0d6b0610776d2!2s143%20Rte%20L%C3%A9on%20Lachamp%2C%2013009%20Marseille!5e1!3m2!1sfr!2sfr!4v1764067053018!5m2!1sfr!2sfr\" title=\"Ouvrie le lien\" target=\"_blank\" rel=\"noopener\">Cliquez ici pour visualiser le contenu<\/a><\/p>\n<p class=\" wall-content\">L\u2019arriv\u00e9e d\u2019un \u00ab\u2009radar urbain\u2009\u00bb, positionn\u00e9 <strong>juste en face du commerce \u00ab\u2009La botte aux affaires\u2009\u00bb,<\/strong> au num\u00e9ro\u00a0143, en est une premi\u00e8re.<\/p>\n<p>    <img   decoding=\"async\" loading=\"lazy\" src=\"https:\/\/www.europesays.com\/fr\/wp-content\/uploads\/2025\/11\/whatsapp-image-2025-11-25-a-114025-ccb6d4ae-960x640.jpg\" alt=\"Radar route L\u00e9on Lachamp Marseille\" width=\"960\" height=\"640\"\/><br \/>\n    Le dispositif a \u00e9t\u00e9 mis en place juste en face d\u2019un commerce. (\u00a9Document remis \u00e0 actu Marseille)<\/p>\n<p class=\" wall-content\">\u00ab\u2009C\u2019est bien, mais c\u2019est insuffisant\u2009\u00bb, tranchait, d\u00e9j\u00e0 au mois de septembre, la responsable aupr\u00e8s d\u2019actu Marseille. De son c\u00f4t\u00e9, elle milite \u00e9galement pour <strong>\u00ab\u2009davantage de contr\u00f4les\u2009\u00bb<\/strong> ou \u00ab\u2009des feux qui se d\u00e9clenchent au passage des voitures\u2009\u00bb.<\/p>\n<p>Votre r\u00e9gion, votre actu !<\/p>\n<p>Recevez chaque jour les infos qui comptent pour vous.<\/p>\n<p>\t<a href=\"https:\/\/actu.fr\/newsletter\" class=\"ac-btn ac-btn--corner ac-btn--medium ac-btn--blue800\" target=\"_blank\" rel=\"noopener\">S&rsquo;incrire<\/a><br \/>\nAu tout d\u00e9but du mois de d\u00e9cembre<\/p>\n<p class=\" wall-content\">En attendant, c\u2019est donc bien ce dispositif de nouvelle g\u00e9n\u00e9ration qui sera mis en service <strong>\u00ab\u2009dans les prochaines semaines\u2009\u00bb,<\/strong> fait savoir la pr\u00e9fecture de police d\u00e9l\u00e9gu\u00e9e des Bouches-du-Rh\u00f4ne \u00e0 notre r\u00e9daction, sans indiquer de date pr\u00e9cise, pour le moment. Sur place, des sources \u00e9voquent \u00ab\u2009le tout d\u00e9but du mois de d\u00e9cembre\u2009\u00bb.<\/p>\n<blockquote class=\"ac-article-quote wall-content\">\n<p>Ce radar a \u00e9t\u00e9 install\u00e9 comme pr\u00e9vu par le plan de d\u00e9ploiement des radars urbains.\u00a0Dans le d\u00e9partement des Bouches-du-Rh\u00f4ne, la vitesse est la premi\u00e8re cause de mortalit\u00e9 sur les routes et un effet aggravant de toutes les\u00a0autres\u00a0causes.<\/p>\n<p>    <strong>La pr\u00e9fecture de police d\u00e9l\u00e9gu\u00e9e<\/strong>\n            <\/p><\/blockquote>\n<p class=\" wall-content\">Ces nouveaux \u00ab\u2009radars urbains\u2009\u00bb, plus compacts et plus discrets, install\u00e9s en haut d\u2019un m\u00e2t, peuvent s\u2019av\u00e9rer multit\u00e2ches. En verbalisant d\u2019autres infractions que la vitesse, notamment <strong>en recourant \u00e0 l\u2019intelligence artificielle.<\/strong> Mais ce n\u2019est pas encore pour tout de suite.<\/p>\n<p class=\" wall-content\">Personnalisez votre actualit\u00e9 en ajoutant vos villes et m\u00e9dias en favori avec <a href=\"https:\/\/moncompte.actu.fr\" title=\"D\u00e9couvez Mon Actu\" rel=\"nofollow noopener\" data-trk=\"{&quot;cta&quot;:{&quot;action&quot;:&quot;https:\\\/\\\/moncompte.actu.fr&quot;,&quot;category&quot;:&quot;mon compte&quot;,&quot;from&quot;:&quot;article footer&quot;,&quot;name&quot;:&quot;Mon actu&quot;,&quot;type&quot;:&quot;cta&quot;}}\" target=\"_blank\">Mon Actu<\/a>.<\/p>\n","protected":false},"excerpt":{"rendered":"Par Fabien Binacchi Publi\u00e9 le 25 nov. 2025 \u00e0 12h06 C\u2019\u00e9tait une demande appuy\u00e9e des habitants du secteur,&hellip;\n","protected":false},"author":2,"featured_media":557543,"comment_status":"","ping_status":"","sticky":false,"template":"","format":"standard","meta":{"footnotes":""},"categories":[2814],"tags":[1111,11,1777,674,5915,1011,27,884,12,882,6957,25,104],"class_list":{"0":"post-557542","1":"post","2":"type-post","3":"status-publish","4":"format-standard","5":"has-post-thumbnail","7":"category-marseille","8":"tag-actu","9":"tag-actualites","10":"tag-eu","11":"tag-europe","12":"tag-exces-de-vitesse","13":"tag-fr","14":"tag-france","15":"tag-marseille","16":"tag-news","17":"tag-provence-alpes-cote-dazur","18":"tag-radars","19":"tag-republique-francaise","20":"tag-societe"},"share_on_mastodon":{"url":"https:\/\/pubeurope.com\/@fr\/115610180812555318","error":""},"_links":{"self":[{"href":"https:\/\/www.europesays.com\/fr\/wp-json\/wp\/v2\/posts\/557542","targetHints":{"allow":["GET"]}}],"collection":[{"href":"https:\/\/www.europesays.com\/fr\/wp-json\/wp\/v2\/posts"}],"about":[{"href":"https:\/\/www.europesays.com\/fr\/wp-json\/wp\/v2\/types\/post"}],"author":[{"embeddable":true,"href":"https:\/\/www.europesays.com\/fr\/wp-json\/wp\/v2\/users\/2"}],"replies":[{"embeddable":true,"href":"https:\/\/www.europesays.com\/fr\/wp-json\/wp\/v2\/comments?post=557542"}],"version-history":[{"count":0,"href":"https:\/\/www.europesays.com\/fr\/wp-json\/wp\/v2\/posts\/557542\/revisions"}],"wp:featuredmedia":[{"embeddable":true,"href":"https:\/\/www.europesays.com\/fr\/wp-json\/wp\/v2\/media\/557543"}],"wp:attachment":[{"href":"https:\/\/www.europesays.com\/fr\/wp-json\/wp\/v2\/media?parent=557542"}],"wp:term":[{"taxonomy":"category","embeddable":true,"href":"https:\/\/www.europesays.com\/fr\/wp-json\/wp\/v2\/categories?post=557542"},{"taxonomy":"post_tag","embeddable":true,"href":"https:\/\/www.europesays.com\/fr\/wp-json\/wp\/v2\/tags?post=557542"}],"curies":[{"name":"wp","href":"https:\/\/api.w.org\/{rel}","templated":true}]}}