{"id":557546,"date":"2025-11-25T11:50:16","date_gmt":"2025-11-25T11:50:16","guid":{"rendered":"https:\/\/www.europesays.com\/fr\/557546\/"},"modified":"2025-11-25T11:50:16","modified_gmt":"2025-11-25T11:50:16","slug":"lyon-consideres-comme-un-point-central-de-recel-et-du-trafic-a-la-guillotiere-ce-cafe-et-son-salon-de-coiffure-fermes-par-la-prefecture","status":"publish","type":"post","link":"https:\/\/www.europesays.com\/fr\/557546\/","title":{"rendered":"Lyon Consid\u00e9r\u00e9s comme \u00ab\u00a0un point central de recel et du trafic\u00a0\u00bb \u00e0 la Guilloti\u00e8re,\u00a0ce caf\u00e9 et son salon de coiffure ferm\u00e9s par la pr\u00e9fecture"},"content":{"rendered":"<p>La liste des m\u00e9faits est longue. Le dernier en date remonte au 4\u00a0octobre.<\/p>\n<p>Ce jour-l\u00e0, suite \u00e0 un vol \u00e0 l\u2019arrach\u00e9 avec violence d\u2019un collier en or et de sa croix chr\u00e9tienne commis place Bir Hakeim sur un homme, les policiers positionn\u00e9s rue Montebello, haut lieu connu de la revente d\u2019objets vol\u00e9s et recel\u00e9s, ont aper\u00e7u les deux voleurs s\u2019engouffrant dans le salon de coiffure Orani coiffure bibi services attenant au caf\u00e9 DZ situ\u00e9 au num\u00e9ro 12 de la rue.<\/p>\n<p>Au moment de l\u2019interpellation, l\u2019un d\u2019eux avait chang\u00e9 de v\u00eatement pour brouiller les pistes mais il \u00e9tait toujours en possession de la cha\u00eene en or d\u00e9rob\u00e9e une demi-heure plus t\u00f4t. Placement en garde \u00e0 vue des deux hommes.<\/p>\n<p>Pour une dur\u00e9e de trois mois<\/p>\n<p>Ce 24\u00a0novembre, la Pr\u00e9fecture a d\u00e9cid\u00e9 de sanctionner la soci\u00e9t\u00e9 Caf\u00e9 DZ qui exploite les deux \u00e9tablissements, lesquels \u00ab\u00a0constituent, selon l\u2019arr\u00eat\u00e9 pr\u00e9fectoral, un point central de recel et du trafic en tous genres sur le secteur de la place Gabriel P\u00e9ri.\u00a0\u00bb Fermeture administrative pour une dur\u00e9e de trois mois dans le cadre de la loi \u00ab\u00a0narcotrafic\u00a0\u00bb pour \u00e9viter toute nouvelle atteinte \u00e0 l\u2019ordre public. Il y a au quotidien une forte affluence devant ces commerces.<\/p>\n<p>Les services de l\u2019\u00c9tat notent que des individus utilisent r\u00e9guli\u00e8rement la terrasse du caf\u00e9 et du salon de coiffure pour leurs trafics et se r\u00e9fugient \u00e0 l\u2019int\u00e9rieur, sans l\u2019intervention des g\u00e9rants. Cela a encore \u00e9t\u00e9 le cas le 1er\u00a0octobre dernier lorsque des policiers ont interpell\u00e9 un homme, d\u00e9favorablement connu des services, qui a pris la fuite pour se r\u00e9fugier dans le salon de coiffure en tentant d\u2019y dissimuler ses affaires dans lesquelles se trouvaient notamment 20 paquets de cigarettes de contrebande.<\/p>\n<p>Quelques jours plus t\u00f4t, dans la m\u00eame rue, la Pr\u00e9fecture avait proc\u00e9d\u00e9 \u00e0 la fermeture administrative d\u2019un barber shop apr\u00e8s la d\u00e9couverte de nombreux objets vol\u00e9s dans ses locaux.<\/p>\n","protected":false},"excerpt":{"rendered":"La liste des m\u00e9faits est longue. Le dernier en date remonte au 4\u00a0octobre. Ce jour-l\u00e0, suite \u00e0 un&hellip;\n","protected":false},"author":2,"featured_media":557547,"comment_status":"","ping_status":"","sticky":false,"template":"","format":"standard","meta":{"footnotes":""},"categories":[1889],"tags":[1111,11,2430,2757,1777,674,274,1011,27,2428,4751,4750,12,25,2429],"class_list":{"0":"post-557546","1":"post","2":"type-post","3":"status-publish","4":"format-standard","5":"has-post-thumbnail","7":"category-lyon","8":"tag-actu","9":"tag-actualites","10":"tag-auvergne-rhone-alpes","11":"tag-edition-lyon-villeurbanne","12":"tag-eu","13":"tag-europe","14":"tag-faits-divers-justice","15":"tag-fr","16":"tag-france","17":"tag-lyon","18":"tag-lyon-3e","19":"tag-lyon-3e-arrondissement","20":"tag-news","21":"tag-republique-francaise","22":"tag-rhone"},"share_on_mastodon":{"url":"https:\/\/pubeurope.com\/@fr\/115610191352775701","error":""},"_links":{"self":[{"href":"https:\/\/www.europesays.com\/fr\/wp-json\/wp\/v2\/posts\/557546","targetHints":{"allow":["GET"]}}],"collection":[{"href":"https:\/\/www.europesays.com\/fr\/wp-json\/wp\/v2\/posts"}],"about":[{"href":"https:\/\/www.europesays.com\/fr\/wp-json\/wp\/v2\/types\/post"}],"author":[{"embeddable":true,"href":"https:\/\/www.europesays.com\/fr\/wp-json\/wp\/v2\/users\/2"}],"replies":[{"embeddable":true,"href":"https:\/\/www.europesays.com\/fr\/wp-json\/wp\/v2\/comments?post=557546"}],"version-history":[{"count":0,"href":"https:\/\/www.europesays.com\/fr\/wp-json\/wp\/v2\/posts\/557546\/revisions"}],"wp:featuredmedia":[{"embeddable":true,"href":"https:\/\/www.europesays.com\/fr\/wp-json\/wp\/v2\/media\/557547"}],"wp:attachment":[{"href":"https:\/\/www.europesays.com\/fr\/wp-json\/wp\/v2\/media?parent=557546"}],"wp:term":[{"taxonomy":"category","embeddable":true,"href":"https:\/\/www.europesays.com\/fr\/wp-json\/wp\/v2\/categories?post=557546"},{"taxonomy":"post_tag","embeddable":true,"href":"https:\/\/www.europesays.com\/fr\/wp-json\/wp\/v2\/tags?post=557546"}],"curies":[{"name":"wp","href":"https:\/\/api.w.org\/{rel}","templated":true}]}}