{"id":557548,"date":"2025-11-25T11:52:16","date_gmt":"2025-11-25T11:52:16","guid":{"rendered":"https:\/\/www.europesays.com\/fr\/557548\/"},"modified":"2025-11-25T11:52:16","modified_gmt":"2025-11-25T11:52:16","slug":"reunions-secretes-sur-lukraine-nouvelle-hospitalisation-de-brigitte-bardot-pic-dembouteillages-en-ile-de-france-les-3-infos-a-retenir-a-la-mi-journee","status":"publish","type":"post","link":"https:\/\/www.europesays.com\/fr\/557548\/","title":{"rendered":"R\u00e9unions \u00absecr\u00e8tes\u00bb sur l\u2019Ukraine, nouvelle hospitalisation de Brigitte Bardot, pic d\u2019embouteillages en \u00cele-de-France&#8230; Les 3 infos \u00e0 retenir \u00e0 la mi-journ\u00e9e"},"content":{"rendered":"<p>\n    <strong>LE POINT DE MIDI &#8211;<\/strong> Retrouvez l\u2019essentiel de l\u2019actualit\u00e9 parue ce mardi 25 novembre au matin sur notre site.<\/p>\n<p><strong>Guerre en Ukraine\u00a0: des r\u00e9unions \u00absecr\u00e8tes\u00bb entre Am\u00e9ricains et Russes \u00e0 Abu Dhabi<\/strong><\/p>\n<p>    Donald Trump et Volodymyr Zelensky.<br \/>\n                Jim WATSON, Tetiana DZHAFAROVA \/ AFP<\/p>\n<p class=\"fig-paragraph\"><a href=\"https:\/\/www.lefigaro.fr\/international\/en-direct-guerre-en-ukraine-donald-trump-plan-paix-attaques-frappes-russie-zelensky-poutine-20251125\" data-fig-type=\"Live\" data-gtm-custom-categorie=\"navigation\" data-gtm-custom-action=\"crossclick\" data-gtm-custom-label=\"Contextuel\" data-gtm-event=\"customEventSPE\" data-fig-domain=\"LEFIGARO\" target=\"_blank\" rel=\"noopener\">Des r\u00e9unions\u00a0\u00absecr\u00e8tes\u00bb\u00a0sur l\u2019Ukraine<\/a>\u00a0entre Am\u00e9ricains et Russes se sont tenues lundi et devraient se poursuivre mardi \u00e0 Abu Dhabi pour tenter d\u2019avancer sur un cessez-le-feu, ont affirm\u00e9 mardi des m\u00e9dias am\u00e9ricains et britanniques.<\/p>\n<p class=\"fig-paragraph\">Ces discussions se d\u00e9roulent alors que l\u2019Ukraine comme la Russie ont fait \u00e9tat mardi matin de frappes a\u00e9riennes\u00a0\u00abmassives\u00bb\u00a0de l\u2019ennemi sur leurs territoires, avec au moins trois morts dans la r\u00e9gion russe de Rostov et au moins six c\u00f4t\u00e9 ukrainien, o\u00f9 le secteur \u00e9nerg\u00e9tique et la capitale Kiev ont encore une fois \u00e9t\u00e9 vis\u00e9s.<\/p>\n<p><strong>Brigitte Bardot de nouveau hospitalis\u00e9e \u00e0 Toulon<\/strong><\/p>\n<p>    Brigitte Bardot.<br \/>\n                Thierry ORBAN \/ ABACA<\/p>\n<p>                                    <a class=\"fig-a11y-skip a11y-hidden\" href=\"#fig-a11y-skip-main-inarticle\"><br \/>\n        Passer la publicit\u00e9<br \/>\n    <\/a><\/p>\n<p class=\"fig-paragraph\">Pour la deuxi\u00e8me fois cet automne l\u2019actrice fran\u00e7aise, \u00e2g\u00e9e de 91 ans, doit quitter Saint-Tropez pour des probl\u00e8mes de sant\u00e9.\u00a0<a href=\"http:\/\/www.lefigaro.fr\/culture\/brigitte-bardot-de-nouveau-hospitalisee-a-toulon-20251125\" data-fig-type=\"NewsFlash\" data-gtm-custom-categorie=\"navigation\" data-gtm-custom-action=\"crossclick\" data-gtm-custom-label=\"Contextuel\" data-gtm-event=\"customEventSPE\" data-fig-domain=\"LEFIGARO\" target=\"_blank\" rel=\"noopener\">La star du cin\u00e9ma fran\u00e7ais est actuellement hospitalis\u00e9e \u00e0 Toulon<\/a>.<\/p>\n<p class=\"fig-paragraph\">Il y a un peu plus d\u2019un mois, en octobre dernier, elle avait d\u00e9j\u00e0 d\u00fb quitter son domicile pour se faire soigner dans cet \u00e9tablissement. Brigitte Bardot aurait subi \u00abune intervention chirurgicale dans le cadre d\u2019une maladie grave\u00a0\u00bb. Elle a pu regagner sa maison deux semaines apr\u00e8s l\u2019op\u00e9ration.<\/p>\n<p><strong>Accidents, pannes\u00a0: plus de 500 km de bouchons sur les routes d\u2019\u00cele-de-France ce mardi matin<\/strong><\/p>\n<p>    Une partie de ces ralentissements pourrait s\u2019expliquer par une multiplication d\u2019accidents autour de Paris.<br \/>\n                Yann VERNERIE<\/p>\n<p class=\"fig-paragraph\">Ce 25 novembre, un pic sup\u00e9rieur \u00e0\u00a0<a href=\"http:\/\/www.lefigaro.fr\/conjoncture\/accidents-pannes-plus-de-500-km-de-bouchons-sur-les-routes-d-ile-de-france-ce-mardi-matin-20251125\" data-fig-type=\"NewsFlash\" data-gtm-custom-categorie=\"navigation\" data-gtm-custom-action=\"crossclick\" data-gtm-custom-label=\"Contextuel\" data-gtm-event=\"customEventSPE\" data-fig-domain=\"LEFIGARO\" target=\"_blank\" rel=\"noopener\">500 kilom\u00e8tres d\u2019embouteillages<\/a>\u00a0a \u00e9t\u00e9 enregistr\u00e9 en \u00cele-de-France, selon la Direction des routes de la r\u00e9gion. Un bilan plus qu\u2019exceptionnel, sup\u00e9rieur de 150 kilom\u00e8tres \u00e0 la normale.<\/p>\n<p class=\"fig-paragraph\">Dans le d\u00e9tail, les difficult\u00e9s ont commenc\u00e9 d\u00e8s 6h du matin, et se sont accrues jusqu\u2019\u00e0 8h30 environ. Le pic a \u00e9t\u00e9 atteint entre 8h30 et 9h, franchissant la barre des 500km de bouchons.<\/p>\n","protected":false},"excerpt":{"rendered":"LE POINT DE MIDI &#8211; Retrouvez l\u2019essentiel de l\u2019actualit\u00e9 parue ce mardi 25 novembre au matin sur notre&hellip;\n","protected":false},"author":2,"featured_media":557549,"comment_status":"","ping_status":"","sticky":false,"template":"","format":"standard","meta":{"footnotes":""},"categories":[1592],"tags":[1111,11,20224,7063,1777,674,1011,27,131,16448,662,12,626,25],"class_list":{"0":"post-557548","1":"post","2":"type-post","3":"status-publish","4":"format-standard","5":"has-post-thumbnail","7":"category-ile-de-france","8":"tag-actu","9":"tag-actualites","10":"tag-brigitte-bardot","11":"tag-embouteillages","12":"tag-eu","13":"tag-europe","14":"tag-fr","15":"tag-france","16":"tag-guerre-en-ukraine","17":"tag-hospitalisation","18":"tag-ile-de-france","19":"tag-news","20":"tag-paris","21":"tag-republique-francaise"},"share_on_mastodon":{"url":"https:\/\/pubeurope.com\/@fr\/115610199354481174","error":""},"_links":{"self":[{"href":"https:\/\/www.europesays.com\/fr\/wp-json\/wp\/v2\/posts\/557548","targetHints":{"allow":["GET"]}}],"collection":[{"href":"https:\/\/www.europesays.com\/fr\/wp-json\/wp\/v2\/posts"}],"about":[{"href":"https:\/\/www.europesays.com\/fr\/wp-json\/wp\/v2\/types\/post"}],"author":[{"embeddable":true,"href":"https:\/\/www.europesays.com\/fr\/wp-json\/wp\/v2\/users\/2"}],"replies":[{"embeddable":true,"href":"https:\/\/www.europesays.com\/fr\/wp-json\/wp\/v2\/comments?post=557548"}],"version-history":[{"count":0,"href":"https:\/\/www.europesays.com\/fr\/wp-json\/wp\/v2\/posts\/557548\/revisions"}],"wp:featuredmedia":[{"embeddable":true,"href":"https:\/\/www.europesays.com\/fr\/wp-json\/wp\/v2\/media\/557549"}],"wp:attachment":[{"href":"https:\/\/www.europesays.com\/fr\/wp-json\/wp\/v2\/media?parent=557548"}],"wp:term":[{"taxonomy":"category","embeddable":true,"href":"https:\/\/www.europesays.com\/fr\/wp-json\/wp\/v2\/categories?post=557548"},{"taxonomy":"post_tag","embeddable":true,"href":"https:\/\/www.europesays.com\/fr\/wp-json\/wp\/v2\/tags?post=557548"}],"curies":[{"name":"wp","href":"https:\/\/api.w.org\/{rel}","templated":true}]}}