{"id":557552,"date":"2025-11-25T11:54:12","date_gmt":"2025-11-25T11:54:12","guid":{"rendered":"https:\/\/www.europesays.com\/fr\/557552\/"},"modified":"2025-11-25T11:54:12","modified_gmt":"2025-11-25T11:54:12","slug":"paris-des-propos-antisemites-saffichent-a-lecran-lors-dun-cours-de-medecine-a-la-sorbonne-la-justice-saisie","status":"publish","type":"post","link":"https:\/\/www.europesays.com\/fr\/557552\/","title":{"rendered":"Paris : Des propos antis\u00e9mites s\u2019affichent \u00e0 l\u2019\u00e9cran lors d\u2019un cours de m\u00e9decine \u00e0 la Sorbonne, la justice saisie"},"content":{"rendered":"<p class=\"mb-4 text-lg md:leading-8 break-words\"><strong>enqu\u00eate en cours &#8211; La direction de Sorbonne Universit\u00e9 a saisi la justice apr\u00e8s que des \u00ab\u00a0propos tr\u00e8s graves, injurieux et antis\u00e9mites\u00a0\u00bb ont \u00e9t\u00e9 affich\u00e9s sur un \u00e9cran lors d\u2019un cours magistral de m\u00e9decine g\u00e9n\u00e9rale<\/strong><\/p>\n<p class=\"mb-4 text-lg md:leading-8 break-words\">La direction de Sorbonne Universit\u00e9, \u00e0 <a href=\"https:\/\/www.20minutes.fr\/paris\/?at_medium=RSS%20feed&amp;at_campaign=ynews&amp;utm_source=yahoo&amp;utm_medium=rss&amp;utm_campaign=news_feed&amp;utm_content=in_article_link\" rel=\"nofollow noopener\" target=\"_blank\" data-ylk=\"slk:Paris;elm:context_link;itc:0;sec:content-canvas\" class=\"link \">Paris<\/a>, a saisi la justice apr\u00e8s des \u00ab\u00a0propos tr\u00e8s graves, injurieux et <a href=\"https:\/\/www.20minutes.fr\/dossier\/antisemitisme?at_medium=RSS%20feed&amp;at_campaign=ynews&amp;utm_source=yahoo&amp;utm_medium=rss&amp;utm_campaign=news_feed&amp;utm_content=in_article_link\" rel=\"nofollow noopener\" target=\"_blank\" data-ylk=\"slk:antis\u00e9mites;elm:context_link;itc:0;sec:content-canvas\" class=\"link \">antis\u00e9mites<\/a>\u00a0\u00bb. Ils ont \u00e9t\u00e9 affich\u00e9s sur un \u00e9cran lors d\u2019un cours magistral de <a href=\"https:\/\/www.20minutes.fr\/dossier\/medecine?at_medium=RSS%20feed&amp;at_campaign=ynews&amp;utm_source=yahoo&amp;utm_medium=rss&amp;utm_campaign=news_feed&amp;utm_content=in_article_link\" rel=\"nofollow noopener\" target=\"_blank\" data-ylk=\"slk:m\u00e9decine;elm:context_link;itc:0;sec:content-canvas\" class=\"link \">m\u00e9decine<\/a> g\u00e9n\u00e9rale \u00e0 la facult\u00e9 de sant\u00e9. \u00ab\u00a0L\u2019\u00e9tablissement condamne avec la plus grande fermet\u00e9 tout agissement de ce type\u00a0\u00bb, indique-t-elle, lundi. La direction r\u00e9affirme \u00ab\u00a0son engagement \u00e0 lutter contre l\u2019antis\u00e9mitisme, le racisme et toute forme de discrimination\u00a0\u00bb.<\/p>\n<p class=\"mb-4 text-lg md:leading-8 break-words\">L\u2019universit\u00e9 a transmis \u00ab\u00a0l\u2019ensemble des \u00e9l\u00e9ments en sa possession\u00a0\u00bb au procureur de la R\u00e9publique \u00ab\u00a0dans les plus brefs d\u00e9lais\u00a0\u00bb, au titre de l\u2019article\u00a040 du code de proc\u00e9dure p\u00e9nale. \u00ab\u00a0Six enseignantes et une centaine d\u2019\u00e9tudiantes et d\u2019\u00e9tudiants ont \u00e9t\u00e9 expos\u00e9s, durant ce cours, \u00e0 des propos explicitement racistes et faisant l\u2019apologie du nazisme\u00a0\u00bb. Ils ont \u00e9t\u00e9 \u00ab\u00a0affich\u00e9s sur l\u2019\u00e9cran de l\u2019amphith\u00e9\u00e2tre suite aux r\u00e9ponses formul\u00e9es sur l\u2019outil Wooclap (outil p\u00e9dagogique num\u00e9rique) utilis\u00e9 lors de l\u2019enseignement\u00a0\u00bb, pr\u00e9cise l\u2019universit\u00e9.<\/p>\n<p class=\"mb-4 text-lg md:leading-8 break-words\">Le cours a \u00e9t\u00e9 suspendu et l\u2019amphith\u00e9\u00e2tre \u00e9vacu\u00e9. Le d\u00e9partement de m\u00e9decine g\u00e9n\u00e9rale a mis en place \u00ab\u00a0une cellule psychologique accessible \u00e0 l\u2019ensemble des \u00e9tudiantes et des \u00e9tudiants qui en ressentiraient le besoin\u00a0\u00bb. Le \u00ab\u00a0r\u00e9f\u00e9rent la\u00efcit\u00e9, lutte contre le racisme et l\u2019antis\u00e9mitisme de l\u2019\u00e9tablissement a \u00e9galement \u00e9t\u00e9 saisi\u00a0\u00bb.<\/p>\n<p><a href=\"https:\/\/www.20minutes.fr\/dossier\/antisemitisme\" rel=\"nofollow noopener\" target=\"_blank\" data-ylk=\"slk:Notre dossier sur l&#039;antis\u00e9mitisme;elm:context_link;itc:0;sec:content-canvas\" class=\"link \">Notre dossier sur l&rsquo;antis\u00e9mitisme<\/a><\/p>\n<p class=\"mb-4 text-lg md:leading-8 break-words\">\u00ab\u00a0L\u2019identification de l\u2019auteur ou des auteurs est en cours et l\u2019universit\u00e9 engagera des poursuites disciplinaires d\u00e8s que les identifications auront \u00e9t\u00e9 \u00e9tablies\u00a0\u00bb, pr(&#8230;)<\/p>\n<p class=\"mb-4 text-lg md:leading-8 break-words\"><a href=\"https:\/\/www.20minutes.fr\/justice\/4187755-20251125-paris-propos-antisemites-affichent-ecran-lors-cours-medecine-sorbonne-justice-saisie?at_medium=RSS%20feed&amp;at_campaign=ynews&amp;utm_source=yahoo&amp;utm_medium=rss&amp;utm_campaign=news_feed&amp;utm_content=read_more_link&quot;\" rel=\"nofollow noopener\" target=\"_blank\" data-ylk=\"slk:Lire la suite sur 20minutes;elm:context_link;itc:0;sec:content-canvas\" class=\"link \">Lire la suite sur 20minutes<\/a><\/p>\n<p>\u00c0 lire aussi :<br \/><a href=\"https:\/\/www.20minutes.fr\/societe\/4184398-20251107-fiche-fumigenes-melenchon-sait-incidents-philharmonie?at_medium=RSS%20feed&amp;at_campaign=ynews&amp;utm_source=yahoo&amp;utm_medium=rss&amp;utm_campaign=news_feed&amp;utm_content=related_content_link\" rel=\"nofollow noopener\" target=\"_blank\" data-ylk=\"slk:Fich\u00e9 S, fumig\u00e8nes, M\u00e9lenchon\u2026 Ce que l\u2019on sait sur les incidents \u00e0 la Philharmonie;elm:context_link;itc:0;sec:content-canvas\" class=\"link \">Fich\u00e9 S, fumig\u00e8nes, M\u00e9lenchon\u2026 Ce que l\u2019on sait sur les incidents \u00e0 la Philharmonie<\/a><br \/><a href=\"https:\/\/www.20minutes.fr\/justice\/4184041-20251106-lfi-passionnement-antisemite-philosophe-raphael-enthoven-relaxe-delit-injure?at_medium=RSS%20feed&amp;at_campaign=ynews&amp;utm_source=yahoo&amp;utm_medium=rss&amp;utm_campaign=news_feed&amp;utm_content=related_content_link\" rel=\"nofollow noopener\" target=\"_blank\" data-ylk=\"slk:LFI \u00ab\u00a0passionn\u00e9ment antis\u00e9mite\u00a0\u00bb\u00a0? Le philosophe Rapha\u00ebl Enthoven, relax\u00e9 du d\u00e9lit d\u2019injure;elm:context_link;itc:0;sec:content-canvas\" class=\"link \">LFI \u00ab\u00a0passionn\u00e9ment antis\u00e9mite\u00a0\u00bb\u00a0? Le philosophe Rapha\u00ebl Enthoven, relax\u00e9 du d\u00e9lit d\u2019injure<\/a><\/p>\n","protected":false},"excerpt":{"rendered":"enqu\u00eate en cours &#8211; La direction de Sorbonne Universit\u00e9 a saisi la justice apr\u00e8s que des \u00ab\u00a0propos tr\u00e8s&hellip;\n","protected":false},"author":2,"featured_media":557553,"comment_status":"","ping_status":"","sticky":false,"template":"","format":"standard","meta":{"footnotes":""},"categories":[1888],"tags":[1111,1928,11,1927,67474,1777,674,1011,27,67475,67473,12,1926,626,1925,3764,25,67472],"class_list":{"0":"post-557552","1":"post","2":"type-post","3":"status-publish","4":"format-standard","5":"has-post-thumbnail","7":"category-paris","8":"tag-actu","9":"tag-actu-paris","10":"tag-actualites","11":"tag-actualites-paris","12":"tag-cours-magistral","13":"tag-eu","14":"tag-europe","15":"tag-fr","16":"tag-france","17":"tag-lutte-contre-le-racisme","18":"tag-medecine-generale","19":"tag-news","20":"tag-news-paris","21":"tag-paris","22":"tag-paris-news","23":"tag-procureur-de-la-republique","24":"tag-republique-francaise","25":"tag-sorbonne-universite"},"share_on_mastodon":{"url":"https:\/\/pubeurope.com\/@fr\/115610207096804968","error":""},"_links":{"self":[{"href":"https:\/\/www.europesays.com\/fr\/wp-json\/wp\/v2\/posts\/557552","targetHints":{"allow":["GET"]}}],"collection":[{"href":"https:\/\/www.europesays.com\/fr\/wp-json\/wp\/v2\/posts"}],"about":[{"href":"https:\/\/www.europesays.com\/fr\/wp-json\/wp\/v2\/types\/post"}],"author":[{"embeddable":true,"href":"https:\/\/www.europesays.com\/fr\/wp-json\/wp\/v2\/users\/2"}],"replies":[{"embeddable":true,"href":"https:\/\/www.europesays.com\/fr\/wp-json\/wp\/v2\/comments?post=557552"}],"version-history":[{"count":0,"href":"https:\/\/www.europesays.com\/fr\/wp-json\/wp\/v2\/posts\/557552\/revisions"}],"wp:featuredmedia":[{"embeddable":true,"href":"https:\/\/www.europesays.com\/fr\/wp-json\/wp\/v2\/media\/557553"}],"wp:attachment":[{"href":"https:\/\/www.europesays.com\/fr\/wp-json\/wp\/v2\/media?parent=557552"}],"wp:term":[{"taxonomy":"category","embeddable":true,"href":"https:\/\/www.europesays.com\/fr\/wp-json\/wp\/v2\/categories?post=557552"},{"taxonomy":"post_tag","embeddable":true,"href":"https:\/\/www.europesays.com\/fr\/wp-json\/wp\/v2\/tags?post=557552"}],"curies":[{"name":"wp","href":"https:\/\/api.w.org\/{rel}","templated":true}]}}