{"id":557562,"date":"2025-11-25T12:00:13","date_gmt":"2025-11-25T12:00:13","guid":{"rendered":"https:\/\/www.europesays.com\/fr\/557562\/"},"modified":"2025-11-25T12:00:13","modified_gmt":"2025-11-25T12:00:13","slug":"trump-va-designer-les-freres-musulmans-comme-organisation-terroriste","status":"publish","type":"post","link":"https:\/\/www.europesays.com\/fr\/557562\/","title":{"rendered":"Trump va d\u00e9signer les Fr\u00e8res musulmans comme \u00aborganisation terroriste\u00bb"},"content":{"rendered":"<p>            <img decoding=\"async\" alt=\"Donald Trump.\" src=\"https:\/\/www.europesays.com\/fr\/wp-content\/uploads\/2025\/11\/sipa_sipausa31661914_000004.jpg\" width=\"375\" height=\"250\" loading=\"lazy\"\/><\/p>\n<p>\n    Donald Trump.<\/p>\n<p>                SIPA<br \/>\n                                        \/<br \/>\n                                                    \u00a9 UPI\/Newscom<\/p>\n<p><a href=\"https:\/\/www.lejdd.fr\/Donald-Trump\" target=\"_blank\" rel=\"noopener\">Donald Trump<\/a> s\u2019attaque aux <a href=\"https:\/\/www.lejdd.fr\/international\/qui-sont-les-freres-musulmans-136065\" target=\"_blank\" rel=\"noopener\">Fr\u00e8res musulmans<\/a>. Apr\u00e8s l\u2019\u00c9tat du Texas, le pr\u00e9sident am\u00e9ricain a promis de d\u00e9signer la confr\u00e9rie islamiste comme \u00ab\u00a0organisation terroriste\u00a0\u00bb au niveau f\u00e9d\u00e9ral. \u00ab\u00a0Cela se fera avec la plus grande fermet\u00e9 et la plus grande force\u00a0\u00bb, assure-t-il au m\u00e9dia <a href=\"https:\/\/justthenews.com\/politics-policy\/all-things-trump\/trump-says-he-will-designate-muslim-brotherhood-terrorist#article\" target=\"_blank\" rel=\"noopener\">Just the News<\/a>, pr\u00e9cisant que \u00ab\u00a0les documents finaux sont en cours de r\u00e9daction\u00a0\u00bb.<\/p>\n<p>Si les \u00c9tats-Unis proc\u00e8dent \u00e0 cette d\u00e9signation, ils seront le premier pays occidental \u00e0 qualifier le mouvement islamiste sunnite de \u00ab\u00a0terroriste\u00a0\u00bb, apr\u00e8s plusieurs \u00c9tats dont l\u2019\u00c9gypte, l\u2019Arabie saoudite, les \u00c9mirats arabes unis ou encore la Russie. L\u2019Autriche a toutefois interdit la confr\u00e9rie, la pla\u00e7ant sur sa liste noire des \u00ab\u00a0groupes extr\u00e9mistes li\u00e9s \u00e0 la criminalit\u00e9 \u00e0 motivation religieuse\u00a0\u00bb. Les Fr\u00e8res musulmans, cr\u00e9\u00e9s en 1928 en Egypte, sont accus\u00e9s en Occident de tenter de normaliser les principes de la <a href=\"https:\/\/www.lejdd.fr\/Societe\/quest-ce-que-la-charia-164162\" target=\"_blank\" rel=\"noopener\">charia<\/a>.<\/p>\n<p>    La suite apr\u00e8s cette publicit\u00e9<\/p>\n<p>La semaine derni\u00e8re, le gouverneur r\u00e9publicain du Texas Greg Abbott avait annonc\u00e9 inscrire les Fr\u00e8res musulmans comme \u00ab\u00a0organisation terroriste\u00a0\u00bb. Cette mesure a pour but de \u00ab\u00a0leur interdire d\u2019acheter ou d\u2019acqu\u00e9rir des terrains\u00a0\u00bb dans l\u2019\u00c9tat et permet aux autorit\u00e9s locales d\u2019\u00ab\u00a0engager des poursuites pour les faire fermer\u00a0\u00bb, d\u00e9taille le gouverneur. Ce dernier a \u00e9galement inscrit le Conseil sur les relations am\u00e9ricano-islamiques (CAIR) comme organisation terroriste. Le CAIR poss\u00e8de une trentaine d\u2019antennes aux \u00c9tats-Unis, dont trois au Texas.<\/p>\n","protected":false},"excerpt":{"rendered":"Donald Trump. SIPA \/ \u00a9 UPI\/Newscom Donald Trump s\u2019attaque aux Fr\u00e8res musulmans. Apr\u00e8s l\u2019\u00c9tat du Texas, le pr\u00e9sident&hellip;\n","protected":false},"author":2,"featured_media":557563,"comment_status":"","ping_status":"","sticky":false,"template":"","format":"standard","meta":{"footnotes":""},"categories":[1589],"tags":[11,73,1866,12,1864,1865,1863,308],"class_list":{"0":"post-557562","1":"post","2":"type-post","3":"status-publish","4":"format-standard","5":"has-post-thumbnail","7":"category-etats-unis","8":"tag-actualites","9":"tag-etats-unis","10":"tag-etats-unis-damerique","11":"tag-news","12":"tag-united-states","13":"tag-united-states-of-america","14":"tag-us","15":"tag-usa"},"share_on_mastodon":{"url":"https:\/\/pubeurope.com\/@fr\/115610231398871041","error":""},"_links":{"self":[{"href":"https:\/\/www.europesays.com\/fr\/wp-json\/wp\/v2\/posts\/557562","targetHints":{"allow":["GET"]}}],"collection":[{"href":"https:\/\/www.europesays.com\/fr\/wp-json\/wp\/v2\/posts"}],"about":[{"href":"https:\/\/www.europesays.com\/fr\/wp-json\/wp\/v2\/types\/post"}],"author":[{"embeddable":true,"href":"https:\/\/www.europesays.com\/fr\/wp-json\/wp\/v2\/users\/2"}],"replies":[{"embeddable":true,"href":"https:\/\/www.europesays.com\/fr\/wp-json\/wp\/v2\/comments?post=557562"}],"version-history":[{"count":0,"href":"https:\/\/www.europesays.com\/fr\/wp-json\/wp\/v2\/posts\/557562\/revisions"}],"wp:featuredmedia":[{"embeddable":true,"href":"https:\/\/www.europesays.com\/fr\/wp-json\/wp\/v2\/media\/557563"}],"wp:attachment":[{"href":"https:\/\/www.europesays.com\/fr\/wp-json\/wp\/v2\/media?parent=557562"}],"wp:term":[{"taxonomy":"category","embeddable":true,"href":"https:\/\/www.europesays.com\/fr\/wp-json\/wp\/v2\/categories?post=557562"},{"taxonomy":"post_tag","embeddable":true,"href":"https:\/\/www.europesays.com\/fr\/wp-json\/wp\/v2\/tags?post=557562"}],"curies":[{"name":"wp","href":"https:\/\/api.w.org\/{rel}","templated":true}]}}