{"id":557570,"date":"2025-11-25T12:04:17","date_gmt":"2025-11-25T12:04:17","guid":{"rendered":"https:\/\/www.europesays.com\/fr\/557570\/"},"modified":"2025-11-25T12:04:17","modified_gmt":"2025-11-25T12:04:17","slug":"pres-dagen-lecole-est-devenue-pomme-de-discorde","status":"publish","type":"post","link":"https:\/\/www.europesays.com\/fr\/557570\/","title":{"rendered":"pr\u00e8s d\u2019Agen, l\u2019\u00e9cole est devenue pomme de discorde"},"content":{"rendered":"<p>Exemple r\u00e9v\u00e9lateur selon ces mamans d\u2019\u00e9l\u00e8ves, l\u2019acc\u00e8s \u00e0 la nouvelle salle multi-activit\u00e9s adoss\u00e9e \u00e0 l\u2019\u00e9tablissement scolaire. \u00ab\u00a0On nous a vendu une salle pour les enfants, alors qu\u2019ils n\u2019y ont pas acc\u00e8s. Que c\u2019\u00e9tait pour l\u2019\u00e9cole alors que c\u2019est surtout pour le club de basket\u00a0\u00bb, pointe Gwendoline Ordas.<\/p>\n<p>Le maire s\u2019inscrit en faux. \u00ab\u00a0Actuellement, je n\u2019ai pas de demande des enseignantes pour utiliser cette salle, qui sert aussi bien au club de basket, qu\u2019\u00e0 la gym volontaire ou \u00e0 la Marpa\u00a0\u00bb, dit Jean Dreuil, \u00e9voquant des jalousies \u00ab\u00a0Je n\u2019ai jamais connu une telle situation en 37\u00a0ans de mandat, dont 25 comme maire\u00a0\u00bb, rajoute l\u2019\u00e9lu.<\/p>\n<p>R\u00e9parations et entretien<\/p>\n<p>Ces parents d\u2019\u00e9l\u00e8ves membres de la commission cantine ont eu la surprise de ne plus y \u00eatre invit\u00e9s ; un choix assum\u00e9 par Jean Dreuil. Ils ont, par ailleurs, poursuivi leurs d\u00e9marches en faveur de la s\u00e9curisation des \u00e9coles, o\u00f9 sont scolaris\u00e9s une centaine d\u2019enfants. \u00ab\u00a0On a fait venir l\u2019inspecteur d\u2019acad\u00e9mie du secteur lors du conseil de juillet 2024, le maire a quitt\u00e9 la r\u00e9union alors que l\u2019on devait r\u00e9aliser un \u00e9tat des lieux des r\u00e9parations \u00e0 faire. Nous l\u2019avons donc fait de notre c\u00f4t\u00e9 et envoy\u00e9 \u00e0 l\u2019ensemble des \u00e9lus, parents, et les repr\u00e9sentants de l\u2019\u00c9ducation nationale\u00a0\u00bb, poursuit Marianne Paixao, photos en main, pr\u00e9cisant que certains petits travaux avaient \u00e9t\u00e9 r\u00e9alis\u00e9s depuis.<\/p>\n<p>Et les repr\u00e9sentants des parents d\u2019\u00e9l\u00e8ves de pointer l\u2019enveloppe promise, dans le cadre des travaux du complexe scolaire, achev\u00e9s dans sa premi\u00e8re phase \u2013 le restaurant scolaire et la salle multi-activit\u00e9s \u2013 la deuxi\u00e8me ayant \u00e9t\u00e9 interrompue. \u00ab\u00a0De l\u2019argent qui pouvait aller \u00e0 l\u2019entretien\u00a0\u00bb, indiquent-ils, regrettant que les \u00e9coliers ne puissent plus avoir acc\u00e8s \u00e0 une partie de la cour en raison de son mauvais \u00e9tat.<\/p>\n<p>Au rang des autres griefs : l\u2019accueil p\u00e9riscolaire non adapt\u00e9 dans l\u2019ancienne cantine, l\u2019ajout de portemanteaux au restaurant scolaire, l\u2019absence d\u2019augmentation de la subvention aux \u00e9coles, une demande de convention avec le centre de loisirs de Sainte-Colombe\u2026 \u00ab\u00a0On avait aussi r\u00e9clam\u00e9 un Abribus, on a eu un haut vent\u00a0\u00bb, d\u00e9crie Gwendoline Ordas.<\/p>\n","protected":false},"excerpt":{"rendered":"Exemple r\u00e9v\u00e9lateur selon ces mamans d\u2019\u00e9l\u00e8ves, l\u2019acc\u00e8s \u00e0 la nouvelle salle multi-activit\u00e9s adoss\u00e9e \u00e0 l\u2019\u00e9tablissement scolaire. \u00ab\u00a0On nous&hellip;\n","protected":false},"author":2,"featured_media":557571,"comment_status":"","ping_status":"","sticky":false,"template":"","format":"standard","meta":{"footnotes":""},"categories":[1586],"tags":[11,1777,674,1779,1011,27,12,25,1778,364],"class_list":{"0":"post-557570","1":"post","2":"type-post","3":"status-publish","4":"format-standard","5":"has-post-thumbnail","7":"category-europe","8":"tag-actualites","9":"tag-eu","10":"tag-europe","11":"tag-european-union","12":"tag-fr","13":"tag-france","14":"tag-news","15":"tag-republique-francaise","16":"tag-ue","17":"tag-union-europeenne"},"share_on_mastodon":{"url":"https:\/\/pubeurope.com\/@fr\/115610246465537837","error":""},"_links":{"self":[{"href":"https:\/\/www.europesays.com\/fr\/wp-json\/wp\/v2\/posts\/557570","targetHints":{"allow":["GET"]}}],"collection":[{"href":"https:\/\/www.europesays.com\/fr\/wp-json\/wp\/v2\/posts"}],"about":[{"href":"https:\/\/www.europesays.com\/fr\/wp-json\/wp\/v2\/types\/post"}],"author":[{"embeddable":true,"href":"https:\/\/www.europesays.com\/fr\/wp-json\/wp\/v2\/users\/2"}],"replies":[{"embeddable":true,"href":"https:\/\/www.europesays.com\/fr\/wp-json\/wp\/v2\/comments?post=557570"}],"version-history":[{"count":0,"href":"https:\/\/www.europesays.com\/fr\/wp-json\/wp\/v2\/posts\/557570\/revisions"}],"wp:featuredmedia":[{"embeddable":true,"href":"https:\/\/www.europesays.com\/fr\/wp-json\/wp\/v2\/media\/557571"}],"wp:attachment":[{"href":"https:\/\/www.europesays.com\/fr\/wp-json\/wp\/v2\/media?parent=557570"}],"wp:term":[{"taxonomy":"category","embeddable":true,"href":"https:\/\/www.europesays.com\/fr\/wp-json\/wp\/v2\/categories?post=557570"},{"taxonomy":"post_tag","embeddable":true,"href":"https:\/\/www.europesays.com\/fr\/wp-json\/wp\/v2\/tags?post=557570"}],"curies":[{"name":"wp","href":"https:\/\/api.w.org\/{rel}","templated":true}]}}