{"id":557575,"date":"2025-11-25T12:07:16","date_gmt":"2025-11-25T12:07:16","guid":{"rendered":"https:\/\/www.europesays.com\/fr\/557575\/"},"modified":"2025-11-25T12:07:16","modified_gmt":"2025-11-25T12:07:16","slug":"comment-ca-se-passe-ailleurs-en-europe","status":"publish","type":"post","link":"https:\/\/www.europesays.com\/fr\/557575\/","title":{"rendered":"comment \u00e7a se passe ailleurs en Europe ?"},"content":{"rendered":"<p>Certains pays n\u2019ont jamais abrog\u00e9 la conscription, d\u2019autres l\u2019ont r\u00e9tablie face \u00e0 la menace pos\u00e9e par la Russie ou l\u2019envisagent sur la base du volontariat\u2026 \u00c9tat des lieux du service militaire en Europe, alors qu\u2019Emmanuel Macron <a target=\"_self\" href=\"https:\/\/www.lanouvellerepublique.fr\/a-la-une\/emmanuel-macron-pourrait-annoncer-l-instauration-d-un-service-militaire-dans-les-prochains-jours-1763910248\" rel=\"noopener\">devrait annoncer jeudi<\/a> la mise en place d\u2019<a target=\"_self\" href=\"https:\/\/www.lanouvellerepublique.fr\/a-la-une\/creer-un-reservoir-de-personnes-mobilisables-en-cas-de-crise-vers-une-instauration-d-un-service-militaire-volontaire-1752507688\" rel=\"noopener\">un service volontaire en France<\/a>.<\/p>\n<p>Ceux qui ont maintenu le service obligatoire<\/p>\n<p><strong>Au Danemark<\/strong>, le service militaire est pass\u00e9 l\u2019an dernier de quatre \u00e0 onze mois et est obligatoire pour les femmes depuis le 1er\u00a0juillet. Les jeunes Danois sont tir\u00e9s au sort pour effectuer ou non leur service en fonction des besoins de l\u2019arm\u00e9e.<\/p>\n<p><strong>En Finlande<\/strong>, les conscrits effectuent un service obligatoire de six, neuf ou douze mois en fonction de la sp\u00e9cialit\u00e9 et du grade. Ils sont ensuite bascul\u00e9s dans la r\u00e9serve jusqu\u2019\u00e0 l\u2019\u00e2ge de 50 ou 60\u00a0ans, selon leur grade. Le gouvernement envisage de relever l\u2019\u00e2ge des r\u00e9servistes \u00e0 65\u00a0ans. Le service militaire est volontaire pour les femmes.<\/p>\n<p><strong>La Norv\u00e8ge<\/strong> a d\u00e9cid\u00e9 en 2013 de rendre le service militaire de douze mois \u00e9galement obligatoire pour les femmes au nom de l\u2019\u00e9galit\u00e9 des sexes. Environ 15\u00a0% d\u2019une classe d\u2019\u00e2ge sont s\u00e9lectionn\u00e9s selon des crit\u00e8res de qualifications et de motivation.<\/p>\n<p><strong>En Estonie<\/strong>, le service militaire pour les hommes dure de huit \u00e0 onze mois et s\u2019effectue sur une base territoriale, qui permet de les former en unit\u00e9s constitu\u00e9es une fois dans la r\u00e9serve. Il est volontaire pour les femmes.<\/p>\n<p><strong>La Gr\u00e8ce<\/strong> maintient une conscription obligatoire pour les hommes de plus de 18\u00a0ans pour une p\u00e9riode de neuf \u00e0 douze mois. Le gouvernement a ouvert en mars la possibilit\u00e9 pour les femmes d\u2019effectuer le service militaire sur une base volontaire.<\/p>\n<p><strong>\u00c0 Chypre<\/strong>, un service militaire de quatorze mois est obligatoire pour les hommes. Le parlement a vot\u00e9 en avril une loi l\u2019ouvrant aux femmes volontaires.<\/p>\n<p><strong>L\u2019Autriche et la Suisse<\/strong>, pays neutres, ont \u00e9galement un service obligatoire pour les hommes, respectivement de six et neuf mois, et volontaire pour les femmes.<\/p>\n<p>Ceux qui l\u2019ont r\u00e9tabli<\/p>\n<p><strong>La Lituanie<\/strong> a \u00e9t\u00e9 la premi\u00e8re \u00e0 r\u00e9tablir, en 2015, la conscription obligatoire pour les hommes. Elle l\u2019avait suspendue en 2008. La s\u00e9lection est effectu\u00e9e par loterie pour un service de neuf mois, volontaire pour les femmes. \u00c0 l\u2019issue du service, les conscrits sont bascul\u00e9s dans la r\u00e9serve pour dix ans, p\u00e9riode qui sera port\u00e9e \u00e0 quinze ans en 2026.<\/p>\n<p><strong>La Su\u00e8de<\/strong> a r\u00e9introduit la conscription en 2017 apr\u00e8s une suspension de sept ans. Elle est obligatoire pour les hommes et les femmes pour une dur\u00e9e de neuf \u00e0 quinze mois selon les sp\u00e9cialit\u00e9s. Dans les faits, seuls quelques milliers effectuent leur service, selon les besoins de l\u2019arm\u00e9e. En cas de crise, tous les jeunes Su\u00e9dois sont susceptibles d\u2019effectuer un service civil pour concourir \u00e0 la \u00ab\u00a0d\u00e9fense totale\u00a0\u00bb du pays.<\/p>\n<p><strong>La Lettonie<\/strong> a r\u00e9tabli en 2023 un service militaire obligatoire de onze mois pour les hommes \u2013 volontaire pour les femmes \u2013 qu\u2019elle avait aboli en 2006. Les jeunes Lettons peuvent choisir de privil\u00e9gier un engagement de cinq ans dans la Garde nationale, comprenant des p\u00e9riodes de formation annuelles.<\/p>\n<p><strong>La Croatie<\/strong> a vot\u00e9 fin octobre le r\u00e9tablissement d\u00e8s 2026 du service militaire obligatoire pour les hommes, suspendu en 2008 peu avant l\u2019entr\u00e9e du pays dans l\u2019Otan.<\/p>\n<p>Ailleurs en Europe<\/p>\n<p>La Belgique a abandonn\u00e9 la conscription en 1994, de m\u00eame que les Pays-Bas (1997), l\u2019Espagne (2001), la R\u00e9publique tch\u00e8que et la Hongrie (2004), l\u2019Italie (2005), la Roumanie (2006) ou la Bulgarie (2007).<\/p>\n<p><strong>Les Pays-Bas<\/strong> ont depuis instaur\u00e9 un service militaire volontaire en 2023, <strong>la Bulgarie<\/strong> en 2020. <strong>La Belgique<\/strong> a introduit \u00e0 partir de 2026 un service militaire volontaire de douze mois ouverts aux hommes et aux femmes. L\u2019objectif est d\u2019atteindre 1.000 volontaires en 2028. <strong>La Roumanie<\/strong> inaugure \u00e9galement l\u2019an prochain un service militaire volontaire de quatre mois pour les hommes et les femmes.<\/p>\n<p><strong>Au Royaume-Uni<\/strong>, la conscription a pris fin en 1960. Le gouvernement de Keir Starmer a enterr\u00e9 le projet de le r\u00e9tablir, \u00e9voqu\u00e9 par son pr\u00e9d\u00e9cesseur.<\/p>\n<p><strong>En Allemagne<\/strong>, o\u00f9 la conscription a \u00e9t\u00e9 suspendue en 2011, la coalition au pouvoir a trouv\u00e9 un compromis pour <a target=\"_self\" href=\"https:\/\/www.lanouvellerepublique.fr\/a-la-une\/allemagne-l-idee-d-un-service-militaire-par-tirage-au-sort-divise-a-berlin-1760891864\" rel=\"noopener\">\u00e9tablir un service militaire volontaire<\/a> afin de renforcer une arm\u00e9e en manque de recrues. Le projet de loi doit \u00eatre vot\u00e9 en d\u00e9cembre. L\u2019objectif est de recruter 20.000 volontaires en 2026.<\/p>\n<p>La conscription a \u00e9t\u00e9 suspendue en 2009 en <strong>Pologne<\/strong>, qui a mis en place sur une base volontaire une formation militaire de base d\u2019un mois, suivie \u00e9ventuellement de formations sp\u00e9cialis\u00e9es de onze mois suppl\u00e9mentaires.<\/p>\n<p><strong>Quels dispositifs en France\u00a0?<\/strong><\/p>\n<p>En France, o\u00f9 la conscription a \u00e9t\u00e9 suspendue en 1997 pour une arm\u00e9e de m\u00e9tier, il existe actuellement un service militaire adapt\u00e9 (SMA) en outre-mer et un service militaire volontaire (SMV) en m\u00e9tropole, qui sont en r\u00e9alit\u00e9 pens\u00e9s comme des dispositifs de formation et d\u2019insertion dans l\u2019emploi.<\/p>\n<p><a target=\"_self\" href=\"https:\/\/www.lanouvellerepublique.fr\/a-la-une\/le-service-national-universel-va-etre-mis-en-extinction-au-profit-d-un-service-militaire-volontaire-annonce-sebastien-lecornu-1758273083\" rel=\"noopener\">Le service national universel (SNU)<\/a>, lanc\u00e9 en 2019 \u00e0 destination des jeunes de 15 \u00e0 17\u00a0ans, est lui civil et comprend un s\u00e9jour de coh\u00e9sion suivi de deux semaines de mission d\u2019int\u00e9r\u00eat g\u00e9n\u00e9ral. Mais il n\u2019a jamais trouv\u00e9 son rythme de croisi\u00e8re.<\/p>\n","protected":false},"excerpt":{"rendered":"Certains pays n\u2019ont jamais abrog\u00e9 la conscription, d\u2019autres l\u2019ont r\u00e9tablie face \u00e0 la menace pos\u00e9e par la Russie&hellip;\n","protected":false},"author":2,"featured_media":557576,"comment_status":"","ping_status":"","sticky":false,"template":"","format":"standard","meta":{"footnotes":""},"categories":[4],"tags":[328,11,672,1813,674,1011,27,329,8906,1868,74,12,316,25,473,364],"class_list":{"0":"post-557575","1":"post","2":"type-post","3":"status-publish","4":"format-standard","5":"has-post-thumbnail","7":"category-france","8":"tag-a-la-une","9":"tag-actualites","10":"tag-allemagne","11":"tag-armee","12":"tag-europe","13":"tag-fr","14":"tag-france","15":"tag-france-monde","16":"tag-grece","17":"tag-la-question-du-jour","18":"tag-monde","19":"tag-news","20":"tag-politique","21":"tag-republique-francaise","22":"tag-royaume-uni","23":"tag-union-europeenne"},"share_on_mastodon":{"url":"https:\/\/pubeurope.com\/@fr\/115610258243990804","error":""},"_links":{"self":[{"href":"https:\/\/www.europesays.com\/fr\/wp-json\/wp\/v2\/posts\/557575","targetHints":{"allow":["GET"]}}],"collection":[{"href":"https:\/\/www.europesays.com\/fr\/wp-json\/wp\/v2\/posts"}],"about":[{"href":"https:\/\/www.europesays.com\/fr\/wp-json\/wp\/v2\/types\/post"}],"author":[{"embeddable":true,"href":"https:\/\/www.europesays.com\/fr\/wp-json\/wp\/v2\/users\/2"}],"replies":[{"embeddable":true,"href":"https:\/\/www.europesays.com\/fr\/wp-json\/wp\/v2\/comments?post=557575"}],"version-history":[{"count":0,"href":"https:\/\/www.europesays.com\/fr\/wp-json\/wp\/v2\/posts\/557575\/revisions"}],"wp:featuredmedia":[{"embeddable":true,"href":"https:\/\/www.europesays.com\/fr\/wp-json\/wp\/v2\/media\/557576"}],"wp:attachment":[{"href":"https:\/\/www.europesays.com\/fr\/wp-json\/wp\/v2\/media?parent=557575"}],"wp:term":[{"taxonomy":"category","embeddable":true,"href":"https:\/\/www.europesays.com\/fr\/wp-json\/wp\/v2\/categories?post=557575"},{"taxonomy":"post_tag","embeddable":true,"href":"https:\/\/www.europesays.com\/fr\/wp-json\/wp\/v2\/tags?post=557575"}],"curies":[{"name":"wp","href":"https:\/\/api.w.org\/{rel}","templated":true}]}}