{"id":557579,"date":"2025-11-25T12:09:11","date_gmt":"2025-11-25T12:09:11","guid":{"rendered":"https:\/\/www.europesays.com\/fr\/557579\/"},"modified":"2025-11-25T12:09:11","modified_gmt":"2025-11-25T12:09:11","slug":"les-coulisses-du-week-end-sportif-dans-la-vienne","status":"publish","type":"post","link":"https:\/\/www.europesays.com\/fr\/557579\/","title":{"rendered":"les coulisses du week-end sportif dans la Vienne"},"content":{"rendered":"<p><strong>\u00c0 18 heures, c\u2019est bien<\/strong><\/p>\n<p>Les dirigeants de l\u2019Alterna Stade Poitevin avaient d\u00e9cid\u00e9 d\u2019innover samedi \u00e0 l\u2019occasion de la venue de Chaumont en championnat. Le coup d\u2019envoi de la rencontre avait \u00e9t\u00e9 avanc\u00e9 \u00e0 18\u00a0h contre 19\u00a0h\u00a030 habituellement lorsque les matchs se d\u00e9roulent salle Lawson-Body. Une bonne id\u00e9e, visiblement, puisque plus de 1.800 spectateurs ont assist\u00e9 <a target=\"_self\" href=\"https:\/\/www.lanouvellerepublique.fr\/poitiers\/msl-l-alterna-stade-poitevin-a-un-mental-a-toute-epreuve-1763846801\" rel=\"noopener\">\u00e0 la victoire au tie-break de l\u2019\u00e9quipe entra\u00een\u00e9e par Dan Lewis<\/a>. \u00c0 titre de comparaison, <a target=\"_self\" href=\"https:\/\/www.lanouvellerepublique.fr\/poitiers\/msl-pour-l-alterna-stade-poitevin-vainqueur-du-plessis-robinson-c-est-bon-a-la-maison-1762553986\" rel=\"noopener\">ils \u00e9taient 1.621 contre le Plessis-Robinson (3-1) le 7\u00a0novembre<\/a>. Mais le rencontre avait eu lieu un vendredi.<\/p>\n<p>40<\/p>\n<p><b>Comme l\u2019\u00e9valuation de Jean Vergez-Pascal lors de la large victoire des espoirs du Poitiers Basket contre Challans samedi (109-69).<\/b> Si ses partenaires Baba Coulibaly (23 points) et Dimitri L\u00e9o (20 points) ont plus marqu\u00e9 que lui, le Poitevin a termin\u00e9 la rencontre avec 19 points (9\/9 \u00e0 deux points), 11 rebonds, 8 passes d\u00e9cisives, 6 interceptions et 2 contres. Il s\u2019agit du record d\u2019\u00e9valuation en espoirs du joueur de 18\u00a0ans \u00e9voluant aussi avec les pros en \u00c9lite 2.<\/p>\n<p><strong>Vive les vacances\u00a0!<\/strong><\/p>\n<p>Tr\u00eave internationale oblige, le championnat d\u2019\u00c9lite 2 de basket fait rel\u00e2che jusqu\u2019au 5\u00a0d\u00e9cembre, voire m\u00eame au 7\u00a0d\u00e9cembre pour le Poitiers Basket qui se d\u00e9placera \u00e0 Blois \u00e0 cette date. Apr\u00e8s <a target=\"_self\" href=\"https:\/\/www.lanouvellerepublique.fr\/poitiers\/elite-2-avec-un-terrible-ivan-ramljak-le-poitiers-basket-vient-a-bout-d-aix-maurienne-1763766266\" rel=\"noopener\">la belle victoire contre Aix-Maurienne vendredi soir (89-77)<\/a>, Andy Thornton-Jones, l\u2019entra\u00eeneur du PB, a octroy\u00e9 quelques jours de vacances \u00e0 ses troupes. \u00ab\u00a0On va couper jusqu\u2019\u00e0 jeudi pour se remettre au travail\u00a0\u00bb, pr\u00e9cise le technicien. Seul <a target=\"_self\" href=\"https:\/\/www.lanouvellerepublique.fr\/poitiers\/elite-2-un-joueur-du-poitiers-basket-retenu-comme-partenaire-d-entrainement-de-l-equipe-de-france-1761311849\" rel=\"noopener\">Narcisse Ngoy sera sur le pont en qualit\u00e9 de partenaire d\u2019entra\u00eenement de l\u2019\u00e9quipe de France<\/a>. \u00ab\u00a0Il est avec les Bleus jusqu\u2019\u00e0 vendredi. On va lui donner trois jours de r\u00e9cup\u00e9ration avant qu\u2019il ne r\u00e9int\u00e8gre l\u2019effectif au d\u00e9but de la semaine prochaine.\u00a0\u00bb<\/p>\n<p><strong>Les belles retrouvailles des ins\u00e9parables Kouadio et Traor\u00e9<\/strong><\/p>\n<p>Dimanche, la confrontation entre le Stade Poitevin et Guingamp en National U19 de football \u00e9tait tr\u00e8s particuli\u00e8re pour <a target=\"_self\" href=\"https:\/\/www.lanouvellerepublique.fr\/niort\/stade-poitevin-antoine-chalmel-dirigera-les-u19-nationaux-malick-traore-des-chamois-niortais-comme-premiere-recrue-1750852711\" rel=\"noopener\">Malick Traor\u00e9<\/a> et Kyan Kouadio. Les deux Niortais ont pu se retrouver sous des couleurs diff\u00e9rentes. Le premier est entr\u00e9 en jeu et a marqu\u00e9 son premier but avec les Poitevins quand le second \u00e9tait titulaire avec l\u2019\u00e9quipe bretonne lors de la victoire de Guingamp (2-4). \u00c0 sa sortie, il a pr\u00eat\u00e9 ses gants \u00e0 son meilleur pote\u00a0! Une belle amiti\u00e9.<\/p>\n<p><strong>Earvin Ngapeth fid\u00e8le aux Trois-Cit\u00e9s<\/strong><\/p>\n<p>Earvin Ngapeth s\u2019est pr\u00eat\u00e9 au petit jeu des questions-r\u00e9ponses sur les r\u00e9seaux sociaux en fin de semaine pass\u00e9e. Et quand quelqu\u2019un lui a demand\u00e9 quel \u00e9tait son club de foot pr\u00e9f\u00e9r\u00e9, le double champion olympique n\u2019a pas choisi le PSG, l\u2019OM, le Real Madrid ou Manchester United. L\u2019ancien joueur du Stade Poitevin a r\u00e9pondu, sans h\u00e9siter, le club des Trois-Cit\u00e9s Poitiers, o\u00f9 il avait tap\u00e9 dans le ballon il y a quelques ann\u00e9es.<\/p>\n<p><strong>la question<\/strong><\/p>\n<p><strong>Quelle performance a r\u00e9alis\u00e9 Montmorillon ce week-end\u00a0?<\/strong><\/p>\n<p>Tout a souri, le week-end dernier, \u00e0 Montmorillon car les quatre \u00e9quipes seniors des Macarons se sont impos\u00e9es\u00a0: en R2 \u00e0 Beaumont Saint-Cyr (0-1), en D2 contre Lusignan (3-0), en D4 contre Saint-Savin (3-1) et enfin en D5 \u00e0 Adriers (0-2). Sans oublier les succ\u00e8s, en U18, des gar\u00e7ons et des filles. Joli Grand Chelem\u00a0!<\/p>\n<p><strong>Gu\u00e9rineau, le supporter<\/strong><\/p>\n<p>Victime d\u2019une blessure au genou, Tanguy Gu\u00e9rineau ne peut pas malheureusement fouler les pelouses de N2 avec son \u00e9quipe des Herbiers. Mais cela n\u2019emp\u00eache pas le footballeur poitevin de se d\u00e9placer dans les tribunes, malgr\u00e9 ses b\u00e9quilles. Vendredi, il a assist\u00e9 \u00e0 la victoire du Stade Poitevin face \u00e0 Angoul\u00eame \u00e0 Michel-Amand, avant de prendre place, le lendemain, \u00e0 Lawson-Body pour suivre l\u2019Alterna Stade Poitevin Volley-Ball.<\/p>\n<p><strong>Un prix Nobel pour Noah Bolanga\u00a0?<\/strong><\/p>\n<p>15 points et 6 rebonds en 20 minutes, Noah Bolanga a \u00e9t\u00e9 un acteur majeur du large succ\u00e8s de sa facult\u00e9 d\u2019Utah Tech face \u00e0 Nobel (96-48), en fin de semaine pass\u00e9e, en NCAA. Et le jeune basketteur poitevin, exil\u00e9 aux Etats-Unis, n\u2019a pas brill\u00e9 que pour ses statistiques, il a assur\u00e9 le show des deux c\u00f4t\u00e9s du terrain avec un contre suivi d\u2019un dunk sur la m\u00eame action. Showtime\u00a0! <\/p>\n<p class=\"alireaussi\"><b>&gt; Rejoignez la communaut\u00e9 NR &#8211; Les sports dans la Vienne sur Facebook.<\/b><\/p>\n","protected":false},"excerpt":{"rendered":"\u00c0 18 heures, c\u2019est bien Les dirigeants de l\u2019Alterna Stade Poitevin avaient d\u00e9cid\u00e9 d\u2019innover samedi \u00e0 l\u2019occasion de&hellip;\n","protected":false},"author":2,"featured_media":557580,"comment_status":"","ping_status":"","sticky":false,"template":"","format":"standard","meta":{"footnotes":""},"categories":[1417],"tags":[1465,63,1011,27,22485,13224,60,47299,1584,1470,1469],"class_list":{"0":"post-557579","1":"post","2":"type-post","3":"status-publish","4":"format-standard","5":"has-post-thumbnail","7":"category-volley","8":"tag-basket","9":"tag-football","10":"tag-fr","11":"tag-france","12":"tag-nationaux-football","13":"tag-poitiers-basket-86","14":"tag-sports","15":"tag-stade-poitevin","16":"tag-vienne","17":"tag-volley","18":"tag-volleyball"},"share_on_mastodon":{"url":"https:\/\/pubeurope.com\/@fr\/115610266189892648","error":""},"_links":{"self":[{"href":"https:\/\/www.europesays.com\/fr\/wp-json\/wp\/v2\/posts\/557579","targetHints":{"allow":["GET"]}}],"collection":[{"href":"https:\/\/www.europesays.com\/fr\/wp-json\/wp\/v2\/posts"}],"about":[{"href":"https:\/\/www.europesays.com\/fr\/wp-json\/wp\/v2\/types\/post"}],"author":[{"embeddable":true,"href":"https:\/\/www.europesays.com\/fr\/wp-json\/wp\/v2\/users\/2"}],"replies":[{"embeddable":true,"href":"https:\/\/www.europesays.com\/fr\/wp-json\/wp\/v2\/comments?post=557579"}],"version-history":[{"count":0,"href":"https:\/\/www.europesays.com\/fr\/wp-json\/wp\/v2\/posts\/557579\/revisions"}],"wp:featuredmedia":[{"embeddable":true,"href":"https:\/\/www.europesays.com\/fr\/wp-json\/wp\/v2\/media\/557580"}],"wp:attachment":[{"href":"https:\/\/www.europesays.com\/fr\/wp-json\/wp\/v2\/media?parent=557579"}],"wp:term":[{"taxonomy":"category","embeddable":true,"href":"https:\/\/www.europesays.com\/fr\/wp-json\/wp\/v2\/categories?post=557579"},{"taxonomy":"post_tag","embeddable":true,"href":"https:\/\/www.europesays.com\/fr\/wp-json\/wp\/v2\/tags?post=557579"}],"curies":[{"name":"wp","href":"https:\/\/api.w.org\/{rel}","templated":true}]}}