{"id":557581,"date":"2025-11-25T12:10:11","date_gmt":"2025-11-25T12:10:11","guid":{"rendered":"https:\/\/www.europesays.com\/fr\/557581\/"},"modified":"2025-11-25T12:10:11","modified_gmt":"2025-11-25T12:10:11","slug":"teddy-thomas-veut-encore-croire-au-xv-de-france","status":"publish","type":"post","link":"https:\/\/www.europesays.com\/fr\/557581\/","title":{"rendered":"Teddy Thomas veut encore croire au XV de France"},"content":{"rendered":"<p>                    Par<br \/>\n        <strong><br \/>\n            <a href=\"https:\/\/actu.fr\/auteur\/redaction-rugby\" title=\"Consulter tous les articles de R\u00e9daction Rugby\" target=\"_blank\" rel=\"noopener\">R\u00e9daction Rugby<\/a><br \/>\n                    <\/strong><\/p>\n<p>        Publi\u00e9 le<\/p>\n<p>            25 nov. 2025 \u00e0 11h50        <\/p>\n<p>Le <a href=\"https:\/\/actu.fr\/rugby\/xv-de-france\" target=\"_blank\" rel=\"noopener\">XV de France<\/a>, <strong>Teddy Thomas<\/strong> l\u2019a toujours dans un coin de la t\u00eate. Et ce m\u00eame s\u2019il n\u2019a plus \u00e9t\u00e9 align\u00e9 avec les Bleus depuis juillet 2021 et une d\u00e9faite de peu en Australie (33-30).<\/p>\n<p class=\" wall-content\">\u00ab\u00a0Si le niveau me le permet, je serai toujours motiv\u00e9 pour jouer pour mon pays et pour l\u2019\u00e9quipe de France. Mais \u00e7a passera uniquement par des performances de qualit\u00e9 en club\u00a0\u00bb, a d\u00e9clar\u00e9 le joueur de 32 ans (28 s\u00e9lections) aupr\u00e8s de l\u2019AFP.<\/p>\n<p>\u00ab\u00a0Un \u00e9lan de motivation\u00a0\u00bb<\/p>\n<p class=\" wall-content\">Apr\u00e8s Biarritz, le Racing 92 et La Rochelle, <a href=\"https:\/\/actu.fr\/tag\/teddy-thomas\" target=\"_blank\" rel=\"noopener\">Teddy Thomas<\/a> a d\u00e9barqu\u00e9 \u00e0 Toulouse lors de l\u2019\u00e9t\u00e9 dernier. Il avoue avoir retrouv\u00e9 \u00ab\u00a0un souffle frais\u00a0\u00bb et \u00ab\u00a0un \u00e9lan de motivation\u00a0\u00bb au sein d\u2019un club qu\u2019il voulait \u00ab\u00a0cocher\u00a0\u00bb dans sa carri\u00e8re.<\/p>\n<p class=\" wall-content\">\u00ab\u00a0La chance que l\u2019on a ici \u00e0 Toulouse, c\u2019est qu\u2019on ne joue pratiquement qu\u2019avec des internationaux, donc le niveau ici est international. \u00c7a me redonne <strong>un \u00e9lan de motivation de jouer avec tous ces mecs-l\u00e0<\/strong> que j\u2019ai c\u00f4toy\u00e9s en \u00e9quipe de France. On verra, je reste bien \u00e9videmment motiv\u00e9 pour \u00eatre \u00e0 mon meilleur niveau. Et si mon meilleur niveau me permet d\u2019\u00eatre en \u00e9quipe de France, pourquoi pas!\u00a0\u00bb, a-t-il d\u00e9clar\u00e9, lui gros comp\u00e9titeur.<\/p>\n<p>Il a rebattu des records de vitesse<\/p>\n<p class=\" wall-content\">Le week-end dernier, lors de <a href=\"https:\/\/actu.fr\/sports\/rugby\/top-14\/perpignan-fanny-toulouse-cartonne-castres-heroique-ce-qu-il-faut-retenir-de-la-10e-journee-de-top-14_63475087.html\" target=\"_blank\" rel=\"noopener\">la large victoire \u00e0 Montauban (7-49)<\/a>, Teddy Thomas a marqu\u00e9 ses deux premiers essais avec Toulouse. Forc\u00e9ment, une satisfaction personnelle pour celui qui \u00ab\u00a0a d\u00e9couvert une une nouvelle m\u00e9thode d\u2019entra\u00eenement\u00a0\u00bb chez les Rouge et Noir.<\/p>\n<blockquote class=\"ac-article-quote wall-content\">\n<p>\u00ab\u00a0Le rythme des entra\u00eenements est beaucoup plus soutenu compar\u00e9 \u00e0 ce que j&rsquo;ai pu conna\u00eetre auparavant dans les clubs dans lesquels je suis pass\u00e9, m\u00eame quand j&rsquo;\u00e9tais en \u00e9quipe de France.\u00a0[&#8230;] Je ne vais pas dire que \u00e7a me fait retrouver une seconde jeunesse, mais en tout cas, c&rsquo;est un souffle frais qui me fait beaucoup de bien\u00a0\u00bb.<\/p>\n<p>    <strong>Teddy Thomas<\/strong><br \/>\n        Trois-quarts du Stade Toulousain    <\/p><\/blockquote>\n<p class=\" wall-content\">Et Teddy Thomas de conclure avec cette confidence : \u00ab\u00a0J\u2019ai 32 ans, mais depuis que je suis ici, <strong>j\u2019ai rebattu pas mal de mes records en termes de vitesse<\/strong>. Je suis remont\u00e9 \u00e0 37 km\/h assez facilement\u00a0\u00bb.<\/p>\n<p class=\" wall-content\"><strong>Cl\u00e9ment MAZELLA, avec @AFP<\/strong><\/p>\n<p class=\" wall-content\">Personnalisez votre actualit\u00e9 en ajoutant vos villes et m\u00e9dias en favori avec <a href=\"https:\/\/moncompte.actu.fr\" title=\"D\u00e9couvez Mon Actu\" rel=\"nofollow noopener\" data-trk=\"{&quot;cta&quot;:{&quot;action&quot;:&quot;https:\\\/\\\/moncompte.actu.fr&quot;,&quot;category&quot;:&quot;mon compte&quot;,&quot;from&quot;:&quot;article footer&quot;,&quot;name&quot;:&quot;Mon actu&quot;,&quot;type&quot;:&quot;cta&quot;}}\" target=\"_blank\">Mon Actu<\/a>.<\/p>\n","protected":false},"excerpt":{"rendered":"Par R\u00e9daction Rugby Publi\u00e9 le 25 nov. 2025 \u00e0 11h50 Le XV de France, Teddy Thomas l\u2019a toujours&hellip;\n","protected":false},"author":2,"featured_media":557582,"comment_status":"","ping_status":"","sticky":false,"template":"","format":"standard","meta":{"footnotes":""},"categories":[1416],"tags":[1011,27,479,1468,60,476,49475,478,513],"class_list":{"0":"post-557581","1":"post","2":"type-post","3":"status-publish","4":"format-standard","5":"has-post-thumbnail","7":"category-rugby","8":"tag-fr","9":"tag-france","10":"tag-rugby","11":"tag-rugby-football","12":"tag-sports","13":"tag-stade-toulousain","14":"tag-teddy-thomas","15":"tag-top-14","16":"tag-xv-de-france"},"share_on_mastodon":{"url":"https:\/\/pubeurope.com\/@fr\/115610270114408207","error":""},"_links":{"self":[{"href":"https:\/\/www.europesays.com\/fr\/wp-json\/wp\/v2\/posts\/557581","targetHints":{"allow":["GET"]}}],"collection":[{"href":"https:\/\/www.europesays.com\/fr\/wp-json\/wp\/v2\/posts"}],"about":[{"href":"https:\/\/www.europesays.com\/fr\/wp-json\/wp\/v2\/types\/post"}],"author":[{"embeddable":true,"href":"https:\/\/www.europesays.com\/fr\/wp-json\/wp\/v2\/users\/2"}],"replies":[{"embeddable":true,"href":"https:\/\/www.europesays.com\/fr\/wp-json\/wp\/v2\/comments?post=557581"}],"version-history":[{"count":0,"href":"https:\/\/www.europesays.com\/fr\/wp-json\/wp\/v2\/posts\/557581\/revisions"}],"wp:featuredmedia":[{"embeddable":true,"href":"https:\/\/www.europesays.com\/fr\/wp-json\/wp\/v2\/media\/557582"}],"wp:attachment":[{"href":"https:\/\/www.europesays.com\/fr\/wp-json\/wp\/v2\/media?parent=557581"}],"wp:term":[{"taxonomy":"category","embeddable":true,"href":"https:\/\/www.europesays.com\/fr\/wp-json\/wp\/v2\/categories?post=557581"},{"taxonomy":"post_tag","embeddable":true,"href":"https:\/\/www.europesays.com\/fr\/wp-json\/wp\/v2\/tags?post=557581"}],"curies":[{"name":"wp","href":"https:\/\/api.w.org\/{rel}","templated":true}]}}