{"id":557585,"date":"2025-11-25T12:15:20","date_gmt":"2025-11-25T12:15:20","guid":{"rendered":"https:\/\/www.europesays.com\/fr\/557585\/"},"modified":"2025-11-25T12:15:20","modified_gmt":"2025-11-25T12:15:20","slug":"tour-de-france-2026-a-geishouse-letape-par-la-voie-verte-du-haag-suscite-des-reactions-contrastees","status":"publish","type":"post","link":"https:\/\/www.europesays.com\/fr\/557585\/","title":{"rendered":"Tour de France 2026. \u00c0 Geishouse, l&rsquo;\u00e9tape par\u00a0la voie verte du Haag suscite des r\u00e9actions contrast\u00e9es"},"content":{"rendered":"<p>Le maire de Geishouse, Claude Kirchhoffer, n\u2019a pas m\u00e9nag\u00e9 sa peine et soulev\u00e9 des montagnes administratives aupr\u00e8s des collectivit\u00e9s locales et territoriales afin d\u2019obtenir des financements destin\u00e9s \u00e0 la transformation de la route du Haag en voie verte cyclable. Celle-ci, compte tenu de ses caract\u00e9ristiques de pente, a contribu\u00e9 \u00e0 la venue d\u2019une \u00e9tape du Tour de France le 18 juillet 2026 dans son petit village de montagne.<\/p>\n<p>\u00ab\u00a0Je suis satisfait et j\u2019en suis fier, assume le maire. M\u00eame si la cr\u00e9ation de la voie verte n&rsquo;\u00e9tait pas conditionn\u00e9e par le passage du Tour, il n\u2019en reste pas moins que c\u2019est un \u00e9v\u00e9nement sportif international vu par le monde entier. Sans voie verte, nous n\u2019aurions jamais vu passer le Tour.\u00a0\u00bb<\/p>\n<p>  Le Tour de France, vitrine pour la vall\u00e9e<\/p>\n<p>Mais cet \u00e9v\u00e9nement n\u2019est, de loin, pas le seul motif de satisfaction. \u00ab\u00a0D\u2019une mani\u00e8re plus g\u00e9n\u00e9rale, la solution de <a href=\"https:\/\/www.lalsace.fr\/culture-loisirs\/2023\/07\/16\/on-a-teste-la-nouvelle-voie-verte-du-col-du-haag-a-velo\" target=\"_blank\" rel=\"noopener\">faire de cette route une voie verte<\/a> est un facteur d\u2019encouragement \u00e0 la pratique d\u2019une mobilit\u00e9 douce et surtout d\u2019un sport, rench\u00e9rit Claude Kirchhoffer. Je savais que la limitation aux seules mobilit\u00e9s douces allait faire des frustr\u00e9s et en tant que Geishousois de souche, je comprends cette frustration. En m\u00eame temps, il n\u2019y avait pas d\u2019autre solution financi\u00e8re p\u00e9renne et cette voie aurait d\u00e9finitivement fini en chemin forestier. Je pense qu\u2019avec le temps, de nombreuses personnes l\u2019ont compris, d\u2019autant plus que <a href=\"https:\/\/www.lalsace.fr\/economie\/2023\/06\/25\/une-voie-verte-a-geishouse-pour-rejoindre-la-route-des-cretes-en-douceur-et-en-securite\" target=\"_blank\" rel=\"noopener\">le village y a gagn\u00e9 en qui\u00e9tude<\/a>.\u00a0\u00bb<\/p>\n<p class=\"txt\">Notre camping et beaucoup de g\u00eetes sont d\u00e9j\u00e0 complets pour le Tour 2026, alors qu\u2019on vient juste de l\u2019annoncer.<\/p>\n<p class=\"nom\">Claude Kirchhoffer, maire de Geishouse<\/p>\n<p>Le maire n\u2019attend pas de retomb\u00e9es \u00e9conomiques particuli\u00e8res du passage du Tour de France, plut\u00f4t <a href=\"https:\/\/www.lalsace.fr\/culture-loisirs\/2025\/11\/22\/tour-de-france-2026-comment-la-vallee-de-saint-amarin-est-devenue-site-d-arrivee\" target=\"_blank\" rel=\"noopener\">l\u2019opportunit\u00e9 de faire conna\u00eetre la vall\u00e9e<\/a>, comme c\u2019est d\u00e9j\u00e0 le cas avec l\u2019Alsacienne cyclo. \u00ab\u00a0Les gens qui participent \u00e0 ces \u00e9v\u00e9nements reviendront avec leurs amis et leur famille, assure le premier \u00e9dile. Ces personnes alimentent nos g\u00eetes, campings, restaurants et fermes-auberges. Notre camping et beaucoup de g\u00eetes sont d\u00e9j\u00e0 complets pour le Tour 2026, alors qu\u2019on vient juste de l\u2019annoncer.\u00a0\u00bb<\/p>\n<p>  Un collectif toujours oppos\u00e9 au projet<\/p>\n<p>De son c\u00f4t\u00e9, Remy Kern, \u00e0 la t\u00eate d\u2019<a href=\"https:\/\/www.lalsace.fr\/culture-loisirs\/2024\/06\/23\/des-habitants-veulent-garder-le-droit-d-acceder-au-haag-en-voiture\" target=\"_blank\" rel=\"noopener\">un collectif d\u2019habitants oppos\u00e9s \u00e0 la voie verte<\/a>, ne modifie en rien sa position malgr\u00e9 l\u2019arriv\u00e9e de l&rsquo;\u00e9tape du Tour de France. \u00ab\u00a0Le collectif d\u2019habitants de Geishouse s\u2019oppose \u00e0 l\u2019interdiction faite aux habitants du village de circuler sur leur route du Haag, transform\u00e9e en voie verte. Annoncer un col de premi\u00e8re cat\u00e9gorie par la voie verte de Geishouse \u00e9tait l\u2019argument phare du pr\u00e9sident de la communaut\u00e9 des communes de la vall\u00e9e de Saint-Amarin. Le soutien de son pr\u00e9sident Cyrille Ast au projet de voie verte \u00e9tait nourri par cet objectif.\u00a0\u00bb<\/p>\n<p>\u00c0 la ferme-auberge du Haag, l\u2019annonce de la venue du Tour de France est accueillie positivement, mais avec une certaine prudence. Pauline Munsch, g\u00e9rante de l\u2018\u00e9tablissement, exprime le souhait de voir plus de spectateurs en montagne \u00ab\u00a0en esp\u00e9rant qu\u2019il y ait moins de restrictions d\u2019acc\u00e8s \u00e0 la route des Cr\u00eates, comme ce fut le cas en 2023, et que ce soit une vraie f\u00eate populaire\u00a0\u00bb.<\/p>\n","protected":false},"excerpt":{"rendered":"Le maire de Geishouse, Claude Kirchhoffer, n\u2019a pas m\u00e9nag\u00e9 sa peine et soulev\u00e9 des montagnes administratives aupr\u00e8s des&hellip;\n","protected":false},"author":2,"featured_media":557586,"comment_status":"","ping_status":"","sticky":false,"template":"","format":"standard","meta":{"footnotes":""},"categories":[1411],"tags":[1154,207,1636,107,1011,27,67477,67476,1634,55540,517,60,60107],"class_list":{"0":"post-557585","1":"post","2":"type-post","3":"status-publish","4":"format-standard","5":"has-post-thumbnail","7":"category-cyclisme","8":"tag-cycling","9":"tag-cyclisme","10":"tag-edition-mulhouse-thann","11":"tag-fil-info","12":"tag-fr","13":"tag-france","14":"tag-geishouse","15":"tag-markstein","16":"tag-mulhouse","17":"tag-secteur-de-saint-amarin","18":"tag-sport","19":"tag-sports","20":"tag-tour-de-france-hommes"},"share_on_mastodon":{"url":"https:\/\/pubeurope.com\/@fr\/115610289673475951","error":""},"_links":{"self":[{"href":"https:\/\/www.europesays.com\/fr\/wp-json\/wp\/v2\/posts\/557585","targetHints":{"allow":["GET"]}}],"collection":[{"href":"https:\/\/www.europesays.com\/fr\/wp-json\/wp\/v2\/posts"}],"about":[{"href":"https:\/\/www.europesays.com\/fr\/wp-json\/wp\/v2\/types\/post"}],"author":[{"embeddable":true,"href":"https:\/\/www.europesays.com\/fr\/wp-json\/wp\/v2\/users\/2"}],"replies":[{"embeddable":true,"href":"https:\/\/www.europesays.com\/fr\/wp-json\/wp\/v2\/comments?post=557585"}],"version-history":[{"count":0,"href":"https:\/\/www.europesays.com\/fr\/wp-json\/wp\/v2\/posts\/557585\/revisions"}],"wp:featuredmedia":[{"embeddable":true,"href":"https:\/\/www.europesays.com\/fr\/wp-json\/wp\/v2\/media\/557586"}],"wp:attachment":[{"href":"https:\/\/www.europesays.com\/fr\/wp-json\/wp\/v2\/media?parent=557585"}],"wp:term":[{"taxonomy":"category","embeddable":true,"href":"https:\/\/www.europesays.com\/fr\/wp-json\/wp\/v2\/categories?post=557585"},{"taxonomy":"post_tag","embeddable":true,"href":"https:\/\/www.europesays.com\/fr\/wp-json\/wp\/v2\/tags?post=557585"}],"curies":[{"name":"wp","href":"https:\/\/api.w.org\/{rel}","templated":true}]}}