{"id":557589,"date":"2025-11-25T12:17:10","date_gmt":"2025-11-25T12:17:10","guid":{"rendered":"https:\/\/www.europesays.com\/fr\/557589\/"},"modified":"2025-11-25T12:17:10","modified_gmt":"2025-11-25T12:17:10","slug":"biyouna-icone-de-la-scene-algerienne-et-figure-du-cinema-francais-est-morte-a-73-ans","status":"publish","type":"post","link":"https:\/\/www.europesays.com\/fr\/557589\/","title":{"rendered":"Biyouna, ic\u00f4ne de la sc\u00e8ne alg\u00e9rienne et figure du cin\u00e9ma fran\u00e7ais, est morte \u00e0 73 ans"},"content":{"rendered":"<p class=\"article-p mdl\">C&rsquo;est une figure du cin\u00e9ma franco-alg\u00e9rien qui dispara\u00eet. Biyouna, de son vrai nom Baya Bouzar, actrice des films r\u00e9cents\u00a0Neuilly sa m\u00e8re, sa m\u00e8re ou\u00a0Les 3 fr\u00e8res a \u00e9t\u00e9 hospitalis\u00e9e une premi\u00e8re fois le 4 novembre \u00e0 l\u2019h\u00f4pital de Ba\u00efnem \u00e0 Alger. L&rsquo;artiste avait \u00e9t\u00e9 transf\u00e9r\u00e9e vers le service de pneumologie de Beni Messous alors que son \u00e9tat se d\u00e9gradait rapidement, selon le magazine\u00a0<a class=\"link\" href=\"https:\/\/lalgerieaujourdhui.dz\/biyouna-nest-plus\/#:~:text=La%20c%C3%A9l%C3%A8bre%20com%C3%A9dienne%2C%20chanteuse%20et,apr%C3%A8s%20plusieurs%20semaine%20d%27hospitalisation.\" target=\"_blank\" rel=\"noopener\">Alg\u00e9rie d\u2019aujourd\u2019hui.<\/a><\/p>\n<p class=\"article-p mdl\">C\u2019est un proche de l\u2019artiste qui a r\u00e9v\u00e9l\u00e9 la nouvelle ce mardi 25 novembre dans une publication Facebook : \u00ab\u00a0Dieu est grand. La regrett\u00e9e artiste Biyouna s\u2019est \u00e9teinte il y a peu \u00e0 l\u2019h\u00f4pital Beni Messous d\u2019Alger, vers 10h, des suites d\u2019un cancer du poumon. Selon les m\u00e9decins, le manque d\u2019oxyg\u00e8ne au cerveau a r\u00e9cemment provoqu\u00e9 une d\u00e9gradation critique de son \u00e9tat. Nous appartenons \u00e0 Dieu et c\u2019est \u00e0 Lui que nous retournerons. Priez pour son \u00e2me.\u00a0\u00bb<\/p>\n<p class=\"article-p mdl\">Depuis 2016, l\u2019actrice se battait contre un cancer qui avait affaibli ses capacit\u00e9s pulmonaires. Un combat men\u00e9 dans la discr\u00e9tion.<\/p>\n<p>            Une star en Alg\u00e9rie, une voix dans le cin\u00e9ma fran\u00e7ais<\/p>\n<p class=\"article-p mdl\">Immense figure en Alg\u00e9rie, Biyouna a \u00e9galement marqu\u00e9 durablement le cin\u00e9ma fran\u00e7ais. Le public l\u2019a vue pour la derni\u00e8re fois au cin\u00e9ma en 2018 dans\u00a0Le Flic de Belleville, o\u00f9 elle incarnait la m\u00e8re du personnage jou\u00e9 par\u00a0<a class=\"link\" href=\"https:\/\/www.rtl.fr\/actu\/justice-faits-divers\/tres-agressif-ce-que-l-on-sait-de-l-altercation-d-omar-sy-avec-des-agents-de-la-sncf-7900508176\" target=\"_blank\" rel=\"noopener\">Omar Sy<\/a>.<\/p>\n<p class=\"article-p mdl\">Elle a tourn\u00e9 dans des \u0153uvres marquantes, notamment La Source des femmes de Radu Mihaileanu en 2011, aux c\u00f4t\u00e9s de\u00a0<a class=\"link\" href=\"https:\/\/www.rtl.fr\/culture\/cine-series\/leila-bekhti-et-geraldine-nakache-sont-les-invitees-de-stephane-bern-7798367690\" target=\"_blank\" rel=\"noopener\">Le\u00efla Bekhti<\/a>. L\u2019humoriste Ramzy Bedia l\u2019avait mise en sc\u00e8ne par le pass\u00e9, et elle avait trouv\u00e9 en France une place singuli\u00e8re, salu\u00e9e pour son naturel et sa force d\u2019interpr\u00e9tation.<\/p>\n<p class=\"article-p mdl\">Elle a \u00e9galement collabor\u00e9 avec de grandes figures du cin\u00e9ma et de la t\u00e9l\u00e9vision fran\u00e7aises : Yamina Benguigui dans la s\u00e9rie A\u00efcha sortie en 2009, o\u00f9 elle partage l\u2019affiche avec Sofia Essa\u00efdi, ou encore Sabrina Ouazani. Plus d\u2019une vingtaine de films et s\u00e9ries composent sa filmographie, preuve de son ancrage des deux c\u00f4t\u00e9s de la M\u00e9diterran\u00e9e.<\/p>\n<\/p>\n<p>    Une carri\u00e8re hors norme<\/p>\n<p class=\"article-p mdl\">N\u00e9e en 1952 \u00e0 Alger, Biyouna d\u00e9bute dans les ann\u00e9es 1970 au sein du th\u00e9\u00e2tre populaire. Son temp\u00e9rament flamboyant, son humour ac\u00e9r\u00e9 et sa voix puissante s\u00e9duisent imm\u00e9diatement le public. Tr\u00e8s vite, elle s\u2019impose comme une artiste incontournable de la sc\u00e8ne alg\u00e9roise.<\/p>\n<p class=\"article-p mdl\">La t\u00e9l\u00e9vision alg\u00e9rienne en fait ensuite une figure famili\u00e8re, notamment gr\u00e2ce \u00e0 ses r\u00f4les comiques dans les programmes ramadanesques : sketches, sitcoms et feuilletons auxquels elle apporte son franc-parler, son humour sans filtre et des personnages hauts en couleur qui marquent toute une g\u00e9n\u00e9ration.\u00a0<\/p>\n<p class=\"article-p mdl\">\u00c0 partir des ann\u00e9es 2000, elle s\u2019ouvre davantage au cin\u00e9ma et tourne \u00e9galement \u00e0 l&rsquo;\u00e9tranger, notamment en France.<\/p>\n<p>    La r\u00e9daction vous recommande<\/p>\n<p class=\"s-newsletter__title\">\n                L\u2019actualit\u00e9 par la r\u00e9daction de RTL dans votre bo\u00eete mail.\n            <\/p>\n<p class=\"s-newsletter__subtitle\">\n                Gr\u00e2ce \u00e0 votre compte RTL abonnez-vous \u00e0 la newsletter RTL info pour suivre toute l&rsquo;actualit\u00e9 au quotidien\n            <\/p>\n<p>\n                                    Lire la suite\n                                <\/p>\n","protected":false},"excerpt":{"rendered":"C&rsquo;est une figure du cin\u00e9ma franco-alg\u00e9rien qui dispara\u00eet. Biyouna, de son vrai nom Baya Bouzar, actrice des films&hellip;\n","protected":false},"author":2,"featured_media":557590,"comment_status":"","ping_status":"","sticky":false,"template":"","format":"standard","meta":{"footnotes":""},"categories":[1359],"tags":[1111,650,251,3983,58,59,1011,27,973],"class_list":{"0":"post-557589","1":"post","2":"type-post","3":"status-publish","4":"format-standard","5":"has-post-thumbnail","7":"category-people","8":"tag-actu","9":"tag-cinema","10":"tag-culture","11":"tag-deces","12":"tag-divertissement","13":"tag-entertainment","14":"tag-fr","15":"tag-france","16":"tag-people"},"share_on_mastodon":{"url":"https:\/\/pubeurope.com\/@fr\/115610297650361177","error":""},"_links":{"self":[{"href":"https:\/\/www.europesays.com\/fr\/wp-json\/wp\/v2\/posts\/557589","targetHints":{"allow":["GET"]}}],"collection":[{"href":"https:\/\/www.europesays.com\/fr\/wp-json\/wp\/v2\/posts"}],"about":[{"href":"https:\/\/www.europesays.com\/fr\/wp-json\/wp\/v2\/types\/post"}],"author":[{"embeddable":true,"href":"https:\/\/www.europesays.com\/fr\/wp-json\/wp\/v2\/users\/2"}],"replies":[{"embeddable":true,"href":"https:\/\/www.europesays.com\/fr\/wp-json\/wp\/v2\/comments?post=557589"}],"version-history":[{"count":0,"href":"https:\/\/www.europesays.com\/fr\/wp-json\/wp\/v2\/posts\/557589\/revisions"}],"wp:featuredmedia":[{"embeddable":true,"href":"https:\/\/www.europesays.com\/fr\/wp-json\/wp\/v2\/media\/557590"}],"wp:attachment":[{"href":"https:\/\/www.europesays.com\/fr\/wp-json\/wp\/v2\/media?parent=557589"}],"wp:term":[{"taxonomy":"category","embeddable":true,"href":"https:\/\/www.europesays.com\/fr\/wp-json\/wp\/v2\/categories?post=557589"},{"taxonomy":"post_tag","embeddable":true,"href":"https:\/\/www.europesays.com\/fr\/wp-json\/wp\/v2\/tags?post=557589"}],"curies":[{"name":"wp","href":"https:\/\/api.w.org\/{rel}","templated":true}]}}