{"id":557591,"date":"2025-11-25T12:18:48","date_gmt":"2025-11-25T12:18:48","guid":{"rendered":"https:\/\/www.europesays.com\/fr\/557591\/"},"modified":"2025-11-25T12:18:48","modified_gmt":"2025-11-25T12:18:48","slug":"lart-deco-comme-vous-ne-lavez-jamais-vu-10-tresors-du-grand-paris-a-decouvrir-absolument-enlarge-your-paris","status":"publish","type":"post","link":"https:\/\/www.europesays.com\/fr\/557591\/","title":{"rendered":"L\u2019Art d\u00e9co comme vous ne l\u2019avez jamais vu : 10 tr\u00e9sors du Grand Paris \u00e0 d\u00e9couvrir absolument &#8211; Enlarge Your Paris"},"content":{"rendered":"<ol>\n<li><a href=\"https:\/\/news.google.com\/rss\/articles\/CBMixwFBVV95cUxQX05yTmE4UnBrU3RqQVJVbkgzT0pCcHA4Ui1qVXJwLXpZZ19TVnMwSjU0Snk2QWdjZUExN2RXdnRNSERqcmVfbWd1dS13NTNnNE1pUzg4eEc5ZEtjSWotMkpqN1BtZXo3YmswOURyMVZFblo3X3RWR1plT0ZERjVhRmpKZWttN05MVEN0eVd3ZWh2bXRhWnpzMkxGTjVoZmF6Z2pSeVFkOVhaVDBlS1M1cWFXcXFWWUhxX1JFQmdTbm9MSjZZQzJn?oc=5\" target=\"_blank\" rel=\"noopener\">L\u2019Art d\u00e9co comme vous ne l\u2019avez jamais vu : 10 tr\u00e9sors du Grand Paris \u00e0 d\u00e9couvrir absolument<\/a>&nbsp;&nbsp;Enlarge Your Paris<\/li>\n<li><a href=\"https:\/\/news.google.com\/rss\/articles\/CBMivgFBVV95cUxNY1FwbU9YaE9wMko3eVFPemVxS3d2d2FmWkNXZ2pPUVJsUnR1Q0ZyLW5BSnVNamFaajY1eF8tRWZkUjlrX09lSDFOVFd4WnVpa2hoWDczTlR5d1BXQXcwemhCdU1rWjlLdUIzTzhGeC1HcVcxWl91Z3BkdVRZczJUWlVJOHZkcWlfRVl6VkxWVE53am1aTUw4VEgzTnlKdWc4YWVjUC13ajJKQVRSN2dRazlCZ2dJN3BtSnRSWjZR?oc=5\" target=\"_blank\" rel=\"noopener\">\u00c0 Sainte-Savine, ils ont replong\u00e9 sans retenue dans les Ann\u00e9es folles<\/a>&nbsp;&nbsp;L&rsquo;Est \u00e9clair<\/li>\n<li><a href=\"https:\/\/news.google.com\/rss\/articles\/CBMiqwFBVV95cUxQcEdsTWR6STZjLWlMSnFfYll6Y0FZaWh4M1NMZ1J0UkFaY2Z6cVJyU3ExTEZCNjJzcEk2OWE5U1FoeVhtc1VLckx3cGRtMUdlMWpVSGstcGF4U200Q09pTXI5UkRQNWJTbm5BZFpWZFo3TFI3TnFpb3J1NWJPVGt4aF9PXzhpY1FaWDNTR05ncjVjUjREd04yeGVlbUlCNGUweFFxYk9lUXVpbU0?oc=5\" target=\"_blank\" rel=\"noopener\">Des montres \u00e0 l\u2019heure de l\u2019Art d\u00e9co<\/a>&nbsp;&nbsp;Le Monde.fr<\/li>\n<li><a href=\"https:\/\/news.google.com\/rss\/articles\/CBMi1wFBVV95cUxPRUo2ZVZMcVc5clQzUW1CZ1JHcjhzdEROT2hRbm9DNDNmSDVZMVpFTjItX2wzVkVDUlFnbzBSMTMtbE9EOUhLTUwycUF1cFV0NjhWNGh6SUxscS03ZmhQN19JcV9sdllXRzZVRUVzRGx3dEdkLVItVDQ1REplaC1jOTltWkp5V3RqdENrdWNlZjN4OXBMYms2YURUeE5pWWNvVXlqSko1S0w1UW9TZGJFNlZjQ0JUOW1uaktLWHFPOGpjWS1wM1kyUGtkYjRlQ3c2WThjTFYwNA?oc=5\" target=\"_blank\" rel=\"noopener\">\u00ab1925-2025. Cent ans d\u2019Art d\u00e9co\u00bb, la magie et les paradoxes d\u2019un style intemporel<\/a>&nbsp;&nbsp;RFI<\/li>\n<li><a href=\"https:\/\/news.google.com\/rss\/articles\/CBMikgJBVV95cUxNV0xLblBLLVNNeVJ0VHgySmpydXMyM2lUMmxWMjg3RElGUDBval82cmNjSnRBVTRvdThaQ3E3eGl2Q2UzVnN4eWUzdnRCLWdpM01xLXFRYnBrTy05UFBkQy1lSU9sY2JWajFkdVZRc2ZvblI4a1FSdlZLT3BuOEpNUExPNEZSMVdCVmhGdFNfQ1pwbkNFWGptUUhsSVJhY2p1Wkx5UUxZbnBaUHhLWk41YktBb0NoNjhRaGlaNTdDZ28wanNVN2xEUTZQLUd1MDg4cTlwYXVQRWUzMUtwMnlMbTFpYVJ2U0VwdmR1c2d4Qm1iS3FONkpvcTdoWjhaRWdWNENqcmx5N29zdGJQdkE2TEln?oc=5\" target=\"_blank\" rel=\"noopener\">Ce retour des ann\u00e9es folles dans nos int\u00e9rieurs : comment adopter l\u2019art d\u00e9co chez vous sans vieillir la pi\u00e8ce ni tomber dans le bling<\/a>&nbsp;&nbsp;Le Journal de la Maison.<\/li>\n<\/ol>\n","protected":false},"excerpt":{"rendered":"L\u2019Art d\u00e9co comme vous ne l\u2019avez jamais vu : 10 tr\u00e9sors du Grand Paris \u00e0 d\u00e9couvrir absolument&nbsp;&nbsp;Enlarge Your&hellip;\n","protected":false},"author":2,"featured_media":557592,"comment_status":"","ping_status":"","sticky":false,"template":"","format":"standard","meta":{"footnotes":""},"categories":[1358],"tags":[1348,1384,1385,1386,58,59,1011,27],"class_list":{"0":"post-557591","1":"post","2":"type-post","3":"status-publish","4":"format-standard","5":"has-post-thumbnail","7":"category-arts-et-design","8":"tag-arts","9":"tag-arts-and-design","10":"tag-arts-et-design","11":"tag-design","12":"tag-divertissement","13":"tag-entertainment","14":"tag-fr","15":"tag-france"},"share_on_mastodon":{"url":"https:\/\/pubeurope.com\/@fr\/115610305352608814","error":""},"_links":{"self":[{"href":"https:\/\/www.europesays.com\/fr\/wp-json\/wp\/v2\/posts\/557591","targetHints":{"allow":["GET"]}}],"collection":[{"href":"https:\/\/www.europesays.com\/fr\/wp-json\/wp\/v2\/posts"}],"about":[{"href":"https:\/\/www.europesays.com\/fr\/wp-json\/wp\/v2\/types\/post"}],"author":[{"embeddable":true,"href":"https:\/\/www.europesays.com\/fr\/wp-json\/wp\/v2\/users\/2"}],"replies":[{"embeddable":true,"href":"https:\/\/www.europesays.com\/fr\/wp-json\/wp\/v2\/comments?post=557591"}],"version-history":[{"count":0,"href":"https:\/\/www.europesays.com\/fr\/wp-json\/wp\/v2\/posts\/557591\/revisions"}],"wp:featuredmedia":[{"embeddable":true,"href":"https:\/\/www.europesays.com\/fr\/wp-json\/wp\/v2\/media\/557592"}],"wp:attachment":[{"href":"https:\/\/www.europesays.com\/fr\/wp-json\/wp\/v2\/media?parent=557591"}],"wp:term":[{"taxonomy":"category","embeddable":true,"href":"https:\/\/www.europesays.com\/fr\/wp-json\/wp\/v2\/categories?post=557591"},{"taxonomy":"post_tag","embeddable":true,"href":"https:\/\/www.europesays.com\/fr\/wp-json\/wp\/v2\/tags?post=557591"}],"curies":[{"name":"wp","href":"https:\/\/api.w.org\/{rel}","templated":true}]}}