{"id":557595,"date":"2025-11-25T12:22:11","date_gmt":"2025-11-25T12:22:11","guid":{"rendered":"https:\/\/www.europesays.com\/fr\/557595\/"},"modified":"2025-11-25T12:22:11","modified_gmt":"2025-11-25T12:22:11","slug":"lio-bouleversee-par-un-message-de-louane","status":"publish","type":"post","link":"https:\/\/www.europesays.com\/fr\/557595\/","title":{"rendered":"Lio boulevers\u00e9e par un message de Louane"},"content":{"rendered":"<p>Lio garde un sacr\u00e9 souvenir de sa r\u00e9cente collaboration avec Louane sur son nouvel album, Geoid Party In The Sky, sorti la semaine derni\u00e8re. Pour ce nouvel opus, marqu\u00e9 par la participation du public et <a href=\"https:\/\/www.20minutes.fr\/arts-stars\/culture\/4187073-20251121-inimaginable-perdre-enfant-chanteuse-lio-revient-suicide-fils\" target=\"_blank\" class=\"c-link c-link--is-underlined\" rel=\"noopener\">la mort de son fils, Diego<\/a>, en mars dernier, la chanteuse de Banana Split a pu compter sur l\u2019aide de plusieurs artistes f\u00e9minines pour l\u2019\u00e9criture des chansons, y compris <a href=\"https:\/\/www.20minutes.fr\/arts-stars\/people\/4172009-20250909-louane-revele-etre-atteinte-maladie-auto-immune-invalidante\" target=\"_blank\" class=\"c-link c-link--is-underlined\" rel=\"noopener\">Louane<\/a>, qui est all\u00e9e d\u2019elle-m\u00eame \u00e0 la rencontre de Lio. Un moment \u00ab\u00a0inattendu\u00a0\u00bb pour la sexag\u00e9naire, qui n\u2019\u00e9tait pas au bout de ses surprises.<\/p>\n<p>Lors de son passage dans <a href=\"https:\/\/www.france.tv\/france-5\/c-a-vous\/saison-17\/7711827-emission-du-lundi-24-novembre-2025.html#about-section\" rel=\"nofollow noopener\" target=\"_blank\" class=\"c-link c-link--is-underlined\">C \u00e0 vous<\/a> cette semaine, Lio a re\u00e7u un message attendrissant de la part de sa jeune coll\u00e8gue. \u00ab\u00a0Coucou Lio, je voulais juste te faire un petit message pour te dire \u00e0 quel point j\u2019\u00e9tais touch\u00e9e de faire partie de ce sublime album que tu viens de sortir\u00a0\u00bb, a d\u00e9clar\u00e9 Louane en pla\u00e7ant une main sur son c\u0153ur. \u00ab\u00a0Je voulais aussi te dire \u00e0 quel point notre rencontre la semaine derni\u00e8re m\u2019avait profond\u00e9ment touch\u00e9e. T\u2019es inspirante pour toute la g\u00e9n\u00e9ration d\u2019artistes qu\u2019on est et je voulais te dire merci d\u2019\u00eatre qui tu es. Je t\u2019embrasse tr\u00e8s fort et j\u2019esp\u00e8re \u00e0 tr\u00e8s, tr\u00e8s bient\u00f4t\u00a0\u00bb.<\/p>\n<p>\u00ab\u00a0\u00c7a r\u00e9sonnait tellement en moi\u00a0\u00bb<\/p>\n<p>Les larmes aux yeux, Lio s\u2019est dite tr\u00e8s \u00ab\u00a0chanceuse\u00a0\u00bb. \u00ab\u00a0Je n\u2019oublie jamais \u00e7a\u00a0\u00bb, a-t-elle affirm\u00e9, retenant un sanglot. \u00ab\u00a0D\u00e9j\u00e0 quand elle est arriv\u00e9e, c\u2019\u00e9tait tellement inattendu, je trouvais \u00e7a tellement joli\u00a0\u00bb. D\u2019autant plus que cette collaboration est intervenue \u00ab\u00a0peut-\u00eatre deux ou trois jours avant la disparition de Diego\u00a0\u00bb, lui aussi pr\u00e9sent sur la pochette et dans le titre de l\u2019album, \u00ab\u00a0Geoid\u00a0\u00bb d\u00e9signant une \u00ab\u00a0forme de plan\u00e8te\u00a0\u00bb et \u00e9tant une anagramme de Diego, comme la chanteuse l\u2019avait expliqu\u00e9 au <a href=\"https:\/\/www.leparisien.fr\/culture-loisirs\/musique\/jai-du-vraiment-survivre-lio-se-confie-sans-fard-pour-la-sortie-de-son-nouvel-album-21-11-2025-LAA3IVFOMNGB7MBFZ5WTEVXIEM.php\" rel=\"nofollow noopener\" target=\"_blank\" class=\"c-link c-link--is-underlined\">Parisien<\/a>.<\/p>\n<p>\u00ab\u00a0J\u2019ai commenc\u00e9 \u00e0 chanter la chanson et on trouvait qu\u2019il manquait un pont. Et (Louane) a envoy\u00e9 ce pont-l\u00e0\u00a0\u00bb, a-t-elle ajout\u00e9 dans C \u00e0 vous. \u00ab\u00a0\u00c7a r\u00e9sonnait tellement en moi, et le fait qu\u2019elle soit pass\u00e9e du \u00ab\u00a0je\u00a0\u00bb au \u00ab\u00a0tu\u00a0\u00bb, alors qu\u2019elle ne savait rien du tout\u00a0! Ces liens-l\u00e0\u2026 Moi je vis toute ma vie pour un moment comme \u00e7a\u00a0!\u00a0\u00bb Passionn\u00e9e, <a href=\"https:\/\/www.20minutes.fr\/arts-stars\/people\/4179796-20251016-ca-commence-simple-gifle-lio-raconte-comment-ex-compagnon-installe-violence-couple\" target=\"_blank\" class=\"c-link c-link--is-underlined\" rel=\"noopener\">Lio<\/a> a assur\u00e9 ne pas vouloir \u00ab\u00a0faire carri\u00e8re\u00a0\u00bb, mais chercher \u00ab\u00a0des moments comme \u00e7a\u00a0\u00bb\u00a0; autrement dit, des moments de \u00ab\u00a0partage\u00a0\u00bb et \u00ab\u00a0d\u2019ouverture\u00a0\u00bb avec ses pairs.<\/p>\n","protected":false},"excerpt":{"rendered":"Lio garde un sacr\u00e9 souvenir de sa r\u00e9cente collaboration avec Louane sur son nouvel album, Geoid Party In&hellip;\n","protected":false},"author":2,"featured_media":557596,"comment_status":"","ping_status":"","sticky":false,"template":"","format":"standard","meta":{"footnotes":""},"categories":[1355],"tags":[5632,58,59,1011,27,5633,4501,1361,873,973,133],"class_list":{"0":"post-557595","1":"post","2":"type-post","3":"status-publish","4":"format-standard","5":"has-post-thumbnail","7":"category-musique","8":"tag-c-a-vous","9":"tag-divertissement","10":"tag-entertainment","11":"tag-fr","12":"tag-france","13":"tag-lio","14":"tag-louane","15":"tag-music","16":"tag-musique","17":"tag-people","18":"tag-video"},"share_on_mastodon":{"url":"https:\/\/pubeurope.com\/@fr\/115610317664403846","error":""},"_links":{"self":[{"href":"https:\/\/www.europesays.com\/fr\/wp-json\/wp\/v2\/posts\/557595","targetHints":{"allow":["GET"]}}],"collection":[{"href":"https:\/\/www.europesays.com\/fr\/wp-json\/wp\/v2\/posts"}],"about":[{"href":"https:\/\/www.europesays.com\/fr\/wp-json\/wp\/v2\/types\/post"}],"author":[{"embeddable":true,"href":"https:\/\/www.europesays.com\/fr\/wp-json\/wp\/v2\/users\/2"}],"replies":[{"embeddable":true,"href":"https:\/\/www.europesays.com\/fr\/wp-json\/wp\/v2\/comments?post=557595"}],"version-history":[{"count":0,"href":"https:\/\/www.europesays.com\/fr\/wp-json\/wp\/v2\/posts\/557595\/revisions"}],"wp:featuredmedia":[{"embeddable":true,"href":"https:\/\/www.europesays.com\/fr\/wp-json\/wp\/v2\/media\/557596"}],"wp:attachment":[{"href":"https:\/\/www.europesays.com\/fr\/wp-json\/wp\/v2\/media?parent=557595"}],"wp:term":[{"taxonomy":"category","embeddable":true,"href":"https:\/\/www.europesays.com\/fr\/wp-json\/wp\/v2\/categories?post=557595"},{"taxonomy":"post_tag","embeddable":true,"href":"https:\/\/www.europesays.com\/fr\/wp-json\/wp\/v2\/tags?post=557595"}],"curies":[{"name":"wp","href":"https:\/\/api.w.org\/{rel}","templated":true}]}}