{"id":557599,"date":"2025-11-25T12:24:15","date_gmt":"2025-11-25T12:24:15","guid":{"rendered":"https:\/\/www.europesays.com\/fr\/557599\/"},"modified":"2025-11-25T12:24:15","modified_gmt":"2025-11-25T12:24:15","slug":"a-32-ans-il-se-rend-chez-son-medecin-pour-une-angine-on-lui-diagnostique-un-cancer-de-la-bouche","status":"publish","type":"post","link":"https:\/\/www.europesays.com\/fr\/557599\/","title":{"rendered":"\u00c0 32 ans, il se rend chez son m\u00e9decin pour une angine, on lui diagnostique un cancer de la bouche"},"content":{"rendered":"<p class=\"mb-4 text-lg md:leading-8 break-words\">Pawel Chmura \u00e9tait persuad\u00e9 d&rsquo;\u00eatre simplement sujet <a data-i13n=\"cpos:1;pos:1\" href=\"https:\/\/fr.news.yahoo.com\/lhopital-la-renvoie-chez-elle-avec-une-angine-la-fillette-de-5-ans-meurt-quelques-heures-plus-tard-124010861.html\" data-ylk=\"slk:aux angines plus que la normale;cpos:1;pos:1;elm:context_link;itc:0;sec:content-canvas;outcm:mb_qualified_link;_E:mb_qualified_link;ct:story;\" class=\"link  yahoo-link\" target=\"_blank\" rel=\"noopener\">aux angines plus que la normale<\/a>. Jusqu&rsquo;\u00e0 ce que le trentenaire se rende \u00e0 l&rsquo;\u00e9vidence.<\/p>\n<p>Des angines \u00e0 r\u00e9p\u00e9tition et aucune piste s\u00e9rieuse<\/p>\n<p class=\"mb-4 text-lg md:leading-8 break-words\">\u00ab\u00a0L&rsquo;ann\u00e9e pr\u00e9c\u00e9dant mon diagnostic de cancer de la bouche, j&rsquo;avais des probl\u00e8mes avec mes amygdales\u00a0\u00bb, explique Pawel dans un article publi\u00e9 sur le site du<a data-i13n=\"cpos:2;pos:1\" href=\"https:\/\/www.manchestereveningnews.co.uk\/news\/real-life\/i-went-doctors-tonsillitis-reality-32931187?int_source=nba\" rel=\"nofollow noopener\" target=\"_blank\" data-ylk=\"slk:Manchester Evening News;cpos:2;pos:1;elm:context_link;itc:0;sec:content-canvas\" class=\"link \"> Manchester Evening News<\/a>. \u00c0 chaque fois qu&rsquo;il revenait de vacances, le jeune homme d&rsquo;origine polonaise qui vit en Angleterre <a data-i13n=\"cpos:3;pos:1\" href=\"https:\/\/fr.news.yahoo.com\/a-23-ans-elle-se-reveille-avec-un-mal-de-gorge-elle-finit-amputee-des-bras-et-des-jambes-150413964.html\" data-ylk=\"slk:souffrait d&#039;une angine.;cpos:3;pos:1;elm:context_link;itc:0;sec:content-canvas;outcm:mb_qualified_link;_E:mb_qualified_link;ct:story;\" class=\"link  yahoo-link\" target=\"_blank\" rel=\"noopener\">souffrait d&rsquo;une angine.<\/a> \u00ab\u00a0On ne peut pas prendre des antibiotiques ind\u00e9finiment sans commencer \u00e0 se poser des questions\u00a0\u00bb, d\u00e9clare-t-il avec beaucoup de recul. C&rsquo;est pourquoi, lass\u00e9 d&rsquo;encha\u00eener les infections, il s&rsquo;est d&rsquo;abord tourn\u00e9 vers son m\u00e9decin g\u00e9n\u00e9raliste. Mais les tests et les pr\u00e9l\u00e8vements qui lui ont alors \u00e9t\u00e9 prodigu\u00e9s n&rsquo;ont rien donn\u00e9. Convaincu du contraire, Pawel devra insister pendant des mois, passant de cabinet en cabinet avant d&rsquo;\u00eatre finalement orient\u00e9 vers un sp\u00e9cialiste des maladies infectieuses. C&rsquo;est ainsi qu&rsquo;au d\u00e9but de l&rsquo;ann\u00e9e 2024, une anomalie suspecte est d\u00e9cel\u00e9e sur une IRM. \u00ab\u00a0Lorsque j&rsquo;ai re\u00e7u un appel pour discuter des r\u00e9sultats, le sp\u00e9cialiste m&rsquo;a dit : &lsquo;Vos amygdales sont en bon \u00e9tat, mais nous avons trouv\u00e9 quelque chose sur l&rsquo;image dont je pense que vous devriez parler \u00e0 un autre sp\u00e9cialiste'\u00a0\u00bb, se souvient Pawel.<\/p>\n<p>\u00ab\u00a0Malheureusement, c&rsquo;est un cancer\u00a0\u00bb<\/p>\n<p class=\"mb-4 text-lg md:leading-8 break-words\">\u00ab\u00a0On m&rsquo;a prescrit une \u00e9chographie et une biopsie \u00e0 l&rsquo;aiguille fine, mais en raison de l&#8217;emplacement de la grosseur, qui se trouvait sous la langue et assez pr\u00e8s de la m\u00e2choire, ils n&rsquo;ont pas pu effectuer la biopsie\u00a0\u00bb, raconte le jeune homme. \u00ab\u00a0Inquiet \u00e0 ce stade\u00a0\u00bb, Pawel ne va pas compter ses efforts et, guid\u00e9 par son intuition, va d\u00e9cider de se tourner vers un chirurgien sp\u00e9cialis\u00e9 dans les probl\u00e8mes buccaux. Apr\u00e8s une intervention, la fameuse grosseur est retir\u00e9e de sa bouche et envoy\u00e9e pour une analyse. Deux semaines plus tard, c&rsquo;est \u00ab\u00a0tr\u00e8s optimiste\u00a0\u00bb que Pawel se rend \u00e0 son rendez-vous de suivi. \u00ab\u00a0Je pensais que tout irait bien. Mais quand je suis entr\u00e9 et que j&rsquo;ai vu le m\u00e9decin et l&rsquo;infirmi\u00e8re, j&rsquo;ai tout de suite senti que quelque chose n&rsquo;allait pas. Nous nous sommes assis et ils m&rsquo;ont dit : <a data-i13n=\"cpos:4;pos:1\" href=\"https:\/\/fr.news.yahoo.com\/a-4-ans-elle-est-soignee-pour-une-angine-les-medecins-decouvrent-quelle-souffre-en-realite-dun-cancer-rare-103638694.html\" data-ylk=\"slk:&#039;\u00c9coutez, malheureusement, c&#039;est un cancer;cpos:4;pos:1;elm:context_link;itc:0;sec:content-canvas;outcm:mb_qualified_link;_E:mb_qualified_link;ct:story;\" class=\"link  yahoo-link\" target=\"_blank\" rel=\"noopener\">&lsquo;\u00c9coutez, malheureusement, c&rsquo;est un cancer<\/a>.'\u00a0\u00bb Le jeune homme alors \u00e2g\u00e9 de 32 ans a \u00e0 peine le temps de dig\u00e9rer l&rsquo;information, puisqu&rsquo;une importante intervention chirurgicale pour retirer la tumeur canc\u00e9reuse est aussit\u00f4t programm\u00e9e. Ablation du plancher buccal, r\u00e9section cervicale, greffe de tissu de l&rsquo;avant-bras, trach\u00e9otomie pour g\u00e9rer l&rsquo;\u0153d\u00e8me postop\u00e9ratoire : les chirurgiens mettent tout en oeuvre pour sauver Pawel.<\/p>\n<p>Un risque de r\u00e9cidive<\/p>\n<p class=\"mb-4 text-lg md:leading-8 break-words\">Apr\u00e8s avoir pass\u00e9 plusieurs jours en soins intensifs, Pawel a pu reprendre le chemin du travail trois mois apr\u00e8s l&rsquo;op\u00e9ration, avec tout de m\u00eame la peur d&rsquo;une r\u00e9cidive : \u00ab\u00a0Ce type de cancer implique que je dois passer des examens de contr\u00f4le annuels et, dans mon cas pr\u00e9cis, le risque de r\u00e9cidive au niveau des poumons est assez \u00e9lev\u00e9. Alors, m\u00eame si ce n&rsquo;est pas ma principale pr\u00e9occupation, elle est toujours pr\u00e9sente\u00a0\u00bb, confie-t-il un an apr\u00e8s son diagnostic. S&rsquo;il tient \u00e0 raconter son histoire, c&rsquo;est parce que Pawel sait combien ce type de cancer peut \u00eatre difficile \u00e0 diagnostiquer. Selon le<a data-i13n=\"cpos:5;pos:1\" href=\"https:\/\/www.msdmanuals.com\/fr\/accueil\/troubles-du-nez-de-la-gorge-et-de-l-oreille\/cancers-de-la-bouche-du-nez-et-de-la-gorge\/cancer-de-la-bouche-et-de-la-gorge\" rel=\"nofollow noopener\" target=\"_blank\" data-ylk=\"slk:Manuel MSD;cpos:5;pos:1;elm:context_link;itc:0;sec:content-canvas\" class=\"link \"> Manuel MSD<\/a>, les cancers de la bouche et de la gorge peuvent se manifester par des plaies ouvertes, des excroissances ou des zones d\u00e9color\u00e9es dans la bouche, ce qui implique une grande vigilance.<\/p>\n","protected":false},"excerpt":{"rendered":"Pawel Chmura \u00e9tait persuad\u00e9 d&rsquo;\u00eatre simplement sujet aux angines plus que la normale. Jusqu&rsquo;\u00e0 ce que le trentenaire&hellip;\n","protected":false},"author":2,"featured_media":557600,"comment_status":"","ping_status":"","sticky":false,"template":"","format":"standard","meta":{"footnotes":""},"categories":[10],"tags":[101,42440,1011,27,72,30190,67478,71],"class_list":{"0":"post-557599","1":"post","2":"type-post","3":"status-publish","4":"format-standard","5":"has-post-thumbnail","7":"category-sante","8":"tag-cancer","9":"tag-cancer-de-la-bouche","10":"tag-fr","11":"tag-france","12":"tag-health","13":"tag-medecin-generaliste","14":"tag-pawel","15":"tag-sante"},"share_on_mastodon":{"url":"https:\/\/pubeurope.com\/@fr\/115610325125717904","error":""},"_links":{"self":[{"href":"https:\/\/www.europesays.com\/fr\/wp-json\/wp\/v2\/posts\/557599","targetHints":{"allow":["GET"]}}],"collection":[{"href":"https:\/\/www.europesays.com\/fr\/wp-json\/wp\/v2\/posts"}],"about":[{"href":"https:\/\/www.europesays.com\/fr\/wp-json\/wp\/v2\/types\/post"}],"author":[{"embeddable":true,"href":"https:\/\/www.europesays.com\/fr\/wp-json\/wp\/v2\/users\/2"}],"replies":[{"embeddable":true,"href":"https:\/\/www.europesays.com\/fr\/wp-json\/wp\/v2\/comments?post=557599"}],"version-history":[{"count":0,"href":"https:\/\/www.europesays.com\/fr\/wp-json\/wp\/v2\/posts\/557599\/revisions"}],"wp:featuredmedia":[{"embeddable":true,"href":"https:\/\/www.europesays.com\/fr\/wp-json\/wp\/v2\/media\/557600"}],"wp:attachment":[{"href":"https:\/\/www.europesays.com\/fr\/wp-json\/wp\/v2\/media?parent=557599"}],"wp:term":[{"taxonomy":"category","embeddable":true,"href":"https:\/\/www.europesays.com\/fr\/wp-json\/wp\/v2\/categories?post=557599"},{"taxonomy":"post_tag","embeddable":true,"href":"https:\/\/www.europesays.com\/fr\/wp-json\/wp\/v2\/tags?post=557599"}],"curies":[{"name":"wp","href":"https:\/\/api.w.org\/{rel}","templated":true}]}}