{"id":557609,"date":"2025-11-25T12:29:14","date_gmt":"2025-11-25T12:29:14","guid":{"rendered":"https:\/\/www.europesays.com\/fr\/557609\/"},"modified":"2025-11-25T12:29:14","modified_gmt":"2025-11-25T12:29:14","slug":"des-habitants-evacues-dans-le-nord-ouest-de-la-moldavie-apres-la-chute-dun-drone","status":"publish","type":"post","link":"https:\/\/www.europesays.com\/fr\/557609\/","title":{"rendered":"Des habitants \u00e9vacu\u00e9s dans le nord-ouest de la Moldavie apr\u00e8s la chute d\u2019un drone"},"content":{"rendered":"<p>                      <img loading=\"lazy\" decoding=\"async\" src=\"https:\/\/www.europesays.com\/fr\/wp-content\/uploads\/2025\/11\/867ce33_ftp-import-images-1-o3zlixcd92ee-8c12fdb277f24fb5978456a970db756f-0-0fef6317540e41b299706352.jpeg\" alt=\"Un drone russe, sur le toit d\u2019une maison de Cuhurestii de Jos, village du nord de la Moldavie. Image diffus\u00e9e par la police moldave, le 25\u00a0novembre\u00a02025.\"   width=\"664\" height=\"443\"\/>    Un drone russe, sur le toit d\u2019une maison de Cuhurestii de Jos, village du nord de la Moldavie. Image diffus\u00e9e par la police moldave, le 25\u00a0novembre\u00a02025.  POLICE MOLDAVE\/AP                          <\/p>\n<p class=\"article__paragraph  \">La police moldave a annonc\u00e9 l\u2019\u00e9vacuation des habitants de Cuhurestii de Jos, dans le district de Floresti, au nord-ouest du pays voisin de l\u2019Ukraine, apr\u00e8s la chute, mardi 25\u00a0novembre dans la matin\u00e9e, d\u2019un drone sur la maison d\u2019un gardien de verger.<\/p>\n<p class=\"article__paragraph  \">\u00ab\u00a0L\u2019unit\u00e9 technique des explosifs de la police est en route vers les lieux. Les habitants ont \u00e9t\u00e9 \u00e9vacu\u00e9s et la zone a \u00e9t\u00e9 boucl\u00e9e par la police de Floresti\u00a0\u00bb, a ajout\u00e9 la police dans un communiqu\u00e9, sans pr\u00e9ciser le nombre de personnes \u00e9vacu\u00e9es. Selon <a href=\"https:\/\/www.facebook.com\/photo.php?fbid=1287190640118284&amp;set=a.226050109565681&amp;type=3&amp;ref=embed_post\" target=\"_blank\" rel=\"noopener\" title=\"Nouvelle fen\u00eatre\">une photo publi\u00e9e sur les r\u00e9seaux sociaux<\/a>, le drone est pos\u00e9, l\u2019air intact, sur le toit en t\u00f4le ondul\u00e9 d\u2019une maison en parpaings. Un peu plus t\u00f4t, la police aux fronti\u00e8res moldave avait annonc\u00e9 l\u2019intrusion d\u2019un drone Shahed sur son territoire mardi matin, apr\u00e8s une nuit de frappes massives russes sur l\u2019Ukraine.<\/p>\n<p class=\"article__paragraph  \">\u00ab\u00a0L\u2019appareil a\u00e9rien a \u00e9t\u00e9 d\u00e9tect\u00e9 en direction de Vinogradovca-Vulcanesti, se d\u00e9pla\u00e7ant ensuite vers la fronti\u00e8re avec la Roumanie\u00a0\u00bb qu\u2019il a travers\u00e9e, a pr\u00e9cis\u00e9 la police des fronti\u00e8res, citant le minist\u00e8re de la d\u00e9fense\u00a0moldave et ajoutant avoir imm\u00e9diatement inform\u00e9 \u00ab\u00a0la partie roumaine\u00a0\u00bb. La Roumanie a de son c\u00f4t\u00e9 annonc\u00e9 deux nouvelles incursions de drones dans son espace a\u00e9rien mardi matin et le d\u00e9ploiement de plusieurs avions de chasse.<\/p>\n<p>                    \u00ab\u00a0Surveiller la situation\u00a0\u00bb                    <\/p>\n<p class=\"article__paragraph  \">Le premier drone a \u00ab\u00a0travers\u00e9 l\u2019espace a\u00e9rien national\u00a0\u00bb roumain depuis Valcove en Ukraine vers la zone de Chilia Veche dans le comt\u00e9 de Tulcea, dans le sud-est de la Roumanie, a pr\u00e9cis\u00e9 le minist\u00e8re de la d\u00e9fense, en ajoutant que \u00ab\u00a0deux avions Eurofighter Typhoon allemands ont \u00e9t\u00e9 d\u00e9p\u00each\u00e9s depuis la base a\u00e9rienne Mihail-Kogalniceanu pour surveiller la situation\u00a0\u00bb \u00e0 6\u00a0h\u00a028 (5\u00a0h\u00a028\u00a0\u00e0 Paris). A 7\u00a0h\u00a011, les Eurofighter ont signal\u00e9 \u00ab\u00a0un contact radar avec la cible au-dessus du territoire ukrainien, en dehors de l\u2019espace a\u00e9rien roumain\u00a0\u00bb, a ajout\u00e9 le minist\u00e8re.<\/p>\n<p class=\"article__paragraph  \">Deux autres avions de chasse ont d\u00e9coll\u00e9 une vingtaine de minutes plus tard depuis la base de Borcea, des F-16 de l\u2019arm\u00e9e roumaine, et une deuxi\u00e8me intrusion de drone a \u00e9t\u00e9 d\u00e9tect\u00e9e par les syst\u00e8mes radar dans l\u2019espace a\u00e9rien roumain dans la r\u00e9gion de Galati, a ajout\u00e9 le minist\u00e8re, pr\u00e9cisant que \u00ab\u00a0la situation [\u00e9tait] surveill\u00e9e par le minist\u00e8re de la d\u00e9fense nationale\u00a0\u00bb. La semaine derni\u00e8re, la Roumanie avait d\u00e9j\u00e0 annonc\u00e9 avoir mobilis\u00e9 quatre avions de chasse en raison d\u2019une incursion de drone.<\/p>\n<p class=\"author__detail\">  Le Monde avec AFP  <\/p>\n<p>                <a href=\"https:\/\/www.lemonde.fr\/syndication\/\" class=\"reuse__content\" title=\"R\u00e9utiliser ce contenu\" target=\"_blank\" rel=\"noopener\">R\u00e9utiliser ce contenu<\/a>      <\/p>\n","protected":false},"excerpt":{"rendered":"Un drone russe, sur le toit d\u2019une maison de Cuhurestii de Jos, village du nord de la Moldavie.&hellip;\n","protected":false},"author":2,"featured_media":557610,"comment_status":"","ping_status":"","sticky":false,"template":"","format":"standard","meta":{"footnotes":""},"categories":[5],"tags":[11,1011,27,14,12,28],"class_list":{"0":"post-557609","1":"post","2":"type-post","3":"status-publish","4":"format-standard","5":"has-post-thumbnail","7":"category-international","8":"tag-actualites","9":"tag-fr","10":"tag-france","11":"tag-international","12":"tag-news","13":"tag-world"},"share_on_mastodon":{"url":"https:\/\/pubeurope.com\/@fr\/115610344862429286","error":""},"_links":{"self":[{"href":"https:\/\/www.europesays.com\/fr\/wp-json\/wp\/v2\/posts\/557609","targetHints":{"allow":["GET"]}}],"collection":[{"href":"https:\/\/www.europesays.com\/fr\/wp-json\/wp\/v2\/posts"}],"about":[{"href":"https:\/\/www.europesays.com\/fr\/wp-json\/wp\/v2\/types\/post"}],"author":[{"embeddable":true,"href":"https:\/\/www.europesays.com\/fr\/wp-json\/wp\/v2\/users\/2"}],"replies":[{"embeddable":true,"href":"https:\/\/www.europesays.com\/fr\/wp-json\/wp\/v2\/comments?post=557609"}],"version-history":[{"count":0,"href":"https:\/\/www.europesays.com\/fr\/wp-json\/wp\/v2\/posts\/557609\/revisions"}],"wp:featuredmedia":[{"embeddable":true,"href":"https:\/\/www.europesays.com\/fr\/wp-json\/wp\/v2\/media\/557610"}],"wp:attachment":[{"href":"https:\/\/www.europesays.com\/fr\/wp-json\/wp\/v2\/media?parent=557609"}],"wp:term":[{"taxonomy":"category","embeddable":true,"href":"https:\/\/www.europesays.com\/fr\/wp-json\/wp\/v2\/categories?post=557609"},{"taxonomy":"post_tag","embeddable":true,"href":"https:\/\/www.europesays.com\/fr\/wp-json\/wp\/v2\/tags?post=557609"}],"curies":[{"name":"wp","href":"https:\/\/api.w.org\/{rel}","templated":true}]}}