{"id":557615,"date":"2025-11-25T12:32:48","date_gmt":"2025-11-25T12:32:48","guid":{"rendered":"https:\/\/www.europesays.com\/fr\/557615\/"},"modified":"2025-11-25T12:32:48","modified_gmt":"2025-11-25T12:32:48","slug":"ce-que-lon-sait-a-quatre-mois-du-scrutin","status":"publish","type":"post","link":"https:\/\/www.europesays.com\/fr\/557615\/","title":{"rendered":"ce que l\u2019on sait \u00e0 quatre mois du scrutin"},"content":{"rendered":"<p>                            Y aura-t-il des candidats Rassemblement national dans l\u2019Ondaine\u00a0?<\/p>\n<p>A priori oui, selon <a href=\"https:\/\/www.leprogres.fr\/p\/corentin-jousserand\" target=\"_blank\" rel=\"noopener\">Corentin Jousserand<\/a>, d\u00e9l\u00e9gu\u00e9 d\u00e9partemental du RN. \u00ab\u00a0On rep\u00e8re les personnes qui ont l\u2019envie et la capacit\u00e9 de monter une liste, puis elles passent devant la commission d\u2019investiture pour que le parti valide. Deux personnes sont en commission d\u2019investiture pour Firminy\u00a0\u00bb. Il y a donc \u00ab\u00a09 chances sur 10 qu\u2019il y ait un candidat RN \u00e0 Firminy\u00a0\u00bb.<\/p>\n<p>Deux autres communes de l\u2019Ondaine pourraient \u00eatre concern\u00e9es\u00a0: Unieux et Fraisses, le RN \u00e9tant en contact avec des \u00ab\u00a0personnes motiv\u00e9es pour monter une liste\u00a0\u00bb. Et, pour les autres communes, le RN annonce qu\u2019il \u00ab\u00a0peut quand m\u00eame soutenir des listes sans \u00e9tiquettes\u00a0\u00bb que ce soit avec la pr\u00e9sence du logo, la mise \u00e0 disposition de militants,\u00a0etc.<\/p>\n<p>\u00ab\u00a0On est en contact avec des candidats mais il n\u2019y a encore rien d\u2019officiel\u00a0\u00bb reconna\u00eet Corentin Jousserand. Les annonces seront faites mi-d\u00e9cembre.<\/p>\n<p>\u00c0 Firminy, cinq listes devraient s\u2019affronter<\/p>\n<p>\u00c0 ce jour, quatre candidats sont&#8230;<\/p>\n","protected":false},"excerpt":{"rendered":"Y aura-t-il des candidats Rassemblement national dans l\u2019Ondaine\u00a0? A priori oui, selon Corentin Jousserand, d\u00e9l\u00e9gu\u00e9 d\u00e9partemental du RN.&hellip;\n","protected":false},"author":2,"featured_media":557616,"comment_status":"","ping_status":"","sticky":false,"template":"","format":"standard","meta":{"footnotes":""},"categories":[9653],"tags":[1111,11,2430,7539,4188,1777,674,10282,10283,1011,27,12,316,25,4001],"class_list":{"0":"post-557615","1":"post","2":"type-post","3":"status-publish","4":"format-standard","5":"has-post-thumbnail","7":"category-saint-etienne","8":"tag-actu","9":"tag-actualites","10":"tag-auvergne-rhone-alpes","11":"tag-edition-loire-sud","12":"tag-elections-municipales","13":"tag-eu","14":"tag-europe","15":"tag-firminy","16":"tag-firminy-ville","17":"tag-fr","18":"tag-france","19":"tag-news","20":"tag-politique","21":"tag-republique-francaise","22":"tag-saint-etienne"},"share_on_mastodon":{"url":"https:\/\/pubeurope.com\/@fr\/115610360407322126","error":""},"_links":{"self":[{"href":"https:\/\/www.europesays.com\/fr\/wp-json\/wp\/v2\/posts\/557615","targetHints":{"allow":["GET"]}}],"collection":[{"href":"https:\/\/www.europesays.com\/fr\/wp-json\/wp\/v2\/posts"}],"about":[{"href":"https:\/\/www.europesays.com\/fr\/wp-json\/wp\/v2\/types\/post"}],"author":[{"embeddable":true,"href":"https:\/\/www.europesays.com\/fr\/wp-json\/wp\/v2\/users\/2"}],"replies":[{"embeddable":true,"href":"https:\/\/www.europesays.com\/fr\/wp-json\/wp\/v2\/comments?post=557615"}],"version-history":[{"count":0,"href":"https:\/\/www.europesays.com\/fr\/wp-json\/wp\/v2\/posts\/557615\/revisions"}],"wp:featuredmedia":[{"embeddable":true,"href":"https:\/\/www.europesays.com\/fr\/wp-json\/wp\/v2\/media\/557616"}],"wp:attachment":[{"href":"https:\/\/www.europesays.com\/fr\/wp-json\/wp\/v2\/media?parent=557615"}],"wp:term":[{"taxonomy":"category","embeddable":true,"href":"https:\/\/www.europesays.com\/fr\/wp-json\/wp\/v2\/categories?post=557615"},{"taxonomy":"post_tag","embeddable":true,"href":"https:\/\/www.europesays.com\/fr\/wp-json\/wp\/v2\/tags?post=557615"}],"curies":[{"name":"wp","href":"https:\/\/api.w.org\/{rel}","templated":true}]}}