{"id":557617,"date":"2025-11-25T12:34:15","date_gmt":"2025-11-25T12:34:15","guid":{"rendered":"https:\/\/www.europesays.com\/fr\/557617\/"},"modified":"2025-11-25T12:34:15","modified_gmt":"2025-11-25T12:34:15","slug":"obtenez-votre-place-pour-la-reception-de-saint-etienne-a-moitie-prix","status":"publish","type":"post","link":"https:\/\/www.europesays.com\/fr\/557617\/","title":{"rendered":"obtenez votre place pour la r\u00e9ception de Saint-\u00c9tienne\u2026 \u00e0 moiti\u00e9 prix\u00a0!"},"content":{"rendered":"<p>                    Par<br \/>\n        <strong><br \/>\n            <a href=\"https:\/\/actu.fr\/auteur\/aurelien-burban\" title=\"Consulter tous les articles de Aur\u00e9lien Burban\" target=\"_blank\" rel=\"noopener\">Aur\u00e9lien Burban<\/a><br \/>\n                    <\/strong><\/p>\n<p>        Publi\u00e9 le<\/p>\n<p>            25 nov. 2025 \u00e0 12h18        <\/p>\n<p>L\u2019ann\u00e9e 2026 commencera fort pour <b>Le\u00a0Mans FC<\/b> (<a href=\"https:\/\/actu.fr\/pays-de-la-loire\/sarthe_72\" target=\"_blank\" rel=\"noopener\">Sarthe<\/a>)\u2009! Puisque <b>samedi 3\u00a0janvier 2026<\/b>, il re\u00e7oit une t\u00eate d\u2019affiche du championnat, l\u2019<a href=\"https:\/\/actu.fr\/tag\/association-sportive-saint-etienne-asse\" target=\"_blank\" rel=\"noopener\">AS Saint-\u00c9tienne<\/a>, au stade Marie-Marvingt.<\/p>\n<p class=\" wall-content\">Apr\u00e8s la victoire au match aller (3-2) \u00e0 Geoffroy-Guichard, ce duel sera attendu, notamment par les supporters. \u00c7a tombe bien\u2009: le club propose d\u2019y assister\u2026 \u00e0 moiti\u00e9 prix\u2009!<\/p>\n<p>Assistez au match du\u00a0Mans FC face \u00e0 Saint-\u00c9tienne\u2026 \u00e0 moiti\u00e9 prix<\/p>\n<p class=\" wall-content\">Plus pr\u00e9cis\u00e9ment, il propose un pack de deux rencontres comme id\u00e9e cadeau pour <a href=\"https:\/\/actu.fr\/tag\/noel\" target=\"_blank\" rel=\"noopener\">No\u00ebl<\/a>\u2009: celui contre l\u2019ASSE ainsi que celui face \u00e0 <a href=\"https:\/\/actu.fr\/hauts-de-france\/dunkerque_59183\" target=\"_blank\" rel=\"noopener\">Dunkerque<\/a> (vendredi 23\u00a0janvier, ou le lendemain voire le lundi suivant selon la programmation de la Ligue de football professionnel).<\/p>\n<p class=\" wall-content\">De 16 \u00e0 55\u00a0\u20ac, vous pouvez obtenir une place dans les tribunes pour ces deux matches. Ce qui \u00e9quivaut \u00e0 une r\u00e9duction de 50\u2009% pour l\u2019opposition face aux St\u00e9phanois.<\/p>\n<p class=\" wall-content\">Cette offre est disponible (depuis 10\u2009h \u00e0 La Pincenardi\u00e8re ou sur le <a href=\"https:\/\/www.lemansfc.fr\/index.php?section=actualites-contenu&amp;actu=3779\" target=\"_blank\" rel=\"noopener\">site internet du club<\/a>) ce mardi 25\u00a0novembre 2025 pour les abonn\u00e9s (aucune limite sur le nombre de packs par commande).<\/p>\n<p>Pour le grand public, il faut attendre vendredi<\/p>\n<p class=\" wall-content\">Concernant le grand public, il faut attendre ce vendredi 28\u00a0novembre\u2009: \u00e0 partir de 10\u2009h \u00e0 La Pincenardi\u00e8re, sur le site internet du\u00a0<a href=\"https:\/\/actu.fr\/tag\/le-mans-fc\" target=\"_blank\" rel=\"noopener\">Mans FC<\/a>, ou dans les magasins E.Leclerc Le\u00a0Mans, Super U Arnage, Beaumont-sur-Sarthe, Chang\u00e9, \u00c9commoy, Sainte-Jamme-sur-Sarthe et Sill\u00e9-le-Guillaume (toujours aucune limite sur le nombre de packs par commande).<\/p>\n<p>Votre r\u00e9gion, votre actu !<\/p>\n<p>Recevez chaque jour les infos qui comptent pour vous.<\/p>\n<p>\t<a href=\"https:\/\/actu.fr\/newsletter\" class=\"ac-btn ac-btn--corner ac-btn--medium ac-btn--blue800\" target=\"_blank\" rel=\"noopener\">S&rsquo;incrire<\/a><\/p>\n<p class=\" wall-content\">Il existe des tarifs r\u00e9duits pour les jeunes de 6 \u00e0 18\u00a0ans, les <a href=\"https:\/\/actu.fr\/tag\/etudiantses\" target=\"_blank\" rel=\"noopener\">\u00e9tudiants<\/a>, les personnes \u00e0 mobilit\u00e9 r\u00e9duite, et les chercheurs d\u2019emploi, sur pr\u00e9sentation d\u2019un justificatif. Ils ne sont pas disponibles sur le site internet.<\/p>\n<p class=\" wall-content\">Personnalisez votre actualit\u00e9 en ajoutant vos villes et m\u00e9dias en favori avec <a href=\"https:\/\/moncompte.actu.fr\" title=\"D\u00e9couvez Mon Actu\" rel=\"nofollow noopener\" data-trk=\"{&quot;cta&quot;:{&quot;action&quot;:&quot;https:\\\/\\\/moncompte.actu.fr&quot;,&quot;category&quot;:&quot;mon compte&quot;,&quot;from&quot;:&quot;article footer&quot;,&quot;name&quot;:&quot;Mon actu&quot;,&quot;type&quot;:&quot;cta&quot;}}\" target=\"_blank\">Mon Actu<\/a>.<\/p>\n","protected":false},"excerpt":{"rendered":"Par Aur\u00e9lien Burban Publi\u00e9 le 25 nov. 2025 \u00e0 12h18 L\u2019ann\u00e9e 2026 commencera fort pour Le\u00a0Mans FC (Sarthe)\u2009!&hellip;\n","protected":false},"author":2,"featured_media":557618,"comment_status":"","ping_status":"","sticky":false,"template":"","format":"standard","meta":{"footnotes":""},"categories":[9653],"tags":[1111,11,8019,2430,1777,674,63,1011,27,40797,12,25,4001,517,60],"class_list":{"0":"post-557617","1":"post","2":"type-post","3":"status-publish","4":"format-standard","5":"has-post-thumbnail","7":"category-saint-etienne","8":"tag-actu","9":"tag-actualites","10":"tag-association-sportive-saint-etienne-asse","11":"tag-auvergne-rhone-alpes","12":"tag-eu","13":"tag-europe","14":"tag-football","15":"tag-fr","16":"tag-france","17":"tag-le-mans-fc","18":"tag-news","19":"tag-republique-francaise","20":"tag-saint-etienne","21":"tag-sport","22":"tag-sports"},"share_on_mastodon":{"url":"https:\/\/pubeurope.com\/@fr\/115610364612002350","error":""},"_links":{"self":[{"href":"https:\/\/www.europesays.com\/fr\/wp-json\/wp\/v2\/posts\/557617","targetHints":{"allow":["GET"]}}],"collection":[{"href":"https:\/\/www.europesays.com\/fr\/wp-json\/wp\/v2\/posts"}],"about":[{"href":"https:\/\/www.europesays.com\/fr\/wp-json\/wp\/v2\/types\/post"}],"author":[{"embeddable":true,"href":"https:\/\/www.europesays.com\/fr\/wp-json\/wp\/v2\/users\/2"}],"replies":[{"embeddable":true,"href":"https:\/\/www.europesays.com\/fr\/wp-json\/wp\/v2\/comments?post=557617"}],"version-history":[{"count":0,"href":"https:\/\/www.europesays.com\/fr\/wp-json\/wp\/v2\/posts\/557617\/revisions"}],"wp:featuredmedia":[{"embeddable":true,"href":"https:\/\/www.europesays.com\/fr\/wp-json\/wp\/v2\/media\/557618"}],"wp:attachment":[{"href":"https:\/\/www.europesays.com\/fr\/wp-json\/wp\/v2\/media?parent=557617"}],"wp:term":[{"taxonomy":"category","embeddable":true,"href":"https:\/\/www.europesays.com\/fr\/wp-json\/wp\/v2\/categories?post=557617"},{"taxonomy":"post_tag","embeddable":true,"href":"https:\/\/www.europesays.com\/fr\/wp-json\/wp\/v2\/tags?post=557617"}],"curies":[{"name":"wp","href":"https:\/\/api.w.org\/{rel}","templated":true}]}}