{"id":557619,"date":"2025-11-25T12:35:23","date_gmt":"2025-11-25T12:35:23","guid":{"rendered":"https:\/\/www.europesays.com\/fr\/557619\/"},"modified":"2025-11-25T12:35:23","modified_gmt":"2025-11-25T12:35:23","slug":"action-au-centre-commercial-saint-sebastien-a-nancy-voici-la-date-douverture","status":"publish","type":"post","link":"https:\/\/www.europesays.com\/fr\/557619\/","title":{"rendered":"Action au centre commercial Saint S\u00e9bastien \u00e0 Nancy : voici la date d&rsquo;ouverture"},"content":{"rendered":"<p>                    Par<br \/>\n        <strong><br \/>\n            <a href=\"https:\/\/actu.fr\/auteur\/pierre-emile-bouchy-actu-fr\" title=\"Consulter tous les articles de Paul-Emile Bouchy\" target=\"_blank\" rel=\"noopener\">Paul-Emile Bouchy<\/a><br \/>\n                    <\/strong><\/p>\n<p>        Publi\u00e9 le<\/p>\n<p>            25 nov. 2025 \u00e0 11h13        <\/p>\n<p>        Enregistrer<\/p>\n<p>        Partager<\/p>\n<ul id=\"share\" class=\"ac-article-actions__share \">\n<li>\n            <a target=\"_blank\" href=\"http:\/\/www.facebook.com\/sharer.php?u=https:\/\/actu.fr\/grand-est\/nancy_54395\/action-au-centre-commercial-saint-sebastien-a-nancy-voici-la-date-d-ouverture_63483519.html\" class=\"ac-btn-social ac-btn-social--blue ac-btn-social--facebook\" title=\"Partagez sur Facebook - Nouvelle fen\u00eatre\" data-trk=\"{&quot;social&quot;:{&quot;network&quot;:&quot;facebook&quot;},&quot;article&quot;:{&quot;id_contenu&quot;:63483519,&quot;titre_contenu&quot;:&quot;Action au centre commercial Saint S\\u00e9bastien \\u00e0 Nancy : voici la date d&#039;ouverture&quot;,&quot;marque&quot;:&quot;Lorraine Actu&quot;,&quot;nom_commune&quot;:&quot;Nancy&quot;,&quot;code_insee_commune&quot;:&quot;54395&quot;,&quot;code_region&quot;:&quot;44&quot;,&quot;code_departement&quot;:&quot;54&quot;,&quot;type&quot;:&quot;article&quot;,&quot;arborescence&quot;:&quot;Soci\\u00e9t\\u00e9&quot;,&quot;tags_article_s&quot;:&quot;Centre commercial Saint-S\\u00e9bastien|Commerce|Nouveaux commerces&quot;,&quot;signature_auteur&quot;:&quot;Paul-Emile Bouchy&quot;,&quot;statut_monetisation&quot;:&quot;payant&quot;}}\" rel=\"noopener\">Partagez sur Facebook<\/a>\n        <\/li>\n<li>\n            <a target=\"_blank\" href=\"https:\/\/twitter.com\/intent\/tweet?url=https:\/\/actu.fr\/grand-est\/nancy_54395\/action-au-centre-commercial-saint-sebastien-a-nancy-voici-la-date-d-ouverture_63483519.html&amp;text=Action au centre commercial Saint S\u00e9bastien \u00e0 Nancy : voici la date d&#039;ouverture&amp;via=actufr\" class=\"ac-btn-social ac-btn-social--blue ac-btn-social--x\" title=\"Partagez sur Twitter - Nouvelle fen\u00eatre\" data-trk=\"{&quot;social&quot;:{&quot;network&quot;:&quot;twitter&quot;},&quot;article&quot;:{&quot;id_contenu&quot;:63483519,&quot;titre_contenu&quot;:&quot;Action au centre commercial Saint S\\u00e9bastien \\u00e0 Nancy : voici la date d&#039;ouverture&quot;,&quot;marque&quot;:&quot;Lorraine Actu&quot;,&quot;nom_commune&quot;:&quot;Nancy&quot;,&quot;code_insee_commune&quot;:&quot;54395&quot;,&quot;code_region&quot;:&quot;44&quot;,&quot;code_departement&quot;:&quot;54&quot;,&quot;type&quot;:&quot;article&quot;,&quot;arborescence&quot;:&quot;Soci\\u00e9t\\u00e9&quot;,&quot;tags_article_s&quot;:&quot;Centre commercial Saint-S\\u00e9bastien|Commerce|Nouveaux commerces&quot;,&quot;signature_auteur&quot;:&quot;Paul-Emile Bouchy&quot;,&quot;statut_monetisation&quot;:&quot;payant&quot;}}\" rel=\"noopener\">Partagez sur Twitter<\/a>\n        <\/li>\n<li>\n            <a target=\"_blank\" href=\"http:\/\/actu.fr\/cdn-cgi\/l\/email-protection#d292eda1a7b0b8b7b1a6ef93b1a6bbbdbcf2b3a7f2b1b7bca6a0b7f2b1bdbfbfb7a0b1bbb3bef281b3bbbca6f281117bb0b3a1a6bbb7bcf21172f29cb3bcb1abf2e8f2a4bdbbb1bbf2beb3f2b6b3a6b7f2b6f4f1e2e1ebe9bda7a4b7a0a6a7a0b7f4b0bdb6abef93b1a6bbbdbcf2b3a7f2b1b7bca6a0b7f2b1bdbfbfb7a0b1bbb3bef281b3bbbca6f281117bb0b3a1a6bbb7bcf21172f29cb3bcb1abf2e8f2a4bdbbb1bbf2beb3f2b6b3a6b7f2b6f4f1e2e1ebe9bda7a4b7a0a6a7a0b7f7e0e2e8f7e0e2baa6a6a2a1e8fdfdb3b1a6a7fcb4a0fdb5a0b3bcb6ffb7a1a6fdbcb3bcb1ab8de7e6e1ebe7fdb3b1a6bbbdbcffb3a7ffb1b7bca6a0b7ffb1bdbfbfb7a0b1bbb3beffa1b3bbbca6ffa1b7b0b3a1a6bbb7bcffb3ffbcb3bcb1abffa4bdbbb1bbffbeb3ffb6b3a6b7ffb6ffbda7a4b7a0a6a7a0b78de4e1e6eae1e7e3ebfcbaa6bfbe\" class=\"ac-btn-social ac-btn-social--blue ac-btn-social--mail\" title=\"Partagez par mail - Nouvelle fen\u00eatre\" data-trk=\"{&quot;social&quot;:{&quot;network&quot;:&quot;email&quot;},&quot;article&quot;:{&quot;id_contenu&quot;:63483519,&quot;titre_contenu&quot;:&quot;Action au centre commercial Saint S\\u00e9bastien \\u00e0 Nancy : voici la date d&#039;ouverture&quot;,&quot;marque&quot;:&quot;Lorraine Actu&quot;,&quot;nom_commune&quot;:&quot;Nancy&quot;,&quot;code_insee_commune&quot;:&quot;54395&quot;,&quot;code_region&quot;:&quot;44&quot;,&quot;code_departement&quot;:&quot;54&quot;,&quot;type&quot;:&quot;article&quot;,&quot;arborescence&quot;:&quot;Soci\\u00e9t\\u00e9&quot;,&quot;tags_article_s&quot;:&quot;Centre commercial Saint-S\\u00e9bastien|Commerce|Nouveaux commerces&quot;,&quot;signature_auteur&quot;:&quot;Paul-Emile Bouchy&quot;,&quot;statut_monetisation&quot;:&quot;payant&quot;}}\" rel=\"noopener\">Partagez par Mail<\/a>\n        <\/li>\n<li>\n<p>                Copiez\/Collez le Lien<\/p>\n<p>            Copi\u00e9 !\n        <\/li>\n<\/ul>\n<p>Si <a href=\"https:\/\/actu.fr\/grand-est\/nancy_54395\/exclusif-nancy-on-connait-la-date-de-fermeture-du-magasin-c-amp-a-au-centre-commercial-saint-sebastien_63313557.html\" target=\"_blank\" rel=\"noopener\">l\u2019embl\u00e9matique magasin C&amp;A vient de fermer ses portes<\/a> samedi 22\u00a0novembre au <a href=\"https:\/\/actu.fr\/tag\/centre-commercial-saint-sebastien\" target=\"_blank\" rel=\"noopener\">centre commercial Saint S\u00e9bastien<\/a> de <strong>Nancy<\/strong>, une autre grande enseigne va bient\u00f4t s\u2019y installer.<br \/>Annonc\u00e9 en mai dernier, <a href=\"https:\/\/actu.fr\/grand-est\/nancy_54395\/action-debarque-au-centre-ville-de-nancy-voici-ou-va-ouvrir-ce-nouveau-magasin_62606551.html\" target=\"_blank\" rel=\"noopener\">Action va d\u00e9barquer dans le centre-ville nanc\u00e9ien<\/a>. On conna\u00eet d\u00e9sormais <strong>la date d\u2019ouverture du magasin<\/strong>.<\/p>\n<p>\u00c0 lire aussi<\/p>\n<ul>\n<li>\n<img decoding=\"async\" loading=\"lazy\" src=\"https:\/\/www.europesays.com\/fr\/wp-content\/uploads\/2025\/11\/magasin-action-saint-sebastien-nancy-200x200.jpg\" alt=\"\" width=\"200\" height=\"200\"\/><\/p>\n<p><a class=\"item__content\" href=\"https:\/\/actu.fr\/grand-est\/nancy_54395\/action-debarque-au-centre-commercial-saint-sebastien-a-nancy-ca-va-ramener-un-peu-de-vie_62980885.html\" data-trk=\"{&quot;cta&quot;:{&quot;type&quot;:&quot;lien article&quot;,&quot;name&quot;:&quot;Action d\\u00e9barque au centre commercial Saint S\\u00e9bastien \\u00e0 Nancy\\u2009: \\u00ab\\u2009\\u00c7a va ramener un peu de vie\\u2009\\u00bb&quot;,&quot;category&quot;:&quot;article&quot;,&quot;action&quot;:&quot;https:\\\/\\\/actu.fr\\\/grand-est\\\/nancy_54395\\\/action-debarque-au-centre-commercial-saint-sebastien-a-nancy-ca-va-ramener-un-peu-de-vie_62980885.html&quot;,&quot;from&quot;:&quot;\\u00c0 lire aussi&quot;}}\" target=\"_blank\" rel=\"noopener\">Action d\u00e9barque au centre commercial Saint S\u00e9bastien \u00e0 Nancy\u2009: \u00ab\u2009\u00c7a va ramener un peu de vie\u2009\u00bb<\/a><\/p>\n<\/li>\n<\/ul>\n<p>Action ouvrira le 11 d\u00e9cembre 2025 \u00e0 Nancy<\/p>\n<p class=\" wall-content\">Apr\u00e8s plusieurs mois de travaux au 1er \u00e9tage du centre commercial, <strong>le magasin Action ouvrira le jeudi 11\u00a0d\u00e9cembre<\/strong>, d\u2019apr\u00e8s une information d\u2019<a href=\"https:\/\/www.ici-c-nancy.fr\/commerces-grand-nancy\/17612-nancy-action-ouvre-bientot-ses-portes-dans-la-galerie-saint-sebastien.html?fbclid=IwY2xjawOSV_5leHRuA2FlbQIxMQBicmlkETFSM3FtR05WblhjTDd5aU0yc3J0YwZhcHBfaWQQMjIyMDM5MTc4ODIwMDg5MgABHlRC2HZXi_-6ThSMW5r2NUZdnFixl97zcuz17tgzhAYB6PitMGj-S5IIZr2A_aem__36FWR1lFv1kLnujMRWLyg\" target=\"_blank\" rel=\"noopener\">ici-c-nancy.fr<\/a>, confirm\u00e9e par nos soins aupr\u00e8s du service communication de l\u2019enseigne.<\/p>\n<p class=\" wall-content\">D\u2019une surface de plus de 1\u2009000 m\u00b2, il regroupera des cellules laiss\u00e9es vides par Alice D\u00e9lice, <a href=\"https:\/\/actu.fr\/grand-est\/nancy_54395\/centre-commercial-saint-sebastien-a-nancy-ce-magasin-liquide-tout-avant-sa-fermeture_60519587.html\" target=\"_blank\" rel=\"noopener\">My Kozy Shop<\/a>, <a href=\"https:\/\/actu.fr\/grand-est\/nancy_54395\/centre-commercial-saint-sebastien-a-nancy-la-ludotheque-ferme-definitivement-samedi-avant-de-demenager_61643793.html\" target=\"_blank\" rel=\"noopener\">l\u2019ancienne ludoth\u00e8que<\/a> et la librairie Plus belles les bulles qui a d\u00e9m\u00e9nag\u00e9 dans un autre local du centre commercial.<\/p>\n<p class=\" wall-content\">Ce nouveau magasin sera ouvert <strong>du lundi au samedi de 8h30 \u00e0 20h<\/strong>.<\/p>\n<p class=\" wall-content\">Personnalisez votre actualit\u00e9 en ajoutant vos villes et m\u00e9dias en favori avec <a href=\"https:\/\/moncompte.actu.fr\" title=\"D\u00e9couvez Mon Actu\" rel=\"nofollow noopener\" data-trk=\"{&quot;cta&quot;:{&quot;action&quot;:&quot;https:\\\/\\\/moncompte.actu.fr&quot;,&quot;category&quot;:&quot;mon compte&quot;,&quot;from&quot;:&quot;article footer&quot;,&quot;name&quot;:&quot;Mon actu&quot;,&quot;type&quot;:&quot;cta&quot;}}\" target=\"_blank\">Mon Actu<\/a>.<\/p>\n<p>                    <script async src=\"https:\/\/platform.twitter.com\/widgets.js\" charset=\"utf-8\"><\/script><\/p>\n","protected":false},"excerpt":{"rendered":"Par Paul-Emile Bouchy Publi\u00e9 le 25 nov. 2025 \u00e0 11h13 Enregistrer Partager Partagez sur Facebook Partagez sur Twitter&hellip;\n","protected":false},"author":2,"featured_media":489419,"comment_status":"","ping_status":"","sticky":false,"template":"","format":"standard","meta":{"footnotes":""},"categories":[9635],"tags":[1111,11,18940,215,1777,674,1011,27,775,1702,12,3147,25,104],"class_list":{"0":"post-557619","1":"post","2":"type-post","3":"status-publish","4":"format-standard","5":"has-post-thumbnail","7":"category-nancy","8":"tag-actu","9":"tag-actualites","10":"tag-centre-commercial-saint-sebastien","11":"tag-commerce","12":"tag-eu","13":"tag-europe","14":"tag-fr","15":"tag-france","16":"tag-grand-est","17":"tag-nancy","18":"tag-news","19":"tag-nouveaux-commerces","20":"tag-republique-francaise","21":"tag-societe"},"share_on_mastodon":{"url":"https:\/\/pubeurope.com\/@fr\/115610369179790024","error":""},"_links":{"self":[{"href":"https:\/\/www.europesays.com\/fr\/wp-json\/wp\/v2\/posts\/557619","targetHints":{"allow":["GET"]}}],"collection":[{"href":"https:\/\/www.europesays.com\/fr\/wp-json\/wp\/v2\/posts"}],"about":[{"href":"https:\/\/www.europesays.com\/fr\/wp-json\/wp\/v2\/types\/post"}],"author":[{"embeddable":true,"href":"https:\/\/www.europesays.com\/fr\/wp-json\/wp\/v2\/users\/2"}],"replies":[{"embeddable":true,"href":"https:\/\/www.europesays.com\/fr\/wp-json\/wp\/v2\/comments?post=557619"}],"version-history":[{"count":0,"href":"https:\/\/www.europesays.com\/fr\/wp-json\/wp\/v2\/posts\/557619\/revisions"}],"wp:featuredmedia":[{"embeddable":true,"href":"https:\/\/www.europesays.com\/fr\/wp-json\/wp\/v2\/media\/489419"}],"wp:attachment":[{"href":"https:\/\/www.europesays.com\/fr\/wp-json\/wp\/v2\/media?parent=557619"}],"wp:term":[{"taxonomy":"category","embeddable":true,"href":"https:\/\/www.europesays.com\/fr\/wp-json\/wp\/v2\/categories?post=557619"},{"taxonomy":"post_tag","embeddable":true,"href":"https:\/\/www.europesays.com\/fr\/wp-json\/wp\/v2\/tags?post=557619"}],"curies":[{"name":"wp","href":"https:\/\/api.w.org\/{rel}","templated":true}]}}