{"id":557620,"date":"2025-11-25T12:36:17","date_gmt":"2025-11-25T12:36:17","guid":{"rendered":"https:\/\/www.europesays.com\/fr\/557620\/"},"modified":"2025-11-25T12:36:17","modified_gmt":"2025-11-25T12:36:17","slug":"nancy-la-police-cherche-des-temoins-de-laccident-qui-a-coute-la-vie-a-un-etudiant-sur-la33","status":"publish","type":"post","link":"https:\/\/www.europesays.com\/fr\/557620\/","title":{"rendered":"Nancy : La police cherche des t\u00e9moins de l\u2019accident qui a co\u00fbt\u00e9 la vie \u00e0 un \u00e9tudiant sur l&rsquo;A33"},"content":{"rendered":"<p class=\"mb-4 text-lg md:leading-8 break-words\"><strong>Enqu\u00eate &#8211; Jeudi dernier, le corps d\u2019un \u00e9tudiant en m\u00e9decine de 19 ans a \u00e9t\u00e9 d\u00e9couvert sur le bas-c\u00f4t\u00e9 de l\u2019autoroute A33, \u00e0 Nancy. La police judiciaire a lanc\u00e9 un appel \u00e0 t\u00e9moins pour tenter d\u2019\u00e9claircir les circonstances de sa mort<\/strong><\/p>\n<p class=\"mb-4 text-lg md:leading-8 break-words\">Cela fait presque une semaine qu\u2019une enqu\u00eate a \u00e9t\u00e9 ouverte apr\u00e8s la d\u00e9couverte du <a href=\"https:\/\/www.20minutes.fr\/faits_divers\/4187264-20251122-nancy-etudiant-retrouve-mort-bord-autoroute-sac-plastique-tete?at_medium=RSS%20feed&amp;at_campaign=ynews&amp;utm_source=yahoo&amp;utm_medium=rss&amp;utm_campaign=news_feed&amp;utm_content=in_article_link\" rel=\"nofollow noopener\" target=\"_blank\" data-ylk=\"slk:corps sans vie d\u2019un \u00e9tudiant en m\u00e9decine;elm:context_link;itc:0;sec:content-canvas\" class=\"link \">corps sans vie d\u2019un \u00e9tudiant en m\u00e9decine<\/a> gisant sur le bas-c\u00f4t\u00e9 de l\u2019autoroute A33, \u00e0 <a href=\"https:\/\/www.20minutes.fr\/dossier\/nancy?at_medium=RSS%20feed&amp;at_campaign=ynews&amp;utm_source=yahoo&amp;utm_medium=rss&amp;utm_campaign=news_feed&amp;utm_content=in_article_link\" rel=\"nofollow noopener\" target=\"_blank\" data-ylk=\"slk:Nancy;elm:context_link;itc:0;sec:content-canvas\" class=\"link \">Nancy<\/a>. Si la piste de l\u2019accident est privil\u00e9gi\u00e9e par les enqu\u00eateurs de la <a href=\"https:\/\/www.20minutes.fr\/dossier\/police_judiciaire?at_medium=RSS%20feed&amp;at_campaign=ynews&amp;utm_source=yahoo&amp;utm_medium=rss&amp;utm_campaign=news_feed&amp;utm_content=in_article_link\" rel=\"nofollow noopener\" target=\"_blank\" data-ylk=\"slk:police judiciaire;elm:context_link;itc:0;sec:content-canvas\" class=\"link \">police judiciaire<\/a>, ces derniers n\u2019ont pas encore pu d\u00e9terminer les circonstances du drame.<\/p>\n<p class=\"mb-4 text-lg md:leading-8 break-words\">On sait que le jeune homme, \u00e2g\u00e9 de 19 ans, revenait \u00e0 pied d\u2019une soir\u00e9e \u00e9tudiante. Le parquet de Nancy a expliqu\u00e9 que son corps a \u00e9t\u00e9 retrouv\u00e9, jeudi matin, pr\u00e8s de la sortie Brabois de l\u2019autoroute A33 menant au centre hospitalier. On sait aussi que la victime habitait non loin de l\u00e0. Le parquet a ensuite pr\u00e9cis\u00e9 qu\u2019un sac en plastique recouvrait la t\u00eate du jeune homme, mais sans lien emp\u00eachant de le retirer. Un sac \u00ab\u00a0tel que ceux donn\u00e9s dans la navette affr\u00e9t\u00e9e pour la soir\u00e9e et qu\u2019il avait emprunt\u00e9e\u00a0\u00bb selon Clara Ziegler, la procureure de la R\u00e9publique adjointe de Nancy.<\/p>\n<p>Le jeune homme a \u00e9t\u00e9 percut\u00e9 par une voiture<\/p>\n<p class=\"mb-4 text-lg md:leading-8 break-words\">Les premi\u00e8res constatations du m\u00e9decin l\u00e9giste d\u00e9p\u00each\u00e9 sur place mentionnaient la \u00ab\u00a0possibilit\u00e9 d\u2019un impact avec un v\u00e9hicule\u00a0\u00bb. Selon la DIPN 54, l\u2019\u00e9tudiant a bien \u00ab\u00a0\u00e9t\u00e9 percut\u00e9 par un v\u00e9hicule\u00a0\u00bb. En revanche, les circonstances ayant men\u00e9 \u00e0 l\u2019accident demeuraient incertaines. On ignore encore ce que la victime faisait \u00e0 pied \u00e0 cet endroit et le v\u00e9hicule impliqu\u00e9 n\u2019a pas \u00e9t\u00e9 identifi\u00e9.<\/p>\n<p><a href=\"https:\/\/www.20minutes.fr\/faits_divers\/\" rel=\"nofollow noopener\" target=\"_blank\" data-ylk=\"slk:Notre dossier sur les faits divers;elm:context_link;itc:0;sec:content-canvas\" class=\"link \">Notre dossier sur les faits divers<\/a><\/p>\n<p class=\"mb-4 text-lg md:leading-8 break-words\">Pour t\u00e2cher de retracer le parcours du jeune homme jusqu\u2019\u00e0 l\u2019accident mortel, la police judiciaire, avec l\u2019accord du parquet, a lanc\u00e9 un appel \u00e0 t\u00e9mo(&#8230;)<\/p>\n<p class=\"mb-4 text-lg md:leading-8 break-words\"><a href=\"https:\/\/www.20minutes.fr\/faits_divers\/4187761-20251125-nancy-police-cherche-temoins-accident-coute-vie-etudiant-a33?at_medium=RSS%20feed&amp;at_campaign=ynews&amp;utm_source=yahoo&amp;utm_medium=rss&amp;utm_campaign=news_feed&amp;utm_content=read_more_link&quot;\" rel=\"nofollow noopener\" target=\"_blank\" data-ylk=\"slk:Lire la suite sur 20minutes;elm:context_link;itc:0;sec:content-canvas\" class=\"link \">Lire la suite sur 20minutes<\/a><\/p>\n<p>\u00c0 lire aussi :<br \/><a href=\"https:\/\/www.20minutes.fr\/faits_divers\/4187264-20251122-nancy-etudiant-retrouve-mort-bord-autoroute-sac-plastique-tete?at_medium=RSS%20feed&amp;at_campaign=ynews&amp;utm_source=yahoo&amp;utm_medium=rss&amp;utm_campaign=news_feed&amp;utm_content=related_content_link\" rel=\"nofollow noopener\" target=\"_blank\" data-ylk=\"slk:Nancy\u00a0: Un \u00e9tudiant retrouv\u00e9 mort au bord d\u2019une autoroute avec un sac plastique sur la t\u00eate;elm:context_link;itc:0;sec:content-canvas\" class=\"link \">Nancy\u00a0: Un \u00e9tudiant retrouv\u00e9 mort au bord d\u2019une autoroute avec un sac plastique sur la t\u00eate<\/a><br \/><a href=\"https:\/\/www.20minutes.fr\/faits_divers\/4176400-20251001-toulouse-soiree-integration-derape-bizutage-trois-etudiants-medecine-hospitalises?at_medium=RSS%20feed&amp;at_campaign=ynews&amp;utm_source=yahoo&amp;utm_medium=rss&amp;utm_campaign=news_feed&amp;utm_content=related_content_link\" rel=\"nofollow noopener\" target=\"_blank\" data-ylk=\"slk:Toulouse\u00a0: La soir\u00e9e d\u2019int\u00e9gration d\u00e9rape en bizutage, trois \u00e9tudiants en m\u00e9decine hospitalis\u00e9s;elm:context_link;itc:0;sec:content-canvas\" class=\"link \">Toulouse\u00a0: La soir\u00e9e d\u2019int\u00e9gration d\u00e9rape en bizutage, trois \u00e9tudiants en m\u00e9decine hospitalis\u00e9s<\/a><\/p>\n","protected":false},"excerpt":{"rendered":"Enqu\u00eate &#8211; Jeudi dernier, le corps d\u2019un \u00e9tudiant en m\u00e9decine de 19 ans a \u00e9t\u00e9 d\u00e9couvert sur le&hellip;\n","protected":false},"author":2,"featured_media":557621,"comment_status":"","ping_status":"","sticky":false,"template":"","format":"standard","meta":{"footnotes":""},"categories":[9635],"tags":[1111,11,4081,1777,674,1011,27,775,1702,12,11855,25],"class_list":{"0":"post-557620","1":"post","2":"type-post","3":"status-publish","4":"format-standard","5":"has-post-thumbnail","7":"category-nancy","8":"tag-actu","9":"tag-actualites","10":"tag-etudiant","11":"tag-eu","12":"tag-europe","13":"tag-fr","14":"tag-france","15":"tag-grand-est","16":"tag-nancy","17":"tag-news","18":"tag-police-judiciaire","19":"tag-republique-francaise"},"share_on_mastodon":{"url":"https:\/\/pubeurope.com\/@fr\/115610372242537361","error":""},"_links":{"self":[{"href":"https:\/\/www.europesays.com\/fr\/wp-json\/wp\/v2\/posts\/557620","targetHints":{"allow":["GET"]}}],"collection":[{"href":"https:\/\/www.europesays.com\/fr\/wp-json\/wp\/v2\/posts"}],"about":[{"href":"https:\/\/www.europesays.com\/fr\/wp-json\/wp\/v2\/types\/post"}],"author":[{"embeddable":true,"href":"https:\/\/www.europesays.com\/fr\/wp-json\/wp\/v2\/users\/2"}],"replies":[{"embeddable":true,"href":"https:\/\/www.europesays.com\/fr\/wp-json\/wp\/v2\/comments?post=557620"}],"version-history":[{"count":0,"href":"https:\/\/www.europesays.com\/fr\/wp-json\/wp\/v2\/posts\/557620\/revisions"}],"wp:featuredmedia":[{"embeddable":true,"href":"https:\/\/www.europesays.com\/fr\/wp-json\/wp\/v2\/media\/557621"}],"wp:attachment":[{"href":"https:\/\/www.europesays.com\/fr\/wp-json\/wp\/v2\/media?parent=557620"}],"wp:term":[{"taxonomy":"category","embeddable":true,"href":"https:\/\/www.europesays.com\/fr\/wp-json\/wp\/v2\/categories?post=557620"},{"taxonomy":"post_tag","embeddable":true,"href":"https:\/\/www.europesays.com\/fr\/wp-json\/wp\/v2\/tags?post=557620"}],"curies":[{"name":"wp","href":"https:\/\/api.w.org\/{rel}","templated":true}]}}