{"id":557628,"date":"2025-11-25T12:40:13","date_gmt":"2025-11-25T12:40:13","guid":{"rendered":"https:\/\/www.europesays.com\/fr\/557628\/"},"modified":"2025-11-25T12:40:13","modified_gmt":"2025-11-25T12:40:13","slug":"le-groupe-identitaire-les-jeunes-doc-revendique-le-maire-porte-plainte","status":"publish","type":"post","link":"https:\/\/www.europesays.com\/fr\/557628\/","title":{"rendered":"le groupe identitaire les Jeunes d&rsquo;Oc revendique, le maire porte plainte"},"content":{"rendered":"<p>                    Par<br \/>\n        <strong><br \/>\n            <a href=\"https:\/\/actu.fr\/auteur\/jm-aubert\" title=\"Consulter tous les articles de Jean-Marc Aubert\" target=\"_blank\" rel=\"noopener\">Jean-Marc Aubert<\/a><br \/>\n                    <\/strong><\/p>\n<p>        Publi\u00e9 le<\/p>\n<p>            25 nov. 2025 \u00e0 13h17        <\/p>\n<p>Le maire (et pr\u00e9sident de la M\u00e9tropole) de Montpellier,<strong> Micha\u00ebl Delafosse<\/strong> a annonc\u00e9 ce mardi 25 novembre 2025 avoir d\u00e9pos\u00e9 plainte apr\u00e8s des <strong>actes de vandalisme<\/strong> commis le week-end dernier et revendiqu\u00e9s sur les r\u00e9seaux sociaux par le groupe identitaire<strong> les Jeunes d\u2019Oc<\/strong>. Une enqu\u00eate ouverte au <strong>Service local de police judiciaire<\/strong> -Slpj- de Montpellier est supervis\u00e9e par le procureur de la R\u00e9publique.<\/p>\n<p class=\" wall-content\">\n<p class=\" wall-content\">Plusieurs <strong>drapeaux arc-en-ciel LGBT\u00a0<\/strong>peints sur des art\u00e8res de la ville, notamment sur le site de la gare SNCF de Sud de France, \u00e0 la Mog\u00e8re ont \u00e9t\u00e9 vandalis\u00e9s volontairement. Ces couleurs du rainbow flag ont \u00e9t\u00e9 macul\u00e9es de noir, dans le quartier des Arceaux, notamment rue Subleyras, sous les Jardins du Peyrou.<\/p>\n<p class=\" wall-content\">\u00c0 la Mog\u00e8re, c\u2019est le grand drapeau flottant sur le parvis de la gare TGV qui a \u00e9t\u00e9 impact\u00e9 avec l\u2019inscription Stop Woke. Les militants des Jeunes d\u2019Oc ont diffus\u00e9 une vid\u00e9o de ces actions concert\u00e9es sur les r\u00e9seaux sociaux.<\/p>\n<p class=\" wall-content\">\n<p class=\" wall-content\">D\u00e8s ce lundi 24 novembre, Micha\u00ebl Delafosse a d\u00e9nonc\u00e9 les actes de vandalisme de ce groupuscule d\u2019extr\u00eame-droite, assurant que \u00ab\u00a0leur intol\u00e9rance et leur haine doivent trouver une totale fermet\u00e9\u00a0\u00bb. La plainte vise le d\u00e9lit p\u00e9nal de d\u00e9gradation de biens communs. La communaut\u00e9 LGBT+ et des associations, en \u00e9moi, condamnent fermement ces actes de vandalisme et attendent les r\u00e9sultats rapides de l\u2019enqu\u00eate judiciaire.<\/p>\n<p class=\" wall-content\">Personnalisez votre actualit\u00e9 en ajoutant vos villes et m\u00e9dias en favori avec <a href=\"https:\/\/moncompte.actu.fr\" title=\"D\u00e9couvez Mon Actu\" rel=\"nofollow noopener\" data-trk=\"{&quot;cta&quot;:{&quot;action&quot;:&quot;https:\\\/\\\/moncompte.actu.fr&quot;,&quot;category&quot;:&quot;mon compte&quot;,&quot;from&quot;:&quot;article footer&quot;,&quot;name&quot;:&quot;Mon actu&quot;,&quot;type&quot;:&quot;cta&quot;}}\" target=\"_blank\">Mon Actu<\/a>.<\/p>\n","protected":false},"excerpt":{"rendered":"Par Jean-Marc Aubert Publi\u00e9 le 25 nov. 2025 \u00e0 13h17 Le maire (et pr\u00e9sident de la M\u00e9tropole) de&hellip;\n","protected":false},"author":2,"featured_media":557629,"comment_status":"","ping_status":"","sticky":false,"template":"","format":"standard","meta":{"footnotes":""},"categories":[9599],"tags":[1111,11,1777,674,118,1011,27,9087,2208,12,2680,1072,25],"class_list":{"0":"post-557628","1":"post","2":"type-post","3":"status-publish","4":"format-standard","5":"has-post-thumbnail","7":"category-montpellier","8":"tag-actu","9":"tag-actualites","10":"tag-eu","11":"tag-europe","12":"tag-faits-divers","13":"tag-fr","14":"tag-france","15":"tag-lgbt","16":"tag-montpellier","17":"tag-news","18":"tag-occitanie","19":"tag-police","20":"tag-republique-francaise"},"share_on_mastodon":{"url":"https:\/\/pubeurope.com\/@fr\/115610388204433451","error":""},"_links":{"self":[{"href":"https:\/\/www.europesays.com\/fr\/wp-json\/wp\/v2\/posts\/557628","targetHints":{"allow":["GET"]}}],"collection":[{"href":"https:\/\/www.europesays.com\/fr\/wp-json\/wp\/v2\/posts"}],"about":[{"href":"https:\/\/www.europesays.com\/fr\/wp-json\/wp\/v2\/types\/post"}],"author":[{"embeddable":true,"href":"https:\/\/www.europesays.com\/fr\/wp-json\/wp\/v2\/users\/2"}],"replies":[{"embeddable":true,"href":"https:\/\/www.europesays.com\/fr\/wp-json\/wp\/v2\/comments?post=557628"}],"version-history":[{"count":0,"href":"https:\/\/www.europesays.com\/fr\/wp-json\/wp\/v2\/posts\/557628\/revisions"}],"wp:featuredmedia":[{"embeddable":true,"href":"https:\/\/www.europesays.com\/fr\/wp-json\/wp\/v2\/media\/557629"}],"wp:attachment":[{"href":"https:\/\/www.europesays.com\/fr\/wp-json\/wp\/v2\/media?parent=557628"}],"wp:term":[{"taxonomy":"category","embeddable":true,"href":"https:\/\/www.europesays.com\/fr\/wp-json\/wp\/v2\/categories?post=557628"},{"taxonomy":"post_tag","embeddable":true,"href":"https:\/\/www.europesays.com\/fr\/wp-json\/wp\/v2\/tags?post=557628"}],"curies":[{"name":"wp","href":"https:\/\/api.w.org\/{rel}","templated":true}]}}