{"id":557630,"date":"2025-11-25T12:41:12","date_gmt":"2025-11-25T12:41:12","guid":{"rendered":"https:\/\/www.europesays.com\/fr\/557630\/"},"modified":"2025-11-25T12:41:12","modified_gmt":"2025-11-25T12:41:12","slug":"en-seine-maritime-les-femmes-sont-davantage-victimes-de-violences-quailleurs-en-normandie-pourquoi","status":"publish","type":"post","link":"https:\/\/www.europesays.com\/fr\/557630\/","title":{"rendered":"En Seine-Maritime, les femmes sont davantage victimes de violences qu&rsquo;ailleurs en Normandie : pourquoi\u00a0?"},"content":{"rendered":"<p>                    Par<br \/>\n        <strong><br \/>\n            <a href=\"https:\/\/actu.fr\/auteur\/eaube\" title=\"Consulter tous les articles de Elo\u00efse Aub\u00e9\" target=\"_blank\" rel=\"noopener\">Elo\u00efse Aub\u00e9<\/a><br \/>\n                    <\/strong><\/p>\n<p>        Publi\u00e9 le<\/p>\n<p>            25 nov. 2025 \u00e0 8h14        <\/p>\n<p>Ce 25\u00a0novembre 2025 marque la journ\u00e9e internationale <strong>pour l\u2019\u00e9limination de la violence \u00e0 l\u2019\u00e9gard des femmes<\/strong>. Une journ\u00e9e (seulement) par an alors que les violences, elles, sont toutes l\u2019ann\u00e9e. Selon les chiffres livr\u00e9s par le minist\u00e8re de l\u2019Int\u00e9rieur, il y a eu en 2024, 272\u2009400 victimes de violences commises par leur partenaire ou ex-partenaire enregistr\u00e9es, un niveau quasi stable par rapport \u00e0 2023 (+0,4 %). Qu\u2019en est-il en <a href=\"https:\/\/actu.fr\/76actu\/\" target=\"_blank\" rel=\"noopener\">Seine-Maritime<\/a>\u2009? Pourquoi le d\u00e9partement fait \u00e9tat <strong>de davantage de violences qu\u2019ailleurs en Normandie\u2009?<\/strong><\/p>\n<p>Que disent les chiffres\u2009?<\/p>\n<p class=\" wall-content\">En 2024, <strong>4\u2009039 faits de coups et blessures volontaires intrafamiliaux<\/strong> ont \u00e9t\u00e9 enregistr\u00e9s en Seine-Maritime par les forces de l\u2019ordre. \u00ab\u2009Cela repr\u00e9sente une augmentation de 3,5\u2009% par rapport \u00e0 l\u2019ann\u00e9e pr\u00e9c\u00e9dente (2023). En moyenne, le nombre de ces faits enregistr\u00e9s par les forces de l\u2019ordre a augment\u00e9 de 15\u2009% environ depuis 2023\u2009\u00bb, indique le d\u00e9partement de Seine-Maritime.<\/p>\n<p class=\" wall-content\">Et en France, en 2024, la Seine-Maritime figure dans les d\u00e9partements de France o\u00f9 l<strong>es violences envers les femmes sont les plus r\u00e9currentes<\/strong>.<\/p>\n<p>    <a href=\"https:\/\/datawrapper.dwcdn.net\/A1n6J\/2\/\" title=\"Ouvrie le lien\" target=\"_blank\" rel=\"noopener\">Cliquez ici pour visualiser le contenu<\/a><\/p>\n<p class=\" wall-content\">\u00c0 titre de comparaison, l\u2019Eure se range \u00e0 10,1 de femmes victimes de violences pour 1000 habitants en 2024, contre 13,1 pour la Seine-Maritime.<\/p>\n<p class=\" wall-content\">Mais alors pourquoi\u2009? Si aucune hypoth\u00e8se unique n\u2019est av\u00e9r\u00e9e pour expliquer cette diff\u00e9rence de chiffre, plusieurs hypoth\u00e8ses sont \u00e9mises comme l\u2019explique le d\u00e9partement\u2009: \u00ab\u2009Cela pourrait \u00eatre d\u00fb \u00e0 <strong>une plus grande fr\u00e9quence des faits<\/strong> et\/ou un meilleur rep\u00e9rage et une meilleure prise en charge par les forces de l\u2019ordre\u2009\u00bb.<\/p>\n<p class=\" wall-content\">Autre supposition\u2009: les chiffres de la population, plus \u00e9lev\u00e9s en Seine-Maritime qu\u2019ailleurs dans la r\u00e9gion. On comptabilise en effet <strong>1\u2009260\u2009000\u00a0habitants dans le d\u00e9partement<\/strong> (selon les derniers chiffres de l\u2019Insee publi\u00e9s en janvier 2025), contre 601\u2009900 dans l\u2019Eure et 711\u2009000 dans le Calvados.<\/p>\n<p>Votre r\u00e9gion, votre actu !<\/p>\n<p>Recevez chaque jour les infos qui comptent pour vous.<\/p>\n<p>\t<a href=\"https:\/\/actu.fr\/newsletter\" class=\"ac-btn ac-btn--corner ac-btn--medium ac-btn--blue800\" target=\"_blank\" rel=\"noopener\">S&rsquo;incrire<\/a><br \/>\nC&rsquo;est quoi les violences faites aux femmes ? <\/p>\n<p>En 1993, l&rsquo;ONU a adopt\u00e9 la D\u00e9claration sur l\u2019\u00e9limination de la violence \u00e0 l\u2019\u00e9gard des femmes. Elle d\u00e9finit la violence \u00e0 l\u2019\u00e9gard des femmes comme tous les \u00ab\u00a0actes de violence dirig\u00e9s contre le sexe f\u00e9minin, et causant ou pouvant causer aux femmes un pr\u00e9judice ou des souffrances physiques, sexuelles ou psychologiques, y compris la menace de tels actes, la contrainte ou la privation arbitraire de libert\u00e9, que ce soit dans la vie publique ou dans la vie priv\u00e9e \u00bb. Il peut donc s&rsquo;agir :<br \/>&#8211; de violences domestiques (coups, violences psychologiques, viol conjugal, f\u00e9minicide) ;<br \/>&#8211; d&rsquo;harc\u00e8lement ou agression sexuelle (viol, avances sexuelles non d\u00e9sir\u00e9es, harc\u00e8lement dans la rue, cyberharc\u00e8lement) ;<br \/>&#8211; de mariage pr\u00e9coce et forc\u00e9  ;<br \/>&#8211; de mutilation g\u00e9nitale f\u00e9minine ;<br \/>&#8211; de trafic d\u2019\u00eatres humains (esclavage, exploitation sexuelle).<\/p>\n<p class=\" wall-content\">\u00c0 noter qu\u2019au\u00a0Havre, il est possible de d\u00e9poser une plainte pour violences directement depuis <a href=\"https:\/\/actu.fr\/normandie\/le-havre_76351\/deposer-plainte-a-l-hopital-la-maison-des-femmes-du-havre-accompagne-les-victimes-de-violences-intrafamilial_62732165.html\" target=\"_blank\" rel=\"noopener\">l\u2019enceinte de l\u2019h\u00f4pital.<\/a><\/p>\n<p>Et en 2025\u2009?<\/p>\n<p class=\" wall-content\">Si 2025 n\u2019est pas encore totalement termin\u00e9e, \u00ab\u2009la gendarmerie constate <strong>une augmentation des interventions<\/strong> pour violences intrafamiliales sur le territoire Seinomarin en zone gendarmerie, augmentation qui est bien plus marqu\u00e9e pour les interventions de nuit\u2009\u00bb d\u00e9taille le d\u00e9partement. Avec un point mis sur la hausse du nombre d\u2019enregistrement des violences sexuelles au sein du couple sur l\u2019ensemble du D\u00e9partement.<\/p>\n<p class=\" wall-content\">Autre fait marquant\u2009:<strong> l\u2019augmentation du nombre de victimes mineures<\/strong>, tr\u00e8s souvent au sein d\u2019un jeune couple, ainsi que des victimes \u00e2g\u00e9es de plus de 80\u00a0ans avec des troubles neurod\u00e9g\u00e9n\u00e9ratifs.<\/p>\n<p class=\" wall-content\">D\u2019apr\u00e8s l\u2019OMS (Organisation Mondiale de la Sant\u00e9) dans un rapport en date du 19\u00a0novembre 2025, pr\u00e8s d\u2019une femme sur trois dans le monde, a subi des violences conjugales ou sexuelles dans sa vie.<\/p>\n<p class=\" wall-content\">Si vous \u00eates victimes de violences, il est possible de recevoir de l\u2019aide en appelant le 3919 (num\u00e9ro anonyme et gratuit, disponible tous les jours de 9h \u00e0 21h) et pour effectuer un signalement en ligne, rendez-vous sur la plateforme\u00a0arretonslesviolences.gouv.fr (disponible tous les jours).<\/p>\n<p>Suivez l\u2019actualit\u00e9 de <a href=\"https:\/\/www.whatsapp.com\/channel\/0029VaKfnf99hXF2ddApFB1D\" target=\"_blank\" rel=\"noopener\">Rouen<\/a> et du\u00a0<a href=\"https:\/\/www.whatsapp.com\/channel\/0029VaFqJYE8aKvLBwVrEe0o\" target=\"_blank\" rel=\"noopener\">Havre<\/a> sur notre cha\u00eene WhatsApp et sur notre compte <a href=\"https:\/\/www.tiktok.com\/@76actu.fr?lang=fr\" target=\"_blank\" rel=\"noopener\">TikTok<\/a><\/p>\n<p class=\" wall-content\">Personnalisez votre actualit\u00e9 en ajoutant vos villes et m\u00e9dias en favori avec <a href=\"https:\/\/moncompte.actu.fr\" title=\"D\u00e9couvez Mon Actu\" rel=\"nofollow noopener\" data-trk=\"{&quot;cta&quot;:{&quot;action&quot;:&quot;https:\\\/\\\/moncompte.actu.fr&quot;,&quot;category&quot;:&quot;mon compte&quot;,&quot;from&quot;:&quot;article footer&quot;,&quot;name&quot;:&quot;Mon actu&quot;,&quot;type&quot;:&quot;cta&quot;}}\" target=\"_blank\">Mon Actu<\/a>.<\/p>\n<p>                    <script async src=\"\/\/www.tiktok.com\/embed.js\"><\/script><\/p>\n","protected":false},"excerpt":{"rendered":"Par Elo\u00efse Aub\u00e9 Publi\u00e9 le 25 nov. 2025 \u00e0 8h14 Ce 25\u00a0novembre 2025 marque la journ\u00e9e internationale pour&hellip;\n","protected":false},"author":2,"featured_media":557631,"comment_status":"","ping_status":"","sticky":false,"template":"","format":"standard","meta":{"footnotes":""},"categories":[9587],"tags":[1111,11,1777,674,1011,27,12,5161,25,9590,104,798,799],"class_list":{"0":"post-557630","1":"post","2":"type-post","3":"status-publish","4":"format-standard","5":"has-post-thumbnail","7":"category-rouen","8":"tag-actu","9":"tag-actualites","10":"tag-eu","11":"tag-europe","12":"tag-fr","13":"tag-france","14":"tag-news","15":"tag-normandie","16":"tag-republique-francaise","17":"tag-rouen","18":"tag-societe","19":"tag-violences-conjugales","20":"tag-violences-sexuelles"},"share_on_mastodon":{"url":"https:\/\/pubeurope.com\/@fr\/115610392041900807","error":""},"_links":{"self":[{"href":"https:\/\/www.europesays.com\/fr\/wp-json\/wp\/v2\/posts\/557630","targetHints":{"allow":["GET"]}}],"collection":[{"href":"https:\/\/www.europesays.com\/fr\/wp-json\/wp\/v2\/posts"}],"about":[{"href":"https:\/\/www.europesays.com\/fr\/wp-json\/wp\/v2\/types\/post"}],"author":[{"embeddable":true,"href":"https:\/\/www.europesays.com\/fr\/wp-json\/wp\/v2\/users\/2"}],"replies":[{"embeddable":true,"href":"https:\/\/www.europesays.com\/fr\/wp-json\/wp\/v2\/comments?post=557630"}],"version-history":[{"count":0,"href":"https:\/\/www.europesays.com\/fr\/wp-json\/wp\/v2\/posts\/557630\/revisions"}],"wp:featuredmedia":[{"embeddable":true,"href":"https:\/\/www.europesays.com\/fr\/wp-json\/wp\/v2\/media\/557631"}],"wp:attachment":[{"href":"https:\/\/www.europesays.com\/fr\/wp-json\/wp\/v2\/media?parent=557630"}],"wp:term":[{"taxonomy":"category","embeddable":true,"href":"https:\/\/www.europesays.com\/fr\/wp-json\/wp\/v2\/categories?post=557630"},{"taxonomy":"post_tag","embeddable":true,"href":"https:\/\/www.europesays.com\/fr\/wp-json\/wp\/v2\/tags?post=557630"}],"curies":[{"name":"wp","href":"https:\/\/api.w.org\/{rel}","templated":true}]}}