{"id":557632,"date":"2025-11-25T12:42:19","date_gmt":"2025-11-25T12:42:19","guid":{"rendered":"https:\/\/www.europesays.com\/fr\/557632\/"},"modified":"2025-11-25T12:42:19","modified_gmt":"2025-11-25T12:42:19","slug":"un-homme-interpelle-et-condamne","status":"publish","type":"post","link":"https:\/\/www.europesays.com\/fr\/557632\/","title":{"rendered":"un homme interpell\u00e9 et condamn\u00e9"},"content":{"rendered":"<p class=\"article__intro\">Le 19 novembre 2025, t\u00f4t le matin, la police a interpell\u00e9 un homme pour trafic de stup\u00e9fiants. Il vendait de la coca\u00efne et de l&rsquo;h\u00e9ro\u00efne au niveau de la place Saint-Marc, en plein centre-ville de Rouen. Jug\u00e9 en comparution imm\u00e9diate, il a \u00e9t\u00e9 condamn\u00e9 \u00e0 18 mois de prison, dont neuf fermes.<\/p>\n<p>\n      La Quotidienne Soci\u00e9t\u00e9\n    <\/p>\n<p>\n      De la vie quotidienne aux grands enjeux, recevez tous les jours les sujets qui font la soci\u00e9t\u00e9 locale, comme la justice, l\u2019\u00e9ducation, la sant\u00e9 et la famille.\n    <\/p>\n<p>    France T\u00e9l\u00e9visions utilise votre adresse e-mail afin de vous envoyer la newsletter \u00ab\u00a0La Quotidienne Soci\u00e9t\u00e9\u00a0\u00bb. Vous pouvez vous d\u00e9sinscrire \u00e0 tout moment via le lien en bas de cette newsletter. <a target=\"_blank\" href=\"https:\/\/www.francetelevisions.fr\/groupe\/confidentialite\/politique-de-confidentialite\/politique-de-confidentialite-de-france-televisions-6503\" rel=\"noopener\">Notre politique de confidentialit\u00e9<\/a><\/p>\n<p>Il avait fini par se faire remarquer. Mercredi 19 novembre 2025, \u00e0 6h du matin, les enqu\u00eateurs de la SIPJ (division de la criminalit\u00e9 territoriale) ont proc\u00e9d\u00e9 \u00e0 l&rsquo;interpellation d&rsquo;un homme pour trafic de stup\u00e9fiants.<\/p>\n<p>Celui-ci avait pour habitude de vendre de la coca\u00efne et de l&rsquo;h\u00e9ro\u00efne au niveau de la place Saint-Marc, \u00e0 Rouen, indique une source polici\u00e8re.<\/p>\n<\/p>\n<p>L&rsquo;individu a \u00e9t\u00e9 interpell\u00e9 rue Marie-Curie, \u00e0 Rouen, \u00e0 l&rsquo;issue de plusieurs jours de surveillance. La perquisition de son domicile a permis aux enqu\u00eateurs de retrouver 40 grammes de coca\u00efne.<\/p>\n<p>N\u00e9 en 1990, le Rouennais est connu d\u00e9favorablement des services de police, notamment pour \u00ab\u00a0conduite sans permis\u00a0\u00bb, indique cette m\u00eame source.<\/p>\n<p>L&rsquo;homme a \u00e9t\u00e9 d\u00e9f\u00e9r\u00e9 le 21 novembre et jug\u00e9 en comparution imm\u00e9diate pour \u00ab\u00a0trafic de stup\u00e9fiants\u00a0\u00bb. Il a finalement \u00e9t\u00e9 condamn\u00e9 \u00e0 18 mois de prison, dont neuf fermes.<\/p>\n","protected":false},"excerpt":{"rendered":"Le 19 novembre 2025, t\u00f4t le matin, la police a interpell\u00e9 un homme pour trafic de stup\u00e9fiants. Il&hellip;\n","protected":false},"author":2,"featured_media":557633,"comment_status":"","ping_status":"","sticky":false,"template":"","format":"standard","meta":{"footnotes":""},"categories":[9587],"tags":[1111,11,1777,674,1011,27,12,5161,25,9590],"class_list":{"0":"post-557632","1":"post","2":"type-post","3":"status-publish","4":"format-standard","5":"has-post-thumbnail","7":"category-rouen","8":"tag-actu","9":"tag-actualites","10":"tag-eu","11":"tag-europe","12":"tag-fr","13":"tag-france","14":"tag-news","15":"tag-normandie","16":"tag-republique-francaise","17":"tag-rouen"},"share_on_mastodon":{"url":"https:\/\/pubeurope.com\/@fr\/115610396075953753","error":""},"_links":{"self":[{"href":"https:\/\/www.europesays.com\/fr\/wp-json\/wp\/v2\/posts\/557632","targetHints":{"allow":["GET"]}}],"collection":[{"href":"https:\/\/www.europesays.com\/fr\/wp-json\/wp\/v2\/posts"}],"about":[{"href":"https:\/\/www.europesays.com\/fr\/wp-json\/wp\/v2\/types\/post"}],"author":[{"embeddable":true,"href":"https:\/\/www.europesays.com\/fr\/wp-json\/wp\/v2\/users\/2"}],"replies":[{"embeddable":true,"href":"https:\/\/www.europesays.com\/fr\/wp-json\/wp\/v2\/comments?post=557632"}],"version-history":[{"count":0,"href":"https:\/\/www.europesays.com\/fr\/wp-json\/wp\/v2\/posts\/557632\/revisions"}],"wp:featuredmedia":[{"embeddable":true,"href":"https:\/\/www.europesays.com\/fr\/wp-json\/wp\/v2\/media\/557633"}],"wp:attachment":[{"href":"https:\/\/www.europesays.com\/fr\/wp-json\/wp\/v2\/media?parent=557632"}],"wp:term":[{"taxonomy":"category","embeddable":true,"href":"https:\/\/www.europesays.com\/fr\/wp-json\/wp\/v2\/categories?post=557632"},{"taxonomy":"post_tag","embeddable":true,"href":"https:\/\/www.europesays.com\/fr\/wp-json\/wp\/v2\/tags?post=557632"}],"curies":[{"name":"wp","href":"https:\/\/api.w.org\/{rel}","templated":true}]}}