{"id":557636,"date":"2025-11-25T12:44:20","date_gmt":"2025-11-25T12:44:20","guid":{"rendered":"https:\/\/www.europesays.com\/fr\/557636\/"},"modified":"2025-11-25T12:44:20","modified_gmt":"2025-11-25T12:44:20","slug":"en-promettant-de-ne-pas-faire-la-chasse-aux-dealers-allan-brunon-lfi-fait-polemique","status":"publish","type":"post","link":"https:\/\/www.europesays.com\/fr\/557636\/","title":{"rendered":"en promettant de \u00ab\u00a0ne pas faire la chasse aux dealers\u00a0\u00bb, Allan Brunon (LFI) fait pol\u00e9mique"},"content":{"rendered":"<p itemprop=\"description\"><strong>Alors que ce week-end \u00e9tait l&rsquo;occasion pour la France enti\u00e8re de d\u00e9noncer le narcotrafic \u00e0 travers la mobilisation suite \u00e0 l&rsquo;assassinat du fr\u00e8re d&rsquo;Amine Kessaci, l&rsquo;interview d&rsquo;<a href=\"https:\/\/www.grenoblemag.com\/profil-personnalite-lyonnaise\/16\/allan-brunon\" target=\"_blank\" rel=\"noopener\">Allan Brunon<\/a> nageait \u00e0 contre-courant.<\/strong><\/p>\n<p>A nos confr\u00e8res d&rsquo;<a href=\"https:\/\/actu.fr\/auvergne-rhone-alpes\/grenoble_38185\/municipales-a-grenoble-allan-brunon-candidat-lfi-on-ne-fera-pas-la-chasse-aux-dealers_63459101.html\" target=\"_blank\" rel=\"noopener\">Actu Grenoble<\/a>, le candidat LFI aux \u00e9lections municipales d\u00e9clarait qu&rsquo;en cas de victoire en mars prochain, son \u00ab\u00a0\u00e9quipe n&rsquo;aura pas vocation \u00e0 faire la chasse aux dealers\u00a0\u00bb.<\/p>\n<p>Allan Brunon fustigeait aussi la vid\u00e9oprotection qui \u00ab\u00a0ne fonctionne pas\u00a0\u00bb contre le trafic de drogue et promettait de ne pas armer la police municipale grenobloise car \u00ab\u00a0plus d&rsquo;armes est \u00e9gal \u00e0 plus de drames\u00a0\u00bb.<\/p>\n<p>Face au toll\u00e9 provoqu\u00e9 \u00e0 droite et sur les r\u00e9seaux sociaux, le jeune candidat insoumis est rest\u00e9 camp\u00e9 sur sa position : \u00ab\u00a0\u00c0 Grenoble, nous pensons \u00e0 soulager la souffrance du peuple et \u00e0 l\u2019avenir de nos enfants, difficile \u00e0 comprendre pour vous, monsieur, le condamn\u00e9 pour corruption de mineur et adepte des propositions inutiles. La police municipale ne fera pas le travail de la police nationale\u00a0\u00bb.<\/p>\n<blockquote class=\"twitter-tweet\"><p>&#13;<\/p>\n<p dir=\"ltr\" lang=\"fr\">\u00c0 Grenoble, nous pensons \u00e0 soulager la souffrance du peuple et \u00e0 l\u2019avenir de nos enfants, difficile \u00e0 comprendre pour vous, monsieur, le condamn\u00e9 pour corruption de mineur et adepte des propositions inutiles.<\/p>\n<p>La police municipale ne fera pas le travail de la police nationale. <a href=\"https:\/\/t.co\/6wugrkIxhK\">pic.twitter.com\/6wugrkIxhK<\/a><\/p>\n<p>&#13;<br \/>\n\u2014 Allan Brunon (@allanbrunon) <a href=\"https:\/\/twitter.com\/allanbrunon\/status\/1992914198628851899?ref_src=twsrc%5Etfw\" target=\"_blank\" rel=\"noopener\">November 24, 2025<\/a><\/p><\/blockquote>\n<p>Le discours d&rsquo;Allan Brunon s\u00e9duira-t-il les Grenoblois, qui font face \u00e0 des fusillades li\u00e9es au trafic de drogue quasi-hebdomadaires ?<\/p>\n<p>\t\t  <script async src=\"https:\/\/platform.twitter.com\/widgets.js\" charset=\"utf-8\"><\/script><\/p>\n","protected":false},"excerpt":{"rendered":"Alors que ce week-end \u00e9tait l&rsquo;occasion pour la France enti\u00e8re de d\u00e9noncer le narcotrafic \u00e0 travers la mobilisation&hellip;\n","protected":false},"author":2,"featured_media":557637,"comment_status":"","ping_status":"","sticky":false,"template":"","format":"standard","meta":{"footnotes":""},"categories":[9566],"tags":[1111,11,2813,2430,1109,251,1112,2811,1777,674,118,1011,27,21780,2731,14004,1922,1110,1114,108,12,316,25,2812,517,800],"class_list":{"0":"post-557636","1":"post","2":"type-post","3":"status-publish","4":"format-standard","5":"has-post-thumbnail","7":"category-grenoble","8":"tag-actu","9":"tag-actualites","10":"tag-article","11":"tag-auvergne-rhone-alpes","12":"tag-breves","13":"tag-culture","14":"tag-depeches","15":"tag-economique","16":"tag-eu","17":"tag-europe","18":"tag-faits-divers","19":"tag-fr","20":"tag-france","21":"tag-gf38","22":"tag-grenoble","23":"tag-grenoblemag","24":"tag-info","25":"tag-informations","26":"tag-infos","27":"tag-isere","28":"tag-news","29":"tag-politique","30":"tag-republique-francaise","31":"tag-sociale","32":"tag-sport","33":"tag-transports"},"share_on_mastodon":{"url":"https:\/\/pubeurope.com\/@fr\/115610403937532383","error":""},"_links":{"self":[{"href":"https:\/\/www.europesays.com\/fr\/wp-json\/wp\/v2\/posts\/557636","targetHints":{"allow":["GET"]}}],"collection":[{"href":"https:\/\/www.europesays.com\/fr\/wp-json\/wp\/v2\/posts"}],"about":[{"href":"https:\/\/www.europesays.com\/fr\/wp-json\/wp\/v2\/types\/post"}],"author":[{"embeddable":true,"href":"https:\/\/www.europesays.com\/fr\/wp-json\/wp\/v2\/users\/2"}],"replies":[{"embeddable":true,"href":"https:\/\/www.europesays.com\/fr\/wp-json\/wp\/v2\/comments?post=557636"}],"version-history":[{"count":0,"href":"https:\/\/www.europesays.com\/fr\/wp-json\/wp\/v2\/posts\/557636\/revisions"}],"wp:featuredmedia":[{"embeddable":true,"href":"https:\/\/www.europesays.com\/fr\/wp-json\/wp\/v2\/media\/557637"}],"wp:attachment":[{"href":"https:\/\/www.europesays.com\/fr\/wp-json\/wp\/v2\/media?parent=557636"}],"wp:term":[{"taxonomy":"category","embeddable":true,"href":"https:\/\/www.europesays.com\/fr\/wp-json\/wp\/v2\/categories?post=557636"},{"taxonomy":"post_tag","embeddable":true,"href":"https:\/\/www.europesays.com\/fr\/wp-json\/wp\/v2\/tags?post=557636"}],"curies":[{"name":"wp","href":"https:\/\/api.w.org\/{rel}","templated":true}]}}