{"id":557638,"date":"2025-11-25T12:45:25","date_gmt":"2025-11-25T12:45:25","guid":{"rendered":"https:\/\/www.europesays.com\/fr\/557638\/"},"modified":"2025-11-25T12:45:25","modified_gmt":"2025-11-25T12:45:25","slug":"les-fleuristes-pauline-et-charlene-ouvrent-une-boutique-une-premiere-dans-ce-quartier-de-rennes","status":"publish","type":"post","link":"https:\/\/www.europesays.com\/fr\/557638\/","title":{"rendered":"Les fleuristes Pauline et Charl\u00e8ne ouvrent une boutique, une premi\u00e8re dans ce quartier de Rennes"},"content":{"rendered":"<p>                    Par<br \/>\n        <strong><br \/>\n            <a href=\"https:\/\/actu.fr\/auteur\/clemence-pays02-actu-fr\" title=\"Consulter tous les articles de Cl\u00e9mence Pays\" target=\"_blank\" rel=\"noopener\">Cl\u00e9mence Pays<\/a><br \/>\n                    <\/strong><\/p>\n<p>        Publi\u00e9 le<\/p>\n<p>            25 nov. 2025 \u00e0 11h26        <\/p>\n<p>Un <strong>nouveau commerce<\/strong> s\u2019appr\u00eate \u00e0 ouvrir ses portes dans le quartier de <strong>La Courrouze,<\/strong> entre Rennes et Saint-Jacques-de-la-Lande. Cela fait un an que les fleuristes <strong>Pauline et Charl\u00e8ne<\/strong> m\u00fbrissent ce projet. Lundi 24\u00a0novembre, les deux Rennaises attaquent la derni\u00e8re ligne droite\u2009: mise en place des fleurs, rendez-vous chez les fournisseurs et montage des \u00e9tag\u00e8res sont au programme de cette derni\u00e8re semaine avant l\u2019ouverture de<strong> Gaillarde.<\/strong><\/p>\n<p class=\" wall-content\">L\u2019aventure a commenc\u00e9 lorsque Charl\u00e8ne et Pauline, alors salari\u00e9es de la boutique Saint-Germain des fleurs, ont appris que leur patron voulait vendre son fonds de commerce. \u00ab\u2009On s\u2019est lanc\u00e9e dans la cr\u00e9ation de ce projet et <strong>on a regard\u00e9 sur une carte o\u00f9 il n\u2019y avait pas de fleuriste\u2009\u00bb<\/strong>, retrace Charl\u00e8ne. Et le quartier de La Courrouze \u00e9tait vierge de tout commerce se rapportant aux plantes. \u00ab\u2009Presque en m\u00eame temps, on a vu une annonce pour ce local\u2009\u00bb, se souvient Pauline. Un signe.<\/p>\n<p class=\" wall-content\">Apr\u00e8s avoir pr\u00e9sent\u00e9 un dossier au bailleur, leur proposition a \u00e9t\u00e9 valid\u00e9e. Fin juin\u00a02025, les deux coll\u00e8gues ont quitt\u00e9 la boutique de la place Saint-Germain. <strong>Le 1er\u00a0juillet, Gaillarde \u00e9tait officiellement cr\u00e9\u00e9e.<\/strong><\/p>\n<p>Des fleurs fran\u00e7aises<\/p>\n<p class=\" wall-content\">D\u00e9j\u00e0, des couronnes de l\u2019Avent habillent un mur de la boutique tandis que quelques fleurs fra\u00eeches ont \u00e9t\u00e9 dispos\u00e9es sur des meubles en bois. Ce joli d\u00e9cor \u2013 pour l\u2019instant masqu\u00e9 par des b\u00e2ches recouvrant les fen\u00eatres du local \u2013 sera \u00e0 d\u00e9couvrir \u00e0 partir du <strong>mardi 2\u00a0d\u00e9cembre 2025,<\/strong> rue des Munitionnettes, non loin du <a href=\"https:\/\/actu.fr\/bretagne\/rennes_35238\/nouveau-a-rennes-on-a-teste-la-cuisine-maison-du-restaurant-thai-away_60352436.html\" target=\"_blank\" rel=\"noopener\">restaurant Tha\u00ef Away<\/a> et de <a href=\"https:\/\/actu.fr\/bretagne\/rennes_35238\/nouveau-commerce-a-rennes-une-fromagerie-va-ouvrir-a-la-courrouze_60296131.html\" target=\"_blank\" rel=\"noopener\">la fromagerie L\u2019Agence des fromages<\/a>.<\/p>\n<p class=\" wall-content\">\u00ab\u2009On a voulu cr\u00e9er <strong>un lieu \u00e0 notre image<\/strong>\u2009: naturel et brut\u2009\u00bb, explique Pauline. Le local \u00e9tant lou\u00e9 \u00ab\u2009brut de b\u00e9ton\u2009\u00bb, les deux fleuristes ont donc d\u00fb imaginer et prendre \u00e0 leur charge l\u2019am\u00e9nagement int\u00e9rieur, compl\u00e8te Charl\u00e8ne. \u00ab\u2009C\u2019est bien, on a pu faire comme on voulait\u2009\u00bb, sourient-elles.<\/p>\n<p class=\" wall-content\">Et c\u2019est aussi en accord avec leurs valeurs que les commer\u00e7antes font le<strong> choix de la \u00ab\u2009fleur locale et fran\u00e7aise\u2009\u00bb<\/strong> pour alimenter leur magasin. Le naturel est aussi privil\u00e9gi\u00e9, <strong>\u00ab\u2009on n\u2019aura pas de produits stabilis\u00e9s ou teint\u00e9s\u2009\u00bb,<\/strong> comme c\u2019est par exemple souvent le cas pour les fleurs s\u00e9ch\u00e9es, souligne Charl\u00e8ne.<\/p>\n<blockquote class=\"ac-article-quote wall-content\">\n<p>On veut travailler en circuit court.<\/p>\n<p>    <strong>Pauline<\/strong><br \/>\n        Co-g\u00e9rante de Gaillarde    <\/p><\/blockquote>\n<p>Votre r\u00e9gion, votre actu !<\/p>\n<p>Recevez chaque jour les infos qui comptent pour vous.<\/p>\n<p>\t<a href=\"https:\/\/actu.fr\/newsletter\" class=\"ac-btn ac-btn--corner ac-btn--medium ac-btn--blue800\" target=\"_blank\" rel=\"noopener\">S&rsquo;incrire<\/a><\/p>\n<p class=\" wall-content\">\u00ab\u2009Les <strong>plantes d\u2019ext\u00e9rieur et d\u2019int\u00e9rieur<\/strong> seront aussi fran\u00e7aises.\u2009\u00bb Un d\u00e9tail qui a son importance quand on sait qu\u2019une majorit\u00e9 des plantes int\u00e9rieures propos\u00e9es par les fournisseurs sont import\u00e9es. \u00ab\u2009Cet apr\u00e8s-midi, on a rendez-vous dans une p\u00e9pini\u00e8re \u00e0 <a href=\"https:\/\/actu.fr\/bretagne\/vannes_56260\" target=\"_blank\" rel=\"noopener\">Vannes<\/a> pour choisir des plantes\u2009\u00bb, illustre Charl\u00e8ne.<\/p>\n<p>Des ateliers bimensuels<\/p>\n<p class=\" wall-content\">En plus des plantes et fleurs, les g\u00e9rantes de Gaillarde proposeront \u00e0 la vente <strong>cache-pots et vases.<\/strong><\/p>\n<p class=\" wall-content\">\u00ab\u2009On va aussi faire <strong>des ateliers deux fois par mois,<\/strong> avec huit personnes, sur des th\u00e8mes vari\u00e9s, comme la composition d\u2019un bouquet de fleurs fra\u00eeches\u2009\u00bb, annonce Charl\u00e8ne. Les deux premi\u00e8res animations sont d\u00e9j\u00e0 programm\u00e9es les samedis 6 et 13\u00a0d\u00e9cembre, pour r\u00e9aliser sa couronne de No\u00ebl.<\/p>\n<p class=\" wall-content\"><a href=\"https:\/\/www.instagram.com\/p\/DRKH-6iDMF9\/embed\" title=\"Ouvrir le lien sur Instagram\" target=\"_blank\" rel=\"noopener\">Visualiser le contenu sur Instagram<\/a><\/p>\n<p class=\" wall-content\">\u00abOn a aussi envie de <strong>sortir des murs de la boutique<\/strong> et d\u2019aller \u00e0 la rencontre de diff\u00e9rents publics, comme des personnes \u00e2g\u00e9es\u2009\u00bb, compl\u00e8te Pauline.<\/p>\n<p class=\" wall-content\">En plus de tout cela, les commer\u00e7antes proposeront la <strong>livraison<\/strong> de bouquets \u00e0 Rennes et en p\u00e9riph\u00e9rie, mais aussi \u00ab\u2009une <strong>offre pour les professionnels<\/strong> et des <strong>prestations \u00e9v\u00e9nementielles\u2009\u00bb.<\/strong><\/p>\n<p>Deux march\u00e9s par semaine<\/p>\n<p class=\" wall-content\">Pour celles et ceux qui n\u2019auraient pas l\u2019occasion de venir \u00e0 La Courrouze pour d\u00e9couvrir les cr\u00e9ations de Charl\u00e8ne et Pauline, il sera possible de les retrouver au <strong>march\u00e9 du quartier Sainte-Th\u00e9r\u00e8se<\/strong> le mercredi et au <strong>march\u00e9 de <a href=\"https:\/\/actu.fr\/bretagne\/betton_35024\" target=\"_blank\" rel=\"noopener\">Betton<\/a><\/strong> le dimanche.<\/p>\n<blockquote class=\"ac-article-quote wall-content\">\n<p>Apr\u00e8s l&rsquo;ouverture, on avait envie de garder les march\u00e9s. C&rsquo;est une ambiance diff\u00e9rente du magasin.<\/p>\n<p>    <strong>Pauline<\/strong><br \/>\n        Co-g\u00e9rante de Gaillarde    <\/p><\/blockquote>\n<p class=\" wall-content\">Des rendez-vous hebdomadaires auxquels les Rennaises participent d\u00e9j\u00e0 depuis plusieurs mois. Elles ont \u00e9galement pris part au march\u00e9 de La Courrouze pour se faire conna\u00eetre dans le quartier. Les habitants pourront donc d\u00e9sormais les retrouver <strong>du mardi au dimanche,<\/strong> dans leur boutique situ\u00e9e \u00e0 deux pas de la station de m\u00e9tro.<\/p>\n<p>    <img   decoding=\"async\" loading=\"lazy\" src=\"https:\/\/www.europesays.com\/fr\/wp-content\/uploads\/2025\/11\/2-fleuriste-gaillarde-rennes-la-courrouze-pauline-charlene-commerce-960x640.jpg\" alt=\"Pauline a fait des \u00e9tudes de Lettres et a d\u00e9couvert le m\u00e9tier de fleuriste en parall\u00e8le, en vendant des fleurs sur le march\u00e9. Charl\u00e8ne a entrepris un CAP fleuriste apr\u00e8s avoir exerc\u00e9 dix ans en tant qu'\u00e9ducatrice sp\u00e9cialis\u00e9e.\" width=\"960\" height=\"640\"\/><br \/>\n    Pauline a fait des \u00e9tudes de Lettres et a d\u00e9couvert le m\u00e9tier de fleuriste en parall\u00e8le, en vendant des fleurs sur le march\u00e9. Charl\u00e8ne a entrepris un CAP fleuriste apr\u00e8s avoir exerc\u00e9 dix ans en tant qu\u2019\u00e9ducatrice sp\u00e9cialis\u00e9e. (\u00a9Cl\u00e9mence Pays\/actu Rennes)<\/p>\n<p><strong>Infos pratiques\u2009:<\/strong><br \/>Gaillarde fleuriste, 19 rue des Munitionnettes, quartier La Courrouze, Saint-Jacques-de-la-Lande.<br \/>Inauguration samedi 29\u00a0novembre, r\u00e9serv\u00e9e aux proches et partenaires. Ouverture officielle mardi 2\u00a0d\u00e9cembre 2025.<br \/>Horaires\u2009: du mardi au samedi, de 10h30 \u00e0 19h30 et le dimanche de 10h \u00e0 13h.<\/p>\n<p class=\" wall-content\">Personnalisez votre actualit\u00e9 en ajoutant vos villes et m\u00e9dias en favori avec <a href=\"https:\/\/moncompte.actu.fr\" title=\"D\u00e9couvez Mon Actu\" rel=\"nofollow noopener\" data-trk=\"{&quot;cta&quot;:{&quot;action&quot;:&quot;https:\\\/\\\/moncompte.actu.fr&quot;,&quot;category&quot;:&quot;mon compte&quot;,&quot;from&quot;:&quot;article footer&quot;,&quot;name&quot;:&quot;Mon actu&quot;,&quot;type&quot;:&quot;cta&quot;}}\" target=\"_blank\">Mon Actu<\/a>.<\/p>\n<p>                    <script async src=\"\/\/www.instagram.com\/embed.js\"><\/script><\/p>\n","protected":false},"excerpt":{"rendered":"Par Cl\u00e9mence Pays Publi\u00e9 le 25 nov. 2025 \u00e0 11h26 Un nouveau commerce s\u2019appr\u00eate \u00e0 ouvrir ses portes&hellip;\n","protected":false},"author":2,"featured_media":557639,"comment_status":"","ping_status":"","sticky":false,"template":"","format":"standard","meta":{"footnotes":""},"categories":[2821],"tags":[1111,11,829,215,33,1777,674,1011,27,12,3147,584,25],"class_list":{"0":"post-557638","1":"post","2":"type-post","3":"status-publish","4":"format-standard","5":"has-post-thumbnail","7":"category-rennes","8":"tag-actu","9":"tag-actualites","10":"tag-bretagne","11":"tag-commerce","12":"tag-economie","13":"tag-eu","14":"tag-europe","15":"tag-fr","16":"tag-france","17":"tag-news","18":"tag-nouveaux-commerces","19":"tag-rennes","20":"tag-republique-francaise"},"share_on_mastodon":{"url":"https:\/\/pubeurope.com\/@fr\/115610408587872330","error":""},"_links":{"self":[{"href":"https:\/\/www.europesays.com\/fr\/wp-json\/wp\/v2\/posts\/557638","targetHints":{"allow":["GET"]}}],"collection":[{"href":"https:\/\/www.europesays.com\/fr\/wp-json\/wp\/v2\/posts"}],"about":[{"href":"https:\/\/www.europesays.com\/fr\/wp-json\/wp\/v2\/types\/post"}],"author":[{"embeddable":true,"href":"https:\/\/www.europesays.com\/fr\/wp-json\/wp\/v2\/users\/2"}],"replies":[{"embeddable":true,"href":"https:\/\/www.europesays.com\/fr\/wp-json\/wp\/v2\/comments?post=557638"}],"version-history":[{"count":0,"href":"https:\/\/www.europesays.com\/fr\/wp-json\/wp\/v2\/posts\/557638\/revisions"}],"wp:featuredmedia":[{"embeddable":true,"href":"https:\/\/www.europesays.com\/fr\/wp-json\/wp\/v2\/media\/557639"}],"wp:attachment":[{"href":"https:\/\/www.europesays.com\/fr\/wp-json\/wp\/v2\/media?parent=557638"}],"wp:term":[{"taxonomy":"category","embeddable":true,"href":"https:\/\/www.europesays.com\/fr\/wp-json\/wp\/v2\/categories?post=557638"},{"taxonomy":"post_tag","embeddable":true,"href":"https:\/\/www.europesays.com\/fr\/wp-json\/wp\/v2\/tags?post=557638"}],"curies":[{"name":"wp","href":"https:\/\/api.w.org\/{rel}","templated":true}]}}