{"id":557644,"date":"2025-11-25T12:48:16","date_gmt":"2025-11-25T12:48:16","guid":{"rendered":"https:\/\/www.europesays.com\/fr\/557644\/"},"modified":"2025-11-25T12:48:16","modified_gmt":"2025-11-25T12:48:16","slug":"larchitecture-contemporaine-remarquable-fait-halte-en-gare-de-strasbourg","status":"publish","type":"post","link":"https:\/\/www.europesays.com\/fr\/557644\/","title":{"rendered":"L\u2019architecture contemporaine remarquable fait halte en gare de Strasbourg"},"content":{"rendered":"<p>La ville alsacienne est, pour quelques jours encore, l\u2019une des \u00e9tapes de l\u2019exposition de r\u00e9alisation labellis\u00e9es \u00ab\u00a0Architecture contemporaine remarquable\u00a0\u00bb organis\u00e9e par la SNCF et le minist\u00e8re de la Culture.<\/p>\n<p class=\"c-paragraph\"><b>Jusqu\u2019\u00e0 lundi prochain 1<\/b><b>er<\/b><b> d\u00e9cembre<\/b>, la coque de la gare centrale de Strasbourg se pare d\u2019embl\u00e8mes architecturaux des cent derni\u00e8res ann\u00e9es. A l\u2019instar de ses homologues de Lille Europe, Rennes et Avignon TGV, l\u2019infrastructure accueille la <b>premi\u00e8re exposition ainsi organis\u00e9e en milieu ferroviaire sur des \u0153uvres labellis\u00e9es \u00ab Architecture contemporaine remarquable \u00bb (ACR)<\/b>.<\/p>\n<p><img decoding=\"async\" data-chromatic=\"ignore\" alt=\"Image indisponible\" class=\"c-image\" loading=\"lazy\" src=\"https:\/\/www.europesays.com\/fr\/wp-content\/uploads\/2025\/11\/O5UGLNKIH5HCZH5N7DDBIMCK7M.jpg\"  width=\"800\" height=\"502\"\/>Christian Robischon Douze r\u00e9alisations labellis\u00e9es s\u2019affichent pour quelques jours encore en fa\u00e7ade de la gare de Strasbourg (Bas-Rhin). (Christian Robischon) <\/p>\n<p class=\"c-paragraph\">Cette <b>initiative conjointe \u00e0 SNCF Gares &amp; Connexions et au minist\u00e8re de la Culture<\/b> est tir\u00e9e d\u2019un <b>fonds national de 900 photos<\/b> constitu\u00e9 par le minist\u00e8re qui a mandat\u00e9 huit artistes photographes \u00e0 partir de 2020.<\/p>\n<p class=\"c-paragraph\">A Strasbourg, elle concerne <b>18 r\u00e9alisations localis\u00e9es dans le Grand Est (12) et en Bourgogne-Franche-Comt\u00e9 (6)<\/b>. La s\u00e9lection comprend une palette vari\u00e9e de logements et d\u2019\u00e9quipements publics : piscines, mus\u00e9e, b\u00e2timents universitaires, \u00e9coles. Elles font partie des 223 \u0153uvres \u00ab ACR \u00bb qui entrent ainsi dans le nouveau cadre fix\u00e9 depuis 2016 par la loi LCAP, en substitution \u00e0 celui de \u00ab Patrimoine du XXe si\u00e8cle \u00bb.<\/p>\n<p>Un label plus souple<\/p>\n<p class=\"c-paragraph\">La principale modification a consist\u00e9 \u00e0 <b>ne plus figer la labellisation dans le seul XX<\/b><b>e<\/b><b> si\u00e8cle mais \u00e0 la rendre glissante dans le temps<\/b>, en l\u2019ouvrant aux r\u00e9alisations affichant moins de 100 ans d\u2019\u00e2ge. La labellisation a ainsi une dur\u00e9e de vie limit\u00e9e. Mais <b>elle \u00ab stimule la veille<\/b>, de sorte \u00e0 ne pas attendre excessivement pour reconna\u00eetre la valeur d\u2019une \u0153uvre \u00bb, souligne Lorenzo Diez, conseiller architecture \u00e0 la direction r\u00e9gionale des Affaires culturelles (Drac) du Grand Est. Elle procure aussi de la \u00ab souplesse \u00bb, poursuit-il, par rapport \u00e0 une protection qui serait inutilement fig\u00e9e dans certains cas. \u00ab Le cadre ACR d\u00e9livre en substance le message qu\u2019il est possible de transformer, de fa\u00e7on qualitative s\u2019entend \u00bb, souligne Lorenzo Diez. Et ainsi, de prolonger la labellisation.<\/p>\n<p class=\"c-paragraph\">Ainsi, \u00e0 Nancy (Meurthe-et-Moselle), le <b>foyer du Groupe des \u00e9tudiants catholiques (GEC) sign\u00e9 de Jules Criqui et datant de 1930 ne perdra pas son label dans cinq ans<\/b>. Sign\u00e9e par l\u2019agence Fran\u00e7ois-Henrion-Malgras associ\u00e9e \u00e0 l\u2019architecte du patrimoine Pascal Prunet pour le bailleur Batig\u00e8re, sa r\u00e9cente restructuration fait prolonger la labellisation jusqu\u2019en 2123.<\/p>\n<p>Les r\u00e9alisations expos\u00e9es \u00e0 la gare de Strasbourg<\/p>\n<p class=\"editor-paragraph\" dir=\"ltr\">Ecole \u00e9l\u00e9mentaire Blanpain \u00e0 Sedan\u00a0(Ardennes)<\/p>\n<p class=\"editor-paragraph\" dir=\"ltr\">Ensemble de logements Les Peignes \u00e0 Sedan\u00a0(Ardennes)<\/p>\n<p class=\"editor-paragraph\" dir=\"ltr\">Piscine Lucien-Zins \u00e0 Troyes\u00a0(Aube)<\/p>\n<p class=\"editor-paragraph\" dir=\"ltr\">Immeubles de logements les Toits rouges \u00e0 Saint-Dizier\u00a0(Haute-Marne)<\/p>\n<p class=\"editor-paragraph\" dir=\"ltr\">Rotonde SNCF \u00e0 Chalindrey\u00a0(Haute-Marne)<\/p>\n<p class=\"editor-paragraph\" dir=\"ltr\">Tour des coop\u00e9rateurs \u00e0 Nancy\u00a0(Meurthe-et-Moselle)<\/p>\n<p class=\"editor-paragraph\" dir=\"ltr\">Mus\u00e9e du fer \u00e0 Jarville-la-Malgrange\u00a0(Meurthe-et-Moselle)<\/p>\n<p class=\"editor-paragraph\" dir=\"ltr\">Ensemble r\u00e9sidentiel les Balcons de V\u00e9ch\u00e9e \u00e0 Malz\u00e9ville\u00a0(Meurthe-et-Moselle)<\/p>\n<p class=\"editor-paragraph\" dir=\"ltr\">Facult\u00e9 des sciences et technologies \u00e0 Vand\u0153uvre-l\u00e8s-Nancy\u00a0(Meurthe-et-Moselle)<\/p>\n<p class=\"editor-paragraph\" dir=\"ltr\">Groupe scolaire Louis-Houpert \u00e0 Forbach\u00a0(Moselle)<\/p>\n<p class=\"editor-paragraph\" dir=\"ltr\">Ensemble de logements du Wiesberg \u00e0 Forbach\u00a0(Moselle)<\/p>\n<p class=\"editor-paragraph\" dir=\"ltr\">Maison des Droits de l\u2019Homme \u00e0 Strasbourg\u00a0(Bas-Rhin)<\/p>\n","protected":false},"excerpt":{"rendered":"La ville alsacienne est, pour quelques jours encore, l\u2019une des \u00e9tapes de l\u2019exposition de r\u00e9alisation labellis\u00e9es \u00ab\u00a0Architecture contemporaine&hellip;\n","protected":false},"author":2,"featured_media":557645,"comment_status":"","ping_status":"","sticky":false,"template":"","format":"standard","meta":{"footnotes":""},"categories":[2820],"tags":[1111,11,1350,251,1777,674,1011,27,775,12,2551,19469,25,640],"class_list":{"0":"post-557644","1":"post","2":"type-post","3":"status-publish","4":"format-standard","5":"has-post-thumbnail","7":"category-strasbourg","8":"tag-actu","9":"tag-actualites","10":"tag-architecture","11":"tag-culture","12":"tag-eu","13":"tag-europe","14":"tag-fr","15":"tag-france","16":"tag-grand-est","17":"tag-news","18":"tag-patrimoine","19":"tag-realisations","20":"tag-republique-francaise","21":"tag-strasbourg"},"share_on_mastodon":{"url":"https:\/\/pubeurope.com\/@fr\/115610420510089864","error":""},"_links":{"self":[{"href":"https:\/\/www.europesays.com\/fr\/wp-json\/wp\/v2\/posts\/557644","targetHints":{"allow":["GET"]}}],"collection":[{"href":"https:\/\/www.europesays.com\/fr\/wp-json\/wp\/v2\/posts"}],"about":[{"href":"https:\/\/www.europesays.com\/fr\/wp-json\/wp\/v2\/types\/post"}],"author":[{"embeddable":true,"href":"https:\/\/www.europesays.com\/fr\/wp-json\/wp\/v2\/users\/2"}],"replies":[{"embeddable":true,"href":"https:\/\/www.europesays.com\/fr\/wp-json\/wp\/v2\/comments?post=557644"}],"version-history":[{"count":0,"href":"https:\/\/www.europesays.com\/fr\/wp-json\/wp\/v2\/posts\/557644\/revisions"}],"wp:featuredmedia":[{"embeddable":true,"href":"https:\/\/www.europesays.com\/fr\/wp-json\/wp\/v2\/media\/557645"}],"wp:attachment":[{"href":"https:\/\/www.europesays.com\/fr\/wp-json\/wp\/v2\/media?parent=557644"}],"wp:term":[{"taxonomy":"category","embeddable":true,"href":"https:\/\/www.europesays.com\/fr\/wp-json\/wp\/v2\/categories?post=557644"},{"taxonomy":"post_tag","embeddable":true,"href":"https:\/\/www.europesays.com\/fr\/wp-json\/wp\/v2\/tags?post=557644"}],"curies":[{"name":"wp","href":"https:\/\/api.w.org\/{rel}","templated":true}]}}