{"id":557648,"date":"2025-11-25T12:50:15","date_gmt":"2025-11-25T12:50:15","guid":{"rendered":"https:\/\/www.europesays.com\/fr\/557648\/"},"modified":"2025-11-25T12:50:15","modified_gmt":"2025-11-25T12:50:15","slug":"eric-ciotti-indique-que-sa-liste-naura-pas-detiquette-politique-ni-le-logo-du-rn","status":"publish","type":"post","link":"https:\/\/www.europesays.com\/fr\/557648\/","title":{"rendered":"\u00c9ric Ciotti indique que sa liste \u00abn\u2019aura pas d\u2019\u00e9tiquette politique\u00bb, ni le logo du RN"},"content":{"rendered":"<p>\n    Le d\u00e9put\u00e9-candidat UDR, alli\u00e9 du Rassemblement national, a annonc\u00e9 que des personnalit\u00e9s issues du centre et m\u00eame de gauche pourraient \u00eatre sur sa liste aux municipales \u00e0 Nice.<\/p>\n<p class=\"fig-paragraph\">Au-del\u00e0 des appartenances,\u00a0<a href=\"http:\/\/www.lefigaro.fr\/elections\/municipales\/municipales-2026-eric-ciotti-officialise-sa-candidature-a-nice-20250827\" data-fig-type=\"NewsFlash\" data-gtm-custom-categorie=\"navigation\" data-gtm-custom-action=\"crossclick\" data-gtm-custom-label=\"Contextuel\" data-gtm-event=\"customEventSPE\" data-fig-domain=\"LEFIGARO\" target=\"_blank\" rel=\"noopener\">\u00c9ric Ciotti<\/a>\u00a0explique vouloir \u00abrassembler\u00bb pour les municipales \u00e0 Nice (Alpes-Maritimes). Invit\u00e9 mardi de la matinale de BFM C\u00f4te d\u2019Azur, le d\u00e9put\u00e9-candidat UDR, alli\u00e9 du RN, a indiqu\u00e9 que sa liste \u00abn\u2019aura pas d\u2019\u00e9tiquette politique\u00bb. \u00abSur le bulletin de vote, il n\u2019y aura pas de logo de formation politique\u00bb, a-t-il ajout\u00e9. Ni mention du parti \u00e0 la flamme ni celui de son nouveau parti ne devraient donc \u00eatre imprim\u00e9s pour sa candidature \u00e0 la mairie de Nice, qu\u2019il dispute \u00e0\u00a0<a href=\"http:\/\/www.lefigaro.fr\/nice\/municipales-2026-a-nice-christian-estrosi-lance-officiellement-sa-campagne-lors-d-une-grande-reunion-publique-20251122\" data-fig-type=\"NewsFlash\" data-gtm-custom-categorie=\"navigation\" data-gtm-custom-action=\"crossclick\" data-gtm-custom-label=\"Contextuel\" data-gtm-event=\"customEventSPE\" data-fig-domain=\"LEFIGARO\" target=\"_blank\" rel=\"noopener\">son grand rival Christian Estrosi (Horizons)<\/a>.<\/p>\n<p class=\"fig-paragraph\">\u00ab\u00c7a sera une liste qui garantira le meilleur pour les Ni\u00e7ois\u00bb, a martel\u00e9 \u00c9ric Ciotti, en r\u00e9f\u00e9rence \u00e0 son slogan de campagne, \u00able meilleur est \u00e0 venir\u00bb. Il pr\u00f4ne des profils choisis pour \u00ableurs comp\u00e9tences, leurs exp\u00e9riences et pour ce qu\u2019ils peuvent apporter pour Nice\u00bb, a-t-il poursuivi, confirmant quand m\u00eame qu\u2019\u00abil y aura naturellement le soutien du Rassemblement national\u00bb.<\/p>\n<p>                                    <a class=\"fig-a11y-skip a11y-hidden\" href=\"#fig-a11y-skip-main-inarticle\"><br \/>\n        Passer la publicit\u00e9<br \/>\n    <\/a><\/p>\n<p class=\"fig-paragraph\">L\u2019ancien pr\u00e9sident de l\u2019OGC Nice,\u00a0<a href=\"http:\/\/www.lefigaro.fr\/nice\/municipales-2026-l-ancien-president-de-l-ogc-nice-jean-pierre-rivere-rejoint-eric-ciotti-20251006\" data-fig-type=\"NewsFlash\" data-gtm-custom-categorie=\"navigation\" data-gtm-custom-action=\"crossclick\" data-gtm-custom-label=\"Contextuel\" data-gtm-event=\"customEventSPE\" data-fig-domain=\"LEFIGARO\" target=\"_blank\" rel=\"noopener\">Jean-Pierre Riv\u00e8re<\/a>, et l\u2019ex-pr\u00e9f\u00e8te de Meurthe-et-Moselle,\u00a0<a href=\"http:\/\/www.lefigaro.fr\/nice\/municipales-2026-a-nice-une-ex-prefete-et-chargee-de-mission-par-l-elysee-rejoint-eric-ciotti-20251121\" data-fig-type=\"NewsFlash\" data-gtm-custom-categorie=\"navigation\" data-gtm-custom-action=\"crossclick\" data-gtm-custom-label=\"Contextuel\" data-gtm-event=\"customEventSPE\" data-fig-domain=\"LEFIGARO\" target=\"_blank\" rel=\"noopener\">Fran\u00e7oise Souliman<\/a>, ont ainsi rejoint \u00c9ric Ciotti dans sa course \u00e0 l\u2019h\u00f4tel de ville du bord de la baie des Anges.<\/p>\n<p class=\"fig-body-link\">\n            \u00c0 lire aussi<br \/>\n        <a class=\"fig-body-link__link fig-premium-mark\" href=\"http:\/\/www.lefigaro.fr\/nice\/municipales-2026-a-nice-les-campagnes-a-couteaux-tires-de-christian-estrosi-et-d-eric-ciotti-20251121\" data-fig-type=\"NewsFlash\" data-gtm-custom-categorie=\"navigation\" data-gtm-custom-action=\"crossclick\" data-gtm-custom-label=\"Contextuel\" data-gtm-event=\"customEventSPE\" data-fig-domain=\"LEFIGARO\" target=\"_blank\" rel=\"noopener\"><\/p>\n<p>        Municipales 2026\u00a0: \u00e0 Nice, les campagnes \u00e0 couteaux tir\u00e9s de Christian Estrosi et d\u2019\u00c9ric Ciotti<br \/>\n    <\/a>\n<\/p>\n<p>\u00abTous les horizons\u00bb<\/p>\n<p class=\"fig-paragraph\">L\u2019ex-pr\u00e9sident des R\u00e9publicains, qui a fait\u00a0<a href=\"http:\/\/www.lefigaro.fr\/politique\/entre-independance-et-alliance-avec-le-rn-eric-ciotti-fait-sa-rentree-sur-une-ligne-de-crete-20240819\" data-fig-type=\"Article\" data-gtm-custom-categorie=\"navigation\" data-gtm-custom-action=\"crossclick\" data-gtm-custom-label=\"Contextuel\" data-gtm-event=\"customEventSPE\" data-fig-domain=\"LEFIGARO\" target=\"_blank\" rel=\"noopener\">alliance avec le RN en juin 2024<\/a>, assure construire une liste pour les municipales \u00e0 Nice avec \u00abdes hommes et des femmes de tous les horizons\u00bb, c\u2019est-\u00e0-dire \u00abde partis centristes et m\u00eame de gauche\u00bb. \u00abJ\u2019ai recueilli d\u00e9j\u00e0 l\u2019accord de certaines personnalit\u00e9s\u00bb, a affirm\u00e9 le d\u00e9put\u00e9 lors d\u2019un long entretien sur le plateau de la cha\u00eene locale. Selon nos informations, \u00c9ric Ciotti a aussi tent\u00e9 d\u2019approcher des \u00e9lus actuels de la majorit\u00e9 de Christian Estrosi, comme Pierre Fiori, plut\u00f4t d\u2019une sensibilit\u00e9 de gauche.<\/p>\n<p class=\"fig-paragraph\">\u00c9ric Ciotti a bien confirm\u00e9 que\u00a0<a href=\"http:\/\/www.lefigaro.fr\/nice\/gestion-frauduleuse-des-parkings-nicois-un-ex-premier-adjoint-d-estrosi-crie-a-la-machination-et-porte-plainte-contre-un-magistrat-retraite-20250127\" data-fig-type=\"NewsFlash\" data-gtm-custom-categorie=\"navigation\" data-gtm-custom-action=\"crossclick\" data-gtm-custom-label=\"Contextuel\" data-gtm-event=\"customEventSPE\" data-fig-domain=\"LEFIGARO\" target=\"_blank\" rel=\"noopener\">Beno\u00eet Kandel<\/a>, ex-premier adjoint du maire de Nice entre 2008 et 2013 et d\u00e9sormais responsable de\u00a0<a href=\"http:\/\/www.lefigaro.fr\/nice\/cinq-ans-apres-avoir-fait-ses-cartons-le-rn-rouvre-une-permanence-a-nice-20231220\" data-fig-type=\"NewsFlash\" data-gtm-custom-categorie=\"navigation\" data-gtm-custom-action=\"crossclick\" data-gtm-custom-label=\"Contextuel\" data-gtm-event=\"customEventSPE\" data-fig-domain=\"LEFIGARO\" target=\"_blank\" rel=\"noopener\">la f\u00e9d\u00e9ration ni\u00e7oise du RN<\/a>, serait sur sa liste. Le d\u00e9put\u00e9-candidat a avanc\u00e9 qu\u2019il y aurait aussi \u00abdes policiers, des commissaires, des juristes et des magistrats\u00bb pour avoir autour de lui des personnalit\u00e9s qui \u00abconnaissent toute la cha\u00eene de s\u00e9curit\u00e9\u00bb. 69 noms doivent \u00eatre pr\u00e9sent\u00e9s pour concourir au poste de maire de la cinqui\u00e8me ville de France.<\/p>\n<p class=\"fig-paragraph\">Officiellement candidat\u00a0<a href=\"http:\/\/www.lefigaro.fr\/elections\/municipales\/municipales-2026-dans-une-lettre-de-20-pages-ciotti-se-devoile-pour-nice-entre-salves-contre-estrosi-et-propositions-20250827\" data-fig-type=\"NewsFlash\" data-gtm-custom-categorie=\"navigation\" data-gtm-custom-action=\"crossclick\" data-gtm-custom-label=\"Contextuel\" data-gtm-event=\"customEventSPE\" data-fig-domain=\"LEFIGARO\" target=\"_blank\" rel=\"noopener\">depuis le 27 ao\u00fbt<\/a>, \u00c9ric Ciotti a assur\u00e9 que ce n\u2019\u00e9tait \u00abpas une guerre\u00bb contre Christian Estrosi, son ancien mentor devenu son pire ennemi et a d\u00e9nonc\u00e9 \u00abla violence\u00bb de ce d\u00e9but de campagne. \u00abSi je suis candidat, c\u2019est parce qu\u2019il a profond\u00e9ment chang\u00e9\u00bb, a-t-il comment\u00e9.<\/p>\n","protected":false},"excerpt":{"rendered":"Le d\u00e9put\u00e9-candidat UDR, alli\u00e9 du Rassemblement national, a annonc\u00e9 que des personnalit\u00e9s issues du centre et m\u00eame de&hellip;\n","protected":false},"author":2,"featured_media":557649,"comment_status":"","ping_status":"","sticky":false,"template":"","format":"standard","meta":{"footnotes":""},"categories":[2819],"tags":[1111,11,6537,1777,674,1011,27,3554,12,2401,882,1078,25],"class_list":{"0":"post-557648","1":"post","2":"type-post","3":"status-publish","4":"format-standard","5":"has-post-thumbnail","7":"category-nice","8":"tag-actu","9":"tag-actualites","10":"tag-eric-ciotti","11":"tag-eu","12":"tag-europe","13":"tag-fr","14":"tag-france","15":"tag-municipales","16":"tag-news","17":"tag-nice","18":"tag-provence-alpes-cote-dazur","19":"tag-rassemblement-national","20":"tag-republique-francaise"},"share_on_mastodon":{"url":"https:\/\/pubeurope.com\/@fr\/115610427393467916","error":""},"_links":{"self":[{"href":"https:\/\/www.europesays.com\/fr\/wp-json\/wp\/v2\/posts\/557648","targetHints":{"allow":["GET"]}}],"collection":[{"href":"https:\/\/www.europesays.com\/fr\/wp-json\/wp\/v2\/posts"}],"about":[{"href":"https:\/\/www.europesays.com\/fr\/wp-json\/wp\/v2\/types\/post"}],"author":[{"embeddable":true,"href":"https:\/\/www.europesays.com\/fr\/wp-json\/wp\/v2\/users\/2"}],"replies":[{"embeddable":true,"href":"https:\/\/www.europesays.com\/fr\/wp-json\/wp\/v2\/comments?post=557648"}],"version-history":[{"count":0,"href":"https:\/\/www.europesays.com\/fr\/wp-json\/wp\/v2\/posts\/557648\/revisions"}],"wp:featuredmedia":[{"embeddable":true,"href":"https:\/\/www.europesays.com\/fr\/wp-json\/wp\/v2\/media\/557649"}],"wp:attachment":[{"href":"https:\/\/www.europesays.com\/fr\/wp-json\/wp\/v2\/media?parent=557648"}],"wp:term":[{"taxonomy":"category","embeddable":true,"href":"https:\/\/www.europesays.com\/fr\/wp-json\/wp\/v2\/categories?post=557648"},{"taxonomy":"post_tag","embeddable":true,"href":"https:\/\/www.europesays.com\/fr\/wp-json\/wp\/v2\/tags?post=557648"}],"curies":[{"name":"wp","href":"https:\/\/api.w.org\/{rel}","templated":true}]}}