{"id":557650,"date":"2025-11-25T12:51:19","date_gmt":"2025-11-25T12:51:19","guid":{"rendered":"https:\/\/www.europesays.com\/fr\/557650\/"},"modified":"2025-11-25T12:51:19","modified_gmt":"2025-11-25T12:51:19","slug":"recherche-par-la-police-judiciaire-il-est-controle-pres-de-nantes-en-possession-dun-pistolet","status":"publish","type":"post","link":"https:\/\/www.europesays.com\/fr\/557650\/","title":{"rendered":"Recherch\u00e9 par la police judiciaire, il est contr\u00f4l\u00e9 pr\u00e8s de Nantes en possession d\u2019un pistolet"},"content":{"rendered":"<p>Il \u00e9tait inscrit depuis le mois de septembre au fichier des personnes recherch\u00e9es. Cet homme est d\u00e9sormais entre les mains des enqu\u00eateurs de la Division de la criminalit\u00e9 organis\u00e9e et sp\u00e9cialis\u00e9e (DCOS, ex-Police judiciaire). Il se trouvait au milieu d\u2019un groupe de six personnes contr\u00f4l\u00e9es par une patrouille lundi 24\u00a0novembre, dans la soir\u00e9e, rue de la Mayenne \u00e0 Saint-Herblain.<\/p>\n<p>Il a \u00e9t\u00e9 trouv\u00e9 porteur d\u2019un pistolet Glock 9\u00a0mm, une arme qui \u00e9tait charg\u00e9e. Un autre homme avait un couteau en sa possession.<\/p>\n<p>\u00a0<\/p>\n<p>\u00a0<\/p>\n","protected":false},"excerpt":{"rendered":"Il \u00e9tait inscrit depuis le mois de septembre au fichier des personnes recherch\u00e9es. Cet homme est d\u00e9sormais entre&hellip;\n","protected":false},"author":2,"featured_media":557651,"comment_status":"","ping_status":"","sticky":false,"template":"","format":"standard","meta":{"footnotes":""},"categories":[2818],"tags":[1111,11,17070,7325,1777,674,1011,27,8639,766,12,2636,36406,1072,61589,3762,959,25],"class_list":{"0":"post-557650","1":"post","2":"type-post","3":"status-publish","4":"format-standard","5":"has-post-thumbnail","7":"category-nantes","8":"tag-actu","9":"tag-actualites","10":"tag-charge","11":"tag-controle","12":"tag-eu","13":"tag-europe","14":"tag-fr","15":"tag-france","16":"tag-judiciaire","17":"tag-nantes","18":"tag-news","19":"tag-pays-de-la-loire","20":"tag-pistolet","21":"tag-police","22":"tag-possession","23":"tag-pres","24":"tag-recherche","25":"tag-republique-francaise"},"share_on_mastodon":{"url":"https:\/\/pubeurope.com\/@fr\/115610431353901906","error":""},"_links":{"self":[{"href":"https:\/\/www.europesays.com\/fr\/wp-json\/wp\/v2\/posts\/557650","targetHints":{"allow":["GET"]}}],"collection":[{"href":"https:\/\/www.europesays.com\/fr\/wp-json\/wp\/v2\/posts"}],"about":[{"href":"https:\/\/www.europesays.com\/fr\/wp-json\/wp\/v2\/types\/post"}],"author":[{"embeddable":true,"href":"https:\/\/www.europesays.com\/fr\/wp-json\/wp\/v2\/users\/2"}],"replies":[{"embeddable":true,"href":"https:\/\/www.europesays.com\/fr\/wp-json\/wp\/v2\/comments?post=557650"}],"version-history":[{"count":0,"href":"https:\/\/www.europesays.com\/fr\/wp-json\/wp\/v2\/posts\/557650\/revisions"}],"wp:featuredmedia":[{"embeddable":true,"href":"https:\/\/www.europesays.com\/fr\/wp-json\/wp\/v2\/media\/557651"}],"wp:attachment":[{"href":"https:\/\/www.europesays.com\/fr\/wp-json\/wp\/v2\/media?parent=557650"}],"wp:term":[{"taxonomy":"category","embeddable":true,"href":"https:\/\/www.europesays.com\/fr\/wp-json\/wp\/v2\/categories?post=557650"},{"taxonomy":"post_tag","embeddable":true,"href":"https:\/\/www.europesays.com\/fr\/wp-json\/wp\/v2\/tags?post=557650"}],"curies":[{"name":"wp","href":"https:\/\/api.w.org\/{rel}","templated":true}]}}