{"id":557653,"date":"2025-11-25T12:53:11","date_gmt":"2025-11-25T12:53:11","guid":{"rendered":"https:\/\/www.europesays.com\/fr\/557653\/"},"modified":"2025-11-25T12:53:11","modified_gmt":"2025-11-25T12:53:11","slug":"chantal-detcherry-a-presente-ainsi-quun-lion-devorant-a-la-ludo-mediatheque","status":"publish","type":"post","link":"https:\/\/www.europesays.com\/fr\/557653\/","title":{"rendered":"Chantal Detcherry a pr\u00e9sent\u00e9 \u00ab\u00a0Ainsi qu\u2019un lion d\u00e9vorant\u00a0\u00bb \u00e0 la ludo-m\u00e9diath\u00e8que"},"content":{"rendered":"<p>Chantal Detcherry a v\u00e9cu les ann\u00e9es 1970 o\u00f9 la lib\u00e9ration des m\u0153urs s\u2019est parfois accompagn\u00e9e de certains abus. \u00ab\u00a0Des hommes profitaient de cette libert\u00e9 pour se cr\u00e9er un harem\u00a0\u00bb, affirme-t-elle. Avec cet ouvrage, elle a tent\u00e9 de montrer que l\u2019emprise amoureuse, voire la manipulation, sont des choses complexes. Le narrateur du roman, un ami d\u2019Iris, t\u00e9moignera d\u2019empathie, mais aussi d\u2019ironie tellement il appara\u00eet que les choses sont absurdes. \u00ab\u00a0Elle est sans cesse humili\u00e9e dans ce qu\u2019elle a de meilleur\u00a0\u00bb, dit l\u2019auteure.<\/p>\n","protected":false},"excerpt":{"rendered":"Chantal Detcherry a v\u00e9cu les ann\u00e9es 1970 o\u00f9 la lib\u00e9ration des m\u0153urs s\u2019est parfois accompagn\u00e9e de certains abus.&hellip;\n","protected":false},"author":2,"featured_media":557654,"comment_status":"","ping_status":"","sticky":false,"template":"","format":"standard","meta":{"footnotes":""},"categories":[2817],"tags":[1111,11,1997,1777,674,1011,27,12,2219,25],"class_list":{"0":"post-557653","1":"post","2":"type-post","3":"status-publish","4":"format-standard","5":"has-post-thumbnail","7":"category-bordeaux","8":"tag-actu","9":"tag-actualites","10":"tag-bordeaux","11":"tag-eu","12":"tag-europe","13":"tag-fr","14":"tag-france","15":"tag-news","16":"tag-nouvelle-aquitaine","17":"tag-republique-francaise"},"share_on_mastodon":{"url":"https:\/\/pubeurope.com\/@fr\/115610439258808486","error":""},"_links":{"self":[{"href":"https:\/\/www.europesays.com\/fr\/wp-json\/wp\/v2\/posts\/557653","targetHints":{"allow":["GET"]}}],"collection":[{"href":"https:\/\/www.europesays.com\/fr\/wp-json\/wp\/v2\/posts"}],"about":[{"href":"https:\/\/www.europesays.com\/fr\/wp-json\/wp\/v2\/types\/post"}],"author":[{"embeddable":true,"href":"https:\/\/www.europesays.com\/fr\/wp-json\/wp\/v2\/users\/2"}],"replies":[{"embeddable":true,"href":"https:\/\/www.europesays.com\/fr\/wp-json\/wp\/v2\/comments?post=557653"}],"version-history":[{"count":0,"href":"https:\/\/www.europesays.com\/fr\/wp-json\/wp\/v2\/posts\/557653\/revisions"}],"wp:featuredmedia":[{"embeddable":true,"href":"https:\/\/www.europesays.com\/fr\/wp-json\/wp\/v2\/media\/557654"}],"wp:attachment":[{"href":"https:\/\/www.europesays.com\/fr\/wp-json\/wp\/v2\/media?parent=557653"}],"wp:term":[{"taxonomy":"category","embeddable":true,"href":"https:\/\/www.europesays.com\/fr\/wp-json\/wp\/v2\/categories?post=557653"},{"taxonomy":"post_tag","embeddable":true,"href":"https:\/\/www.europesays.com\/fr\/wp-json\/wp\/v2\/tags?post=557653"}],"curies":[{"name":"wp","href":"https:\/\/api.w.org\/{rel}","templated":true}]}}