{"id":557661,"date":"2025-11-25T12:57:15","date_gmt":"2025-11-25T12:57:15","guid":{"rendered":"https:\/\/www.europesays.com\/fr\/557661\/"},"modified":"2025-11-25T12:57:15","modified_gmt":"2025-11-25T12:57:15","slug":"3000-paires-de-chaussures-de-marques-pour-les-enfants-vendues-jusqua-70","status":"publish","type":"post","link":"https:\/\/www.europesays.com\/fr\/557661\/","title":{"rendered":"3000 paires de chaussures de marques pour les enfants vendues jusqu&rsquo;\u00e0 -70%"},"content":{"rendered":"<p>                    Par<br \/>\n        <strong><br \/>\n            <a href=\"https:\/\/actu.fr\/auteur\/hervine-mahaud\" title=\"Consulter tous les articles de Hervine Mahaud\" target=\"_blank\" rel=\"noopener\">Hervine Mahaud<\/a><br \/>\n                    <\/strong><\/p>\n<p>        Publi\u00e9 le<\/p>\n<p>            25 nov. 2025 \u00e0 12h52        <\/p>\n<p>C\u2019est LE <a href=\"https:\/\/actu.fr\/tag\/bon-plan-a-lille\" target=\"_blank\" rel=\"noopener\">bon plan<\/a>, pour chausser les petits bouts pour toute la saison, sans y laisser des plumes. Du 25 au 29 novembre 2025, une <b>grande vente de chaussures<\/b> est organis\u00e9e pr\u00e8s de <a href=\"https:\/\/actu.fr\/lille\/\" target=\"_blank\" rel=\"noopener\">Lille<\/a>. <b>Plus de 3000 paires d\u2019hiver<\/b> seront propos\u00e9es \u00e0 <b>prix cass\u00e9s<\/b> : <b>jusqu\u2019\u00e0 -70%<\/b> !<\/p>\n<p>Plus de 3000 paires de chaussures enfants vendues jusqu\u2019\u00e0 -70% pr\u00e8s de Lille<\/p>\n<p class=\" wall-content\">Pour profiter de cette aubaine, il faudra se rendre \u00e0 <a href=\"https:\/\/actu.fr\/hauts-de-france\/wasquehal_59646\" target=\"_blank\" rel=\"noopener\">Wasquehal<\/a>. C\u2019est l\u00e0 que <b>L\u2019\u00c9ph\u00e9m\u00e8re<\/b>, le <b>sp\u00e9cialiste du d\u00e9stockage dans la m\u00e9tropole lilloise<\/b>, organisera cette nouvelle vente.<\/p>\n<p class=\" wall-content\">\u00ab\u00a0L\u2019hiver arrive\u2026 c\u2019est le moment parfait pour \u00e9quiper les enfants avec des <b>chaussures chaudes, confortables et adapt\u00e9es au froid<\/b>\u00ab\u00a0, annonce l\u2019entreprise, qui existe depuis plus de 40 ans.<\/p>\n<p class=\" wall-content\">Sur place, vous retrouverez plus de 3000 paires \u00e0 \u00ab\u00a0prix exceptionnels\u00a0\u00bb, jusqu\u2019\u00e0 -70%. <b>Boots, bottes, apr\u00e8s-ski, chaussures fourr\u00e9es<\/b>\u2026 toutes les <b>pointures du 19 au 45<\/b> sont disponibles pour <b>b\u00e9b\u00e9s, enfants et ados<\/b>. De nombreuses marques seront propos\u00e9es, telles que <b>Kickers, Kipling, Puma, Adidas, New Balance<\/b> et bien d\u2019autres encore.\u00a0<\/p>\n<p>    <a href=\"https:\/\/www.facebook.com\/plugins\/post.php?href=https%3A%2F%2Fwww.facebook.com%2Flephemere.wasquehal%2Fposts%2Fpfbid0HdES2xk82KVcqJQEoNF3FFGbeY3BQVbRJHLNtpVhBEh3EMC9xF5v6vEWvF9JmBErl&amp;show_text=true&amp;width=350\" title=\"Ouvrie le lien\" target=\"_blank\" rel=\"noopener\">Cliquez ici pour visualiser le contenu<\/a><\/p>\n<p class=\" wall-content\">En plus de cette vente, le lieu a install\u00e9 un espace d\u00e9di\u00e9 aux d\u00e9corations de No\u00ebl pour pr\u00e9parer votre int\u00e9rieur aux f\u00eates de fin d\u2019ann\u00e9e.<\/p>\n<p>Informations pratiques : du 25 au 29 novembre, de 10h \u00e0 19h, samedi de 10h \u00e0 16h. \u00c0 L\u2019\u00c9ph\u00e9m\u00e8re, 410 rue Albert Bailly, Wasquehal.<\/p>\n<p class=\" wall-content\">Personnalisez votre actualit\u00e9 en ajoutant vos villes et m\u00e9dias en favori avec <a href=\"https:\/\/moncompte.actu.fr\" title=\"D\u00e9couvez Mon Actu\" rel=\"nofollow noopener\" data-trk=\"{&quot;cta&quot;:{&quot;action&quot;:&quot;https:\\\/\\\/moncompte.actu.fr&quot;,&quot;category&quot;:&quot;mon compte&quot;,&quot;from&quot;:&quot;article footer&quot;,&quot;name&quot;:&quot;Mon actu&quot;,&quot;type&quot;:&quot;cta&quot;}}\" target=\"_blank\">Mon Actu<\/a>.<\/p>\n","protected":false},"excerpt":{"rendered":"Par Hervine Mahaud Publi\u00e9 le 25 nov. 2025 \u00e0 12h52 C\u2019est LE bon plan, pour chausser les petits&hellip;\n","protected":false},"author":2,"featured_media":557662,"comment_status":"","ping_status":"","sticky":false,"template":"","format":"standard","meta":{"footnotes":""},"categories":[2815],"tags":[1111,11,6557,33,1719,1777,674,1011,27,811,1307,12,25],"class_list":{"0":"post-557661","1":"post","2":"type-post","3":"status-publish","4":"format-standard","5":"has-post-thumbnail","7":"category-lille","8":"tag-actu","9":"tag-actualites","10":"tag-bon-plan-a-lille","11":"tag-economie","12":"tag-enfants","13":"tag-eu","14":"tag-europe","15":"tag-fr","16":"tag-france","17":"tag-hauts-de-france","18":"tag-lille","19":"tag-news","20":"tag-republique-francaise"},"share_on_mastodon":{"url":"https:\/\/pubeurope.com\/@fr\/115610454962704184","error":""},"_links":{"self":[{"href":"https:\/\/www.europesays.com\/fr\/wp-json\/wp\/v2\/posts\/557661","targetHints":{"allow":["GET"]}}],"collection":[{"href":"https:\/\/www.europesays.com\/fr\/wp-json\/wp\/v2\/posts"}],"about":[{"href":"https:\/\/www.europesays.com\/fr\/wp-json\/wp\/v2\/types\/post"}],"author":[{"embeddable":true,"href":"https:\/\/www.europesays.com\/fr\/wp-json\/wp\/v2\/users\/2"}],"replies":[{"embeddable":true,"href":"https:\/\/www.europesays.com\/fr\/wp-json\/wp\/v2\/comments?post=557661"}],"version-history":[{"count":0,"href":"https:\/\/www.europesays.com\/fr\/wp-json\/wp\/v2\/posts\/557661\/revisions"}],"wp:featuredmedia":[{"embeddable":true,"href":"https:\/\/www.europesays.com\/fr\/wp-json\/wp\/v2\/media\/557662"}],"wp:attachment":[{"href":"https:\/\/www.europesays.com\/fr\/wp-json\/wp\/v2\/media?parent=557661"}],"wp:term":[{"taxonomy":"category","embeddable":true,"href":"https:\/\/www.europesays.com\/fr\/wp-json\/wp\/v2\/categories?post=557661"},{"taxonomy":"post_tag","embeddable":true,"href":"https:\/\/www.europesays.com\/fr\/wp-json\/wp\/v2\/tags?post=557661"}],"curies":[{"name":"wp","href":"https:\/\/api.w.org\/{rel}","templated":true}]}}